{"id":516901,"date":"2025-11-06T22:37:22","date_gmt":"2025-11-06T22:37:22","guid":{"rendered":"https:\/\/www.europesays.com\/fr\/516901\/"},"modified":"2025-11-06T22:37:22","modified_gmt":"2025-11-06T22:37:22","slug":"saint-etienne-solaure-le-reamenagement-du-square-perrichon-lance","status":"publish","type":"post","link":"https:\/\/www.europesays.com\/fr\/516901\/","title":{"rendered":"Saint-\u00c9tienne\/solaure. Le r\u00e9am\u00e9nagement du square Perrichon lanc\u00e9"},"content":{"rendered":"<p>Dans le cadre des travaux de proximit\u00e9 et \u00e0 la suite d\u2019une concertation en conseil de quartier avec les habitants du secteur, la ville de Saint-\u00c9tienne va proc\u00e9der au r\u00e9am\u00e9nagement du square Perrichon en espace naturel avec un lieu d\u00e9di\u00e9 aux chiens.<\/p>\n<p>Le square Perrichon est situ\u00e9 \u00e0 Solaure \u00e0 proximit\u00e9 de la RN88.<\/p>\n<p>L\u2019espace canin sera d\u00e9plac\u00e9 est cl\u00f4tur\u00e9. Le cheminement pi\u00e9ton sera \u00e9galement repris pour garantir un acc\u00e8s s\u00e9curis\u00e9 et l\u2019ensemble du mobilier urbain sera remplac\u00e9. Le chantier devrait se terminer le 21\u00a0novembre prochain.<\/p>\n","protected":false},"excerpt":{"rendered":"Dans le cadre des travaux de proximit\u00e9 et \u00e0 la suite d\u2019une concertation en conseil de quartier avec&hellip;\n","protected":false},"author":2,"featured_media":516902,"comment_status":"","ping_status":"","sticky":false,"template":"","format":"standard","meta":{"footnotes":""},"categories":[9653],"tags":[1111,11,2430,7539,436,1777,674,1011,27,12,25,4001,7538],"class_list":{"0":"post-516901","1":"post","2":"type-post","3":"status-publish","4":"format-standard","5":"has-post-thumbnail","7":"category-saint-etienne","8":"tag-actu","9":"tag-actualites","10":"tag-auvergne-rhone-alpes","11":"tag-edition-loire-sud","12":"tag-environnement","13":"tag-eu","14":"tag-europe","15":"tag-fr","16":"tag-france","17":"tag-news","18":"tag-republique-francaise","19":"tag-saint-etienne","20":"tag-saint-etienne-ville"},"share_on_mastodon":{"url":"https:\/\/pubeurope.com\/@fr\/115505151643937004","error":""},"_links":{"self":[{"href":"https:\/\/www.europesays.com\/fr\/wp-json\/wp\/v2\/posts\/516901","targetHints":{"allow":["GET"]}}],"collection":[{"href":"https:\/\/www.europesays.com\/fr\/wp-json\/wp\/v2\/posts"}],"about":[{"href":"https:\/\/www.europesays.com\/fr\/wp-json\/wp\/v2\/types\/post"}],"author":[{"embeddable":true,"href":"https:\/\/www.europesays.com\/fr\/wp-json\/wp\/v2\/users\/2"}],"replies":[{"embeddable":true,"href":"https:\/\/www.europesays.com\/fr\/wp-json\/wp\/v2\/comments?post=516901"}],"version-history":[{"count":0,"href":"https:\/\/www.europesays.com\/fr\/wp-json\/wp\/v2\/posts\/516901\/revisions"}],"wp:featuredmedia":[{"embeddable":true,"href":"https:\/\/www.europesays.com\/fr\/wp-json\/wp\/v2\/media\/516902"}],"wp:attachment":[{"href":"https:\/\/www.europesays.com\/fr\/wp-json\/wp\/v2\/media?parent=516901"}],"wp:term":[{"taxonomy":"category","embeddable":true,"href":"https:\/\/www.europesays.com\/fr\/wp-json\/wp\/v2\/categories?post=516901"},{"taxonomy":"post_tag","embeddable":true,"href":"https:\/\/www.europesays.com\/fr\/wp-json\/wp\/v2\/tags?post=516901"}],"curies":[{"name":"wp","href":"https:\/\/api.w.org\/{rel}","templated":true}]}}