{"id":516903,"date":"2025-11-06T22:38:13","date_gmt":"2025-11-06T22:38:13","guid":{"rendered":"https:\/\/www.europesays.com\/fr\/516903\/"},"modified":"2025-11-06T22:38:13","modified_gmt":"2025-11-06T22:38:13","slug":"saint-etienne-montchovet-impasse-de-la-palle-les-travaux-de-la-voirie-ont-commence","status":"publish","type":"post","link":"https:\/\/www.europesays.com\/fr\/516903\/","title":{"rendered":"Saint-\u00c9tienne\/Montchovet. Impasse de la Palle, les travaux de la voirie ont commenc\u00e9"},"content":{"rendered":"<p>Des travaux d\u2019am\u00e9nagement de la voirie ont d\u00e9but\u00e9, impasse de la Palle dans le quartier de Montchovet. Ils consistent \u00e0 la mise en double sens de la circulation de la voie, de l\u2019am\u00e9nagement du cheminement des pi\u00e9tons et de la s\u00e9curit\u00e9 aux abords des \u00e9coles.<\/p>\n<p>  Se garer ailleurs<\/p>\n<p>En cons\u00e9quence, le stationnement et la circulation seront interdits pendant toute la dur\u00e9e du chantier, jusqu\u2019au mois de d\u00e9cembre\u00a02025. Les riverains devront garer leurs v\u00e9hicules en dehors du p\u00e9rim\u00e8tre du chantier.<\/p>\n","protected":false},"excerpt":{"rendered":"Des travaux d\u2019am\u00e9nagement de la voirie ont d\u00e9but\u00e9, impasse de la Palle dans le quartier de Montchovet. Ils&hellip;\n","protected":false},"author":2,"featured_media":516904,"comment_status":"","ping_status":"","sticky":false,"template":"","format":"standard","meta":{"footnotes":""},"categories":[9653],"tags":[1111,11,2430,4749,33,7539,1777,674,1011,27,12,25,4001,7538],"class_list":{"0":"post-516903","1":"post","2":"type-post","3":"status-publish","4":"format-standard","5":"has-post-thumbnail","7":"category-saint-etienne","8":"tag-actu","9":"tag-actualites","10":"tag-auvergne-rhone-alpes","11":"tag-btp-et-chantiers","12":"tag-economie","13":"tag-edition-loire-sud","14":"tag-eu","15":"tag-europe","16":"tag-fr","17":"tag-france","18":"tag-news","19":"tag-republique-francaise","20":"tag-saint-etienne","21":"tag-saint-etienne-ville"},"share_on_mastodon":{"url":"https:\/\/pubeurope.com\/@fr\/115505155527332249","error":""},"_links":{"self":[{"href":"https:\/\/www.europesays.com\/fr\/wp-json\/wp\/v2\/posts\/516903","targetHints":{"allow":["GET"]}}],"collection":[{"href":"https:\/\/www.europesays.com\/fr\/wp-json\/wp\/v2\/posts"}],"about":[{"href":"https:\/\/www.europesays.com\/fr\/wp-json\/wp\/v2\/types\/post"}],"author":[{"embeddable":true,"href":"https:\/\/www.europesays.com\/fr\/wp-json\/wp\/v2\/users\/2"}],"replies":[{"embeddable":true,"href":"https:\/\/www.europesays.com\/fr\/wp-json\/wp\/v2\/comments?post=516903"}],"version-history":[{"count":0,"href":"https:\/\/www.europesays.com\/fr\/wp-json\/wp\/v2\/posts\/516903\/revisions"}],"wp:featuredmedia":[{"embeddable":true,"href":"https:\/\/www.europesays.com\/fr\/wp-json\/wp\/v2\/media\/516904"}],"wp:attachment":[{"href":"https:\/\/www.europesays.com\/fr\/wp-json\/wp\/v2\/media?parent=516903"}],"wp:term":[{"taxonomy":"category","embeddable":true,"href":"https:\/\/www.europesays.com\/fr\/wp-json\/wp\/v2\/categories?post=516903"},{"taxonomy":"post_tag","embeddable":true,"href":"https:\/\/www.europesays.com\/fr\/wp-json\/wp\/v2\/tags?post=516903"}],"curies":[{"name":"wp","href":"https:\/\/api.w.org\/{rel}","templated":true}]}}