{"id":516907,"date":"2025-11-06T22:40:24","date_gmt":"2025-11-06T22:40:24","guid":{"rendered":"https:\/\/www.europesays.com\/fr\/516907\/"},"modified":"2025-11-06T22:40:24","modified_gmt":"2025-11-06T22:40:24","slug":"comment-le-blablarun-club-fait-courir-500-nanceiens-chaque-mardi","status":"publish","type":"post","link":"https:\/\/www.europesays.com\/fr\/516907\/","title":{"rendered":"comment le BlaBlaRun Club fait courir 500 Nanc\u00e9iens chaque mardi"},"content":{"rendered":"<p>On les voit d\u00e8s 18\u00a0h\u00a015, venir de tous les coins. Rue Saint-Dizier, la P\u00e9pini\u00e8re, jusqu\u2019\u00e0 la place Carnot. Par grappes de deux ou trois, parfois en solitaire. En baskets, tee-shirt, et lumi\u00e8re blanche sur le front. Tous, au petit trot, convergent vers la <a href=\"https:\/\/www.estrepublicain.fr\/p\/place-stanislas\" target=\"_blank\" rel=\"noopener\">place Stanislas<\/a>.<\/p>\n<p>Pour arriver \u00e0 l\u2019heure\u00a0: \u00e0 18\u00a0h\u00a030, c\u2019est le d\u00e9but du briefing. Un jeune de 22 ans grimpe sur les lices devant l\u2019Op\u00e9ra, m\u00e9gaphone en main, casquette \u00e0 l\u2019envers. Valentin Bourrel est \u00e9tudiant en derni\u00e8re ann\u00e9e de kin\u00e9 et triathl\u00e8te amateur.<\/p>\n<p>  Trois groupes d\u2019allure<\/p>\n<p>Il demande \u00e0 la foule de s\u2019approcher\u00a0: 500 personnes sont l\u00e0, devant lui. \u00ab\u00a0On va faire trois groupes d\u2019allure\u00a0: un premier \u00e0 5 minutes 30 secondes (5\u201930\/km, soit 11\u00a0km\/h, NDLR) un autre \u00e0 6\u201915\/km et un dernier \u00e0 7\u201900\/km\u00a0\u00bb, annonce-t-il.<\/p>\n<p>Il conna\u00eet la musique, maintenant\u00a0: c\u2019est la 15e \u00a0\u00e9dition de BlaBlaRun Club Nancy, une session de <a href=\"https:\/\/www.estrepublicain.fr\/sport\/running\" target=\"_blank\" rel=\"noopener\">course \u00e0 pied<\/a> collective, ouverte \u00e0 tous, chaque mardi soir \u00e0 18\u00a0h\u00a030, au d\u00e9part de la <a href=\"https:\/\/www.estrepublicain.fr\/culture-loisirs\/2025\/10\/20\/le-point-sur-les-paves-de-la-place-stanislas-sous-haute-surveillance\" target=\"_blank\" rel=\"noopener\">place Stanislas.<\/a><\/p>\n<p>Comme d\u2019habitude, Valentin donne le top d\u00e9part, vers 18\u00a0h\u00a040. Le premier groupe file vers la P\u00e9pini\u00e8re, suivi du deuxi\u00e8me deux minutes plus tard, puis du dernier. \u00ab\u00a0Il faut espacer les d\u00e9parts, parce qu\u2019\u00e0 500, \u00e7a deviendrait vite le bordel\u00a0\u00bb, plaisante un type en chasuble jaune. Dans la foule, une majorit\u00e9 de jeunes venus chercher un peu de motivation et de convivialit\u00e9. \u00ab\u00a0On est l\u00e0 pour l\u2019ambiance, \u00e7a permet de d\u00e9compresser apr\u00e8s les cours. Et c\u2019est mieux d\u2019\u00eatre en groupe que de courir seules\u00a0\u00bb, expliquent Alicia et Cl\u00e9mence, 21 ans, \u00e9tudiantes.<\/p>\n<p>Ce club, elles l\u2019ont d\u00e9couvert sur les r\u00e9seaux sociaux, il y a quelques semaines. Un message sur Instagram\u00a0: voil\u00e0 comment tout a commenc\u00e9. \u00ab\u00a0Faisant du triathlon, je me suis dit que \u00e7a pourrait \u00eatre cool de faire un groupe de running sur Nancy, histoire de casser la routine. J\u2019ai propos\u00e9 aux gens de venir, et \u00e7a a pris\u00a0\u00bb, rembobine Valentin Bourrel, l\u2019organisateur.<\/p>\n<p>   Rencontrer des gens <\/p>\n<p>Succ\u00e8s imm\u00e9diat\u00a0: quarante-cinq personnes \u00e0 la premi\u00e8re session, d\u00e9but juin. \u00ab\u00a0Trois semaines plus tard, on \u00e9tait d\u00e9j\u00e0 150. Puis 300. C\u2019est un truc de fou\u00a0\u00bb, s\u2019enthousiasme-t-il.<\/p>\n<p>Aujourd\u2019hui, le BlablaRun Club r\u00e9unit entre 400 et 500 coureurs chaque mardi soir. La <a href=\"https:\/\/www.instagram.com\/blablarunclub\/\" target=\"_blank\" rel=\"noopener\">page Instagram<\/a> compte plus de 5\u00a0500 abonn\u00e9s. \u00ab\u00a0Il y a un c\u00f4t\u00e9 rassurant de courir en groupe et \u00e7a permet aussi de rencontrer des gens\u00a0\u00bb, analyse Valentin Bourrel.<\/p>\n<p>La bonne ambiance s\u00e9duit, notamment les primo coureurs qui n\u2019oseraient pas se lancer seuls. \u00ab\u00a0Sans \u00e7a, je n\u2019aurais jamais \u00e9t\u00e9 courir\u00a0\u00bb, admet Vanille, 20 ans, banane autour du cou, et point de c\u00f4t\u00e9 en arrivant sous l\u2019arc H\u00e9r\u00e9. \u00c0 c\u00f4t\u00e9, Gabriel Quaino et Juliette Yserd, 24 et 21 ans, confirment\u00a0: \u00ab\u00a0Franchement, \u00e7a impose une rigueur, \u00e7a force \u00e0 venir.\u00a0\u00bb<\/p>\n<p>On pourrait croire \u00e0 un \u00e9v\u00e9nement spontan\u00e9, organis\u00e9 \u00e0 l\u2019arrache. Pas du tout. Des b\u00e9n\u00e9voles encadrent chaque session. Ils sont une vingtaine, bien reconnaissables, en chasuble jaune\u00a0: ils g\u00e8rent les travers\u00e9es de route, m\u00e8nent les groupes d\u2019allure et veillent \u00e0 la s\u00e9curit\u00e9.<\/p>\n<p>  Les marques s\u2019int\u00e9ressent<\/p>\n<p>Pas le choix\u00a0: toute manifestation d\u00e9passant les 100 participants doit \u00eatre d\u00e9clar\u00e9e. Le parcours est d\u2019ailleurs pens\u00e9 pour \u00e9viter les conflits avec la circulation\u00a0: d\u00e9part place Stanislas, passage par la <a href=\"https:\/\/www.estrepublicain.fr\/culture-loisirs\/2025\/07\/20\/balade-dans-les-parcs-de-nancy-la-pepiniere\" target=\"_blank\" rel=\"noopener\">P\u00e9pini\u00e8re,<\/a> aller-retour le long du canal, puis retour par l\u2019arc H\u00e9r\u00e9.<\/p>\n<p>Cinq \u00e0 six kilom\u00e8tres, 100\u00a0% sur voies pi\u00e9tonnes. \u00ab\u00a0C\u2019est devenu un vrai ph\u00e9nom\u00e8ne. Avec autant de monde, on doit faire attention\u00a0\u00bb, confirme un b\u00e9n\u00e9vole.<\/p>\n<p>Ce succ\u00e8s n\u2019a pas \u00e9chapp\u00e9 aux marques. Notamment de nutrition sportive, comme Naak, la c\u00e9l\u00e8bre enseigne canadienne. Un de ses commerciaux \u00e9tait l\u00e0, ce mardi 4\u00a0novembre, pour une op\u00e9ration sp\u00e9ciale\u00a0: une distribution gratuite d\u2019une centaine de gels glucidiques nouvelle g\u00e9n\u00e9ration. \u00ab\u00a0On vient pr\u00e9senter le produit, faire du testing\u00a0\u00bb explique Pierre-Antoine Cheverny, son repr\u00e9sentant, un type sinc\u00e8re et sympathique.<\/p>\n<p>Dans le monde du running, il y a plusieurs de mani\u00e8re de courir. Sur route, en for\u00eat, dans la montagne\u2026 et parfois derri\u00e8re les clients.<\/p>\n<p>        &#13;<br \/>\n          <a href=\"https:\/\/cdn-s-www.estrepublicain.fr\/images\/64f6f527-50a1-465f-b73f-d25ce2abba79\/NW_raw\/sur-nancy-il-existe-plusieurs-autres-groupes-de-jogging-collectif-que-le-blablarun-club-photo-fred-marvaux-1762365157.jpg\" title=\"Sur Nancy, il existe plusieurs autres groupes de jogging collectif que le BlaBlaRun Club.  Photo\u00a0Fred Marvaux\" class=\"chocolat-image GA-tracking\" data-ga_type=\"click\" data-ga_category=\"D\u00e9tail\" data-ga_action=\"zoomer\" data-ga_label=\"agrandir image\" target=\"_blank\" rel=\"noopener\">&#13;<br \/>\n            <img loading=\"lazy\" decoding=\"async\" src=\"https:\/\/www.europesays.com\/fr\/wp-content\/uploads\/2025\/11\/sur-nancy-il-existe-plusieurs-autres-groupes-de-jogging-collectif-que-le-blablarun-club-photo-fred-m.jpeg\" alt=\"Sur Nancy, il existe plusieurs autres groupes de jogging collectif que le BlaBlaRun Club.  Photo\u00a0Fred Marvaux\"\/>&#13;<br \/>\n          <\/a>&#13;<br \/>\n          &#13;<\/p>\n<p class=\"insetTitle\">Nancy Trail Pulsation, RunHer\u00a0: d\u2019autres groupes de course \u00e0 pied<\/p>\n<p>En quelques mois, il est devenu le plus important de Nancy. Mais le BlaBlaRun Club n\u2019est pas le seul \u00e0 organiser des joggings collectifs.\u00a0D\u2019autres groupes de course \u00e0 pied existent. L\u2019un des plus anciens\u00a0? Peut-\u00eatre le Nancy Trail Pulsation, cr\u00e9\u00e9 en 2007 par un instituteur, Josef Potoski.<\/p>\n<p>Chaque mercredi, une quinzaine de coureurs se donnent rendez-vous en haut du plateau de Malz\u00e9ville pour une s\u00e9ance de trail d\u2019une heure et demie.<\/p>\n<p>Autre groupe bien connu des locaux, le Running Groupe Nancy, avec pr\u00e8s de 4\u00a0000 membres sur Facebook (ferm\u00e9). Son objectif\u00a0: \u00ab\u00a0Prendre du plaisir \u00e0 courir, d\u00e9couvrir de nouveaux parcours, rencontrer des gens\u00a0\u00bb, lit-on sur sa page.<\/p>\n<p>Citons aussi l\u2019un des petits derniers\u00a0: RunHer, exclusivement r\u00e9serv\u00e9 aux femmes. <a href=\"https:\/\/www.estrepublicain.fr\/culture-loisirs\/2025\/10\/28\/runher-entre-running-en-securite-et-lieu-de-rencontre\" target=\"_blank\" rel=\"noopener\">Lanc\u00e9 fin septembre par deux \u00e9tudiantes,<\/a> ce groupe se r\u00e9unit chaque mercredi soir. \u00ab\u00a0Toutes ensemble, on se sent plus \u00e0 l\u2019aise pour pratiquer notre activit\u00e9 sportive\u00a0\u00bb, expliquent Clarisse Cuny et\u00a0Charlotte Vonthron.<\/p>\n<p><script async src=\"\/\/www.instagram.com\/embed.js\"><\/script><\/p>\n","protected":false},"excerpt":{"rendered":"On les voit d\u00e8s 18\u00a0h\u00a015, venir de tous les coins. Rue Saint-Dizier, la P\u00e9pini\u00e8re, jusqu\u2019\u00e0 la place Carnot.&hellip;\n","protected":false},"author":2,"featured_media":516908,"comment_status":"","ping_status":"","sticky":false,"template":"","format":"standard","meta":{"footnotes":""},"categories":[9635],"tags":[1111,11,1707,1704,1706,1705,1777,674,1011,27,775,1702,1703,12,25,71,801,104,517,1700,133],"class_list":{"0":"post-516907","1":"post","2":"type-post","3":"status-publish","4":"format-standard","5":"has-post-thumbnail","7":"category-nancy","8":"tag-actu","9":"tag-actualites","10":"tag-edition-luneville","11":"tag-edition-nancy-et-agglomeration","12":"tag-edition-pont-a-mousson","13":"tag-edition-toul","14":"tag-eu","15":"tag-europe","16":"tag-fr","17":"tag-france","18":"tag-grand-est","19":"tag-nancy","20":"tag-nancy-ville-54b","21":"tag-news","22":"tag-republique-francaise","23":"tag-sante","24":"tag-social","25":"tag-societe","26":"tag-sport","27":"tag-sport-lorrain","28":"tag-video"},"share_on_mastodon":{"url":"https:\/\/pubeurope.com\/@fr\/115505164035314171","error":""},"_links":{"self":[{"href":"https:\/\/www.europesays.com\/fr\/wp-json\/wp\/v2\/posts\/516907","targetHints":{"allow":["GET"]}}],"collection":[{"href":"https:\/\/www.europesays.com\/fr\/wp-json\/wp\/v2\/posts"}],"about":[{"href":"https:\/\/www.europesays.com\/fr\/wp-json\/wp\/v2\/types\/post"}],"author":[{"embeddable":true,"href":"https:\/\/www.europesays.com\/fr\/wp-json\/wp\/v2\/users\/2"}],"replies":[{"embeddable":true,"href":"https:\/\/www.europesays.com\/fr\/wp-json\/wp\/v2\/comments?post=516907"}],"version-history":[{"count":0,"href":"https:\/\/www.europesays.com\/fr\/wp-json\/wp\/v2\/posts\/516907\/revisions"}],"wp:featuredmedia":[{"embeddable":true,"href":"https:\/\/www.europesays.com\/fr\/wp-json\/wp\/v2\/media\/516908"}],"wp:attachment":[{"href":"https:\/\/www.europesays.com\/fr\/wp-json\/wp\/v2\/media?parent=516907"}],"wp:term":[{"taxonomy":"category","embeddable":true,"href":"https:\/\/www.europesays.com\/fr\/wp-json\/wp\/v2\/categories?post=516907"},{"taxonomy":"post_tag","embeddable":true,"href":"https:\/\/www.europesays.com\/fr\/wp-json\/wp\/v2\/tags?post=516907"}],"curies":[{"name":"wp","href":"https:\/\/api.w.org\/{rel}","templated":true}]}}