{"id":516921,"date":"2025-11-06T22:48:12","date_gmt":"2025-11-06T22:48:12","guid":{"rendered":"https:\/\/www.europesays.com\/fr\/516921\/"},"modified":"2025-11-06T22:48:12","modified_gmt":"2025-11-06T22:48:12","slug":"grenoble-se-rassure-avant-vannes","status":"publish","type":"post","link":"https:\/\/www.europesays.com\/fr\/516921\/","title":{"rendered":"Grenoble se rassure avant Vannes"},"content":{"rendered":"<p><strong>Battu sur le terrain de Soyaux<br \/>\nAngoul\u00eame lors de sa derni\u00e8re sortie, Grenoble a renou\u00e9 avec la<br \/>\nvictoire jeudi soir au Stade des Alpes en match avanc\u00e9 de la 10e<br \/>\njourn\u00e9e de Pro D2 en profitant des malheurs de B\u00e9ziers pour<br \/>\ninfliger une quatri\u00e8me d\u00e9faite de suite (23-8) \u00e0 des Biterrois tr\u00e8s<br \/>\nindisciplin\u00e9s.<\/strong><\/p>\n<p>Avant d\u2019aller d\u00e9fier Vannes \u00e0 La Rabine lors de la prochaine<br \/>\njourn\u00e9e, Grenoble, en difficult\u00e9 ces derniers temps, esp\u00e9rait<br \/>\nretrouver le sourire le temps d\u2019une soir\u00e9e, jeudi en match avanc\u00e9<br \/>\nde la 10e journ\u00e9e, en profitant de la venue de B\u00e9ziers, l\u2019une des<br \/>\n\u00e9quipes les plus mal en point du moment en Pro D2. Les Grenoblois<br \/>\nsont parvenus \u00e0 leur fin en exploitant notamment la grande<br \/>\nindiscipline adverse pour faire subir aux Biterrois leur quatri\u00e8me<br \/>\nd\u00e9faite cons\u00e9cutive et ainsi renouer avec le succ\u00e8s une semaine<br \/>\napr\u00e8s leur d\u00e9faite \u00e0 Soyaux Angoul\u00eame (34-28).<\/p>\n<p>Ce FCG qui s\u2019\u00e9tait inclin\u00e9 quatre fois sur ses cinq derniers<br \/>\nmatchs n\u2019est pas parvenu \u00e0 marquet ce quatri\u00e8me essai synonyme de<br \/>\nbonus offensif. Les Is\u00e9rois ne feront assur\u00e9ment pas les difficiles<br \/>\npour autant apr\u00e8s ce cinqui\u00e8me succ\u00e8s pour eux cette saison, certes<br \/>\nobtenu face \u00e0 une \u00e9quipe de l\u2019ASBH qui avait fait beaucoup tourner<br \/>\npour se rendre en Is\u00e8re.<\/p>\n<p>Baret parach\u00e8ve le succ\u00e8s du FCG<br \/>\nface \u00e0 des Biterrois \u00e0\u2026 treize<\/p>\n<p>Cela a rapidement saut\u00e9 aux yeux sur la pelouse du Stade des<br \/>\nAlpes, o\u00f9 cette \u00e9quipe de B\u00e9ziers fortement rajeunie et d\u00e9sormais<br \/>\nentra\u00een\u00e9e par un tandem compos\u00e9 de David Irazoqui et du Roumain<br \/>\nMarius Tincu s\u2019est fait surprendre peu apr\u00e8s un quart d\u2019heure de<br \/>\njeu. Sur un ballon port\u00e9, Bastien Soury a surpris la d\u00e9fense<br \/>\nbiterroise et servi Barnab\u00e9 Couilloud, auteur de son deuxi\u00e8me essai<br \/>\nde la saison. B\u00e9ziers a bien r\u00e9agi avant la pause en profitant d\u2019un<br \/>\nballon perdu pour se relancer sur un essai de Paul Reau,<br \/>\nmagnifiquement isol\u00e9 sur un coup de pied d\u2019Hugo Camacho, mais<br \/>\nGrenoble est reparti de plus belle, d\u00e8s la reprise.<\/p>\n<p>Et alors que B\u00e9ziers \u00e9voluait \u00e0 quatorze, Soury, auteur d\u2019un<br \/>\ndoubl\u00e9 face \u00e0 B\u00e9ziers la saison derni\u00e8re et impliqu\u00e9 sur le premier<br \/>\nessai de son \u00e9quipe, a cette fois aplati. Sur un essai de Mathis<br \/>\nBaret alors que les visiteurs se trouvaient cette fois \u00e0\u2026 treize,<br \/>\nle FCG a donn\u00e9 encore plus d\u2019ampleur \u00e0 son succ\u00e8s en fin de match.<br \/>\nIl faudra toutefois assur\u00e9ment une \u00e9quipe grenobloise un cran plus<br \/>\nhaut encore pour r\u00e9aliser un \u00e9ventuel exploit en terre<br \/>\nvannetaise.<\/p>\n","protected":false},"excerpt":{"rendered":"Battu sur le terrain de Soyaux Angoul\u00eame lors de sa derni\u00e8re sortie, Grenoble a renou\u00e9 avec la victoire&hellip;\n","protected":false},"author":2,"featured_media":516922,"comment_status":"","ping_status":"","sticky":false,"template":"","format":"standard","meta":{"footnotes":""},"categories":[9566],"tags":[1111,11,2430,1777,674,1011,27,2731,12,25,57681],"class_list":{"0":"post-516921","1":"post","2":"type-post","3":"status-publish","4":"format-standard","5":"has-post-thumbnail","7":"category-grenoble","8":"tag-actu","9":"tag-actualites","10":"tag-auvergne-rhone-alpes","11":"tag-eu","12":"tag-europe","13":"tag-fr","14":"tag-france","15":"tag-grenoble","16":"tag-news","17":"tag-republique-francaise","18":"tag-sport365-fr"},"share_on_mastodon":{"url":"https:\/\/pubeurope.com\/@fr\/115505194919456719","error":""},"_links":{"self":[{"href":"https:\/\/www.europesays.com\/fr\/wp-json\/wp\/v2\/posts\/516921","targetHints":{"allow":["GET"]}}],"collection":[{"href":"https:\/\/www.europesays.com\/fr\/wp-json\/wp\/v2\/posts"}],"about":[{"href":"https:\/\/www.europesays.com\/fr\/wp-json\/wp\/v2\/types\/post"}],"author":[{"embeddable":true,"href":"https:\/\/www.europesays.com\/fr\/wp-json\/wp\/v2\/users\/2"}],"replies":[{"embeddable":true,"href":"https:\/\/www.europesays.com\/fr\/wp-json\/wp\/v2\/comments?post=516921"}],"version-history":[{"count":0,"href":"https:\/\/www.europesays.com\/fr\/wp-json\/wp\/v2\/posts\/516921\/revisions"}],"wp:featuredmedia":[{"embeddable":true,"href":"https:\/\/www.europesays.com\/fr\/wp-json\/wp\/v2\/media\/516922"}],"wp:attachment":[{"href":"https:\/\/www.europesays.com\/fr\/wp-json\/wp\/v2\/media?parent=516921"}],"wp:term":[{"taxonomy":"category","embeddable":true,"href":"https:\/\/www.europesays.com\/fr\/wp-json\/wp\/v2\/categories?post=516921"},{"taxonomy":"post_tag","embeddable":true,"href":"https:\/\/www.europesays.com\/fr\/wp-json\/wp\/v2\/tags?post=516921"}],"curies":[{"name":"wp","href":"https:\/\/api.w.org\/{rel}","templated":true}]}}