{"id":516927,"date":"2025-11-06T22:51:16","date_gmt":"2025-11-06T22:51:16","guid":{"rendered":"https:\/\/www.europesays.com\/fr\/516927\/"},"modified":"2025-11-06T22:51:16","modified_gmt":"2025-11-06T22:51:16","slug":"reichstett-un-appel-a-temoins-est-lance-pour-retrouver-une-malentendante-de-20-ans","status":"publish","type":"post","link":"https:\/\/www.europesays.com\/fr\/516927\/","title":{"rendered":"Reichstett. Un appel \u00e0 t\u00e9moins est lanc\u00e9 pour retrouver une malentendante de 20 ans"},"content":{"rendered":"<p>Kristina Mikhael a quitt\u00e9 son domicile de Reichstett. La jeune femme de 20 ans est malentendante. Elle est porteuse d\u2019un appareil auditif et s\u2019exprime en langage des signes. N\u00e9 en 2005 en Irak, elle ne parle pas bien le fran\u00e7ais et le comprend mal.<\/p>\n<p>Kristina mesure 1m70, elle est de corpulence mince avec des cheveux longs de couleur brun.<\/p>\n<p>Lorsqu\u2019elle a quitt\u00e9 son domicile, elle \u00e9tait porteuse d\u2019une veste de surv\u00eatement blanche, d\u2019un jogging blanc, de baskets Nike blanche avec le logo de la marque en rose. Elle est partie avec une petite valise \u00e0 roulettes contenant du maquillage et un sac \u00e0 main.<\/p>\n<p>Elle est susceptible de se trouver sur le secteur de Nancy.<\/p>\n<p>Si vous disposez d\u2019informations permettant de la localiser, veuillez contacter imm\u00e9diatement la brigade de gendarmerie de Mundolsheim au 03 88 19 07 67.<\/p>\n","protected":false},"excerpt":{"rendered":"Kristina Mikhael a quitt\u00e9 son domicile de Reichstett. La jeune femme de 20 ans est malentendante. Elle est&hellip;\n","protected":false},"author":2,"featured_media":516928,"comment_status":"","ping_status":"","sticky":false,"template":"","format":"standard","meta":{"footnotes":""},"categories":[2820],"tags":[1111,11,2389,1777,674,274,107,1011,27,775,12,7092,25,640],"class_list":{"0":"post-516927","1":"post","2":"type-post","3":"status-publish","4":"format-standard","5":"has-post-thumbnail","7":"category-strasbourg","8":"tag-actu","9":"tag-actualites","10":"tag-alsace","11":"tag-eu","12":"tag-europe","13":"tag-faits-divers-justice","14":"tag-fil-info","15":"tag-fr","16":"tag-france","17":"tag-grand-est","18":"tag-news","19":"tag-reichstett","20":"tag-republique-francaise","21":"tag-strasbourg"},"share_on_mastodon":{"url":"https:\/\/pubeurope.com\/@fr\/115505206728101296","error":""},"_links":{"self":[{"href":"https:\/\/www.europesays.com\/fr\/wp-json\/wp\/v2\/posts\/516927","targetHints":{"allow":["GET"]}}],"collection":[{"href":"https:\/\/www.europesays.com\/fr\/wp-json\/wp\/v2\/posts"}],"about":[{"href":"https:\/\/www.europesays.com\/fr\/wp-json\/wp\/v2\/types\/post"}],"author":[{"embeddable":true,"href":"https:\/\/www.europesays.com\/fr\/wp-json\/wp\/v2\/users\/2"}],"replies":[{"embeddable":true,"href":"https:\/\/www.europesays.com\/fr\/wp-json\/wp\/v2\/comments?post=516927"}],"version-history":[{"count":0,"href":"https:\/\/www.europesays.com\/fr\/wp-json\/wp\/v2\/posts\/516927\/revisions"}],"wp:featuredmedia":[{"embeddable":true,"href":"https:\/\/www.europesays.com\/fr\/wp-json\/wp\/v2\/media\/516928"}],"wp:attachment":[{"href":"https:\/\/www.europesays.com\/fr\/wp-json\/wp\/v2\/media?parent=516927"}],"wp:term":[{"taxonomy":"category","embeddable":true,"href":"https:\/\/www.europesays.com\/fr\/wp-json\/wp\/v2\/categories?post=516927"},{"taxonomy":"post_tag","embeddable":true,"href":"https:\/\/www.europesays.com\/fr\/wp-json\/wp\/v2\/tags?post=516927"}],"curies":[{"name":"wp","href":"https:\/\/api.w.org\/{rel}","templated":true}]}}