{"id":516934,"date":"2025-11-06T22:55:20","date_gmt":"2025-11-06T22:55:20","guid":{"rendered":"https:\/\/www.europesays.com\/fr\/516934\/"},"modified":"2025-11-06T22:55:20","modified_gmt":"2025-11-06T22:55:20","slug":"une-figure-de-laide-a-domicile-quitte-ses-fonctions-dans-cette-association-de-loire-atlantique","status":"publish","type":"post","link":"https:\/\/www.europesays.com\/fr\/516934\/","title":{"rendered":"Une figure de l\u2019aide \u00e0 domicile quitte ses fonctions dans cette association de Loire-Atlantique"},"content":{"rendered":"<p>            Par<br \/>\n        <strong><br \/>\n            <a href=\"https:\/\/actu.fr\/auteur\/journaliste-sm\" title=\"Consulter tous les articles de R\u00e9daction Clisson\" target=\"_blank\" rel=\"noopener\">R\u00e9daction Clisson<\/a><br \/>\n        <\/strong><\/p>\n<p>        Publi\u00e9 le<\/p>\n<p>            6 nov. 2025 \u00e0 10h16        <\/p>\n<p>Pr\u00e9sidente de la <a href=\"https:\/\/www.admr44.org\/\" target=\"_blank\" rel=\"noopener\"><b>F\u00e9d\u00e9ration ADMR de Loire-Atlantique <\/b><\/a>et d\u00e9sormais pr\u00e9sidente de <a href=\"https:\/\/www.admr44.org\/associations\/admr-haute-goulaine\" target=\"_blank\" rel=\"noopener\"><b>l\u2019association locale ADMR<\/b><\/a> (aide \u00e0 domicile en milieu rural) de <a href=\"https:\/\/actu.fr\/pays-de-la-loire\/haute-goulaine_44071\" target=\"_blank\" rel=\"noopener\"><b>Haute <\/b><\/a>et <a href=\"https:\/\/actu.fr\/pays-de-la-loire\/basse-goulaine_44009\" target=\"_blank\" rel=\"noopener\"><b>Basse-Goulaine<\/b><\/a> Marie-Claude Boutin a f\u00eat\u00e9 le d\u00e9part de Michel Lu\u00e7on en pr\u00e9sence de Marcelle Chapeau et Jean-Claude Daubisse, maires honoraires de la commune, de Rapha\u00ebl Viollet, directeur g\u00e9n\u00e9ral de la f\u00e9d\u00e9ration 44, des salari\u00e9s et des b\u00e9n\u00e9voles l\u2019association.<\/p>\n<p class=\" wall-content\">Il occupait cette fonction depuis 20\u00a0ans.<\/p>\n<blockquote class=\"ac-article-quote wall-content\">\n<p>Je n\u2019ai pas comme lui des talents de po\u00e8te pour retracer son engagement au sein de l\u2019ADMR, mais je vais essayer de retracer son parcours.<\/p>\n<p>Marie-Claude Boutin<\/p><\/blockquote>\n<p class=\" wall-content\">Michel Lu\u00e7on s\u2019est engag\u00e9 au sein du<b> bureau local de l\u2019ADMR en 2005,<\/b> en succ\u00e9dant \u00e0 Nicole Hattat. Il a rapidement int\u00e9gr\u00e9<b> le conseil d\u2019administration f\u00e9d\u00e9ral en 2008 et ce jusqu\u2019en 2021<\/b>. Toujours au niveau f\u00e9d\u00e9ral, il fut tr\u00e9sorier adjoint, puis tr\u00e9sorier entre\u00a02010 et\u00a02021.<\/p>\n<p>Consciencieux<\/p>\n<p class=\" wall-content\">Pendant 20\u00a0ans, <b>il s\u2019est mobilis\u00e9 au service des b\u00e9n\u00e9ficiaires de l\u2019ADMR <\/b>\u00ab\u2009avec le<b> souci de la qualit\u00e9 du service<\/b> \u00e0 apporter \u00e0 chacun et <b>celui des conditions de travail des salari\u00e9s<\/b>\u2009\u00bb a indiqu\u00e9 Marie-Claude Boutin.<\/p>\n<p>Vid\u00e9os : en ce moment sur Actu<\/p>\n<p class=\" wall-content\">Avec la reprise du repas du Lien, il a contribu\u00e9 \u00e0<b> entretenir le lien social entre les personnes \u00e2g\u00e9es de la commune<\/b> b\u00e9n\u00e9ficiaires ou non du service ADMR.<\/p>\n<p>Votre r\u00e9gion, votre actu !<\/p>\n<p>Recevez chaque jour les infos qui comptent pour vous.<\/p>\n<p>\t<a href=\"https:\/\/actu.fr\/newsletter\" class=\"ac-btn ac-btn--corner ac-btn--medium ac-btn--blue800\" target=\"_blank\" rel=\"noopener\">S&rsquo;incrire<\/a><\/p>\n<p class=\" wall-content\"><b>Approchant les 80\u00a0ans<\/b>, il a souhait\u00e9 mettre fin \u00e0 son mandat.<\/p>\n<blockquote class=\"ac-article-quote wall-content\">\n<p>N\u2019abuse pas trop du chocolat.<\/p>\n<p>Marie-Claude Boutin en clin d\u2019oeil<\/p><\/blockquote>\n<p class=\" wall-content\">En effet, Michel Lu\u00e7on reste<b> impliqu\u00e9 dans la vie associative<\/b> avec Les \u00e9picuriens solidaires du Vignoble. Une structure qui organise<a href=\"https:\/\/les-epicuriens.jimdofree.com\/\" target=\"_blank\" rel=\"noopener\"> le salon du chocolat.<\/a><\/p>\n<p class=\" wall-content\">Personnalisez votre actualit\u00e9 en ajoutant vos villes et m\u00e9dias en favori avec <a href=\"https:\/\/moncompte.actu.fr\" title=\"D\u00e9couvez Mon Actu\" rel=\"nofollow noopener\" data-trk=\"{&quot;cta&quot;:{&quot;action&quot;:&quot;https:\\\/\\\/moncompte.actu.fr&quot;,&quot;category&quot;:&quot;mon compte&quot;,&quot;from&quot;:&quot;article footer&quot;,&quot;name&quot;:&quot;Mon actu&quot;,&quot;type&quot;:&quot;cta&quot;}}\" target=\"_blank\">Mon Actu<\/a>.<\/p>\n","protected":false},"excerpt":{"rendered":"Par R\u00e9daction Clisson Publi\u00e9 le 6 nov. 2025 \u00e0 10h16 Pr\u00e9sidente de la F\u00e9d\u00e9ration ADMR de Loire-Atlantique et&hellip;\n","protected":false},"author":2,"featured_media":516935,"comment_status":"","ping_status":"","sticky":false,"template":"","format":"standard","meta":{"footnotes":""},"categories":[2818],"tags":[1111,11,1777,674,1011,27,766,12,2636,25,104,3400,2900],"class_list":{"0":"post-516934","1":"post","2":"type-post","3":"status-publish","4":"format-standard","5":"has-post-thumbnail","7":"category-nantes","8":"tag-actu","9":"tag-actualites","10":"tag-eu","11":"tag-europe","12":"tag-fr","13":"tag-france","14":"tag-nantes","15":"tag-news","16":"tag-pays-de-la-loire","17":"tag-republique-francaise","18":"tag-societe","19":"tag-solidarite","20":"tag-vignoble-nantais"},"share_on_mastodon":{"url":"https:\/\/pubeurope.com\/@fr\/115505222482796781","error":""},"_links":{"self":[{"href":"https:\/\/www.europesays.com\/fr\/wp-json\/wp\/v2\/posts\/516934","targetHints":{"allow":["GET"]}}],"collection":[{"href":"https:\/\/www.europesays.com\/fr\/wp-json\/wp\/v2\/posts"}],"about":[{"href":"https:\/\/www.europesays.com\/fr\/wp-json\/wp\/v2\/types\/post"}],"author":[{"embeddable":true,"href":"https:\/\/www.europesays.com\/fr\/wp-json\/wp\/v2\/users\/2"}],"replies":[{"embeddable":true,"href":"https:\/\/www.europesays.com\/fr\/wp-json\/wp\/v2\/comments?post=516934"}],"version-history":[{"count":0,"href":"https:\/\/www.europesays.com\/fr\/wp-json\/wp\/v2\/posts\/516934\/revisions"}],"wp:featuredmedia":[{"embeddable":true,"href":"https:\/\/www.europesays.com\/fr\/wp-json\/wp\/v2\/media\/516935"}],"wp:attachment":[{"href":"https:\/\/www.europesays.com\/fr\/wp-json\/wp\/v2\/media?parent=516934"}],"wp:term":[{"taxonomy":"category","embeddable":true,"href":"https:\/\/www.europesays.com\/fr\/wp-json\/wp\/v2\/categories?post=516934"},{"taxonomy":"post_tag","embeddable":true,"href":"https:\/\/www.europesays.com\/fr\/wp-json\/wp\/v2\/tags?post=516934"}],"curies":[{"name":"wp","href":"https:\/\/api.w.org\/{rel}","templated":true}]}}