{"id":516940,"date":"2025-11-06T22:58:25","date_gmt":"2025-11-06T22:58:25","guid":{"rendered":"https:\/\/www.europesays.com\/fr\/516940\/"},"modified":"2025-11-06T22:58:25","modified_gmt":"2025-11-06T22:58:25","slug":"lopposition-lance-une-petition-contre-la-venue-de-rima-hassan-vendredi","status":"publish","type":"post","link":"https:\/\/www.europesays.com\/fr\/516940\/","title":{"rendered":"l\u2019opposition lance une p\u00e9tition contre la venue de Rima Hassan vendredi"},"content":{"rendered":"<p>\n    Le groupe d\u2019opposition Bordeaux Ensemble a lanc\u00e9 une p\u00e9tition contre la pr\u00e9sence de la d\u00e9put\u00e9e europ\u00e9enne LFI au sein de l\u2019Ath\u00e9n\u00e9e municipal, ce vendredi.<\/p>\n<p class=\"fig-paragraph\">La d\u00e9put\u00e9e europ\u00e9enne LFI,\u00a0<a href=\"https:\/\/video.lefigaro.fr\/figaro\/international\/un-par-un-polemique-autour-dune-story-de-rima-hassan-sur-des-actes-du-hamas-20251021\" data-fig-type=\"Video\" data-gtm-custom-categorie=\"navigation\" data-gtm-custom-action=\"crossclick\" data-gtm-custom-label=\"Contextuel\" data-gtm-event=\"customEventSPE\" data-fig-domain=\"LEFIGARO\" target=\"_blank\" rel=\"noopener\">Rima Hassan<\/a>, est annonc\u00e9e \u00e0<a href=\"http:\/\/www.lefigaro.fr\/bordeaux\/ou-sont-les-resultats-a-bordeaux-l-opposition-denonce-l-explosion-de-la-dette-sous-la-mandature-ecologiste-20251106\" data-fig-type=\"NewsFlash\" data-gtm-custom-categorie=\"navigation\" data-gtm-custom-action=\"crossclick\" data-gtm-custom-label=\"Contextuel\" data-gtm-event=\"customEventSPE\" data-fig-domain=\"LEFIGARO\" target=\"_blank\" rel=\"noopener\">\u00a0Bordeaux<\/a>\u00a0ce vendredi. L\u2019\u00e9lue franco-palestinienne controvers\u00e9e doit rencontrer les habitants au cours d\u2019un meeting organis\u00e9 au sein de l\u2019Ath\u00e9n\u00e9e municipal. Une occasion pour cette figure du parti m\u00e9lenchoniste d\u2019apporter son soutien au candidat pour les \u00e9lections municipales Nordine Raymond, victime de commentaires racistes sur les r\u00e9seaux sociaux depuis sa d\u00e9claration de candidature.<\/p>\n<p class=\"fig-paragraph\">\u00abLa venue de Rima Hassan \u00e0 Bordeaux, c\u2019est non. Dans un climat d\u00e9j\u00e0 tendu, la Ville ne doit pas pr\u00eater ses murs \u00e0 une personnalit\u00e9 poursuivie pour<a href=\"http:\/\/www.lefigaro.fr\/international\/rima-hassan-accusee-d-apologie-du-terrorisme-apres-avoir-relaye-un-article-sur-les-exactions-commises-par-le-hamas-20251021\" data-fig-type=\"NewsFlash\" data-gtm-custom-categorie=\"navigation\" data-gtm-custom-action=\"crossclick\" data-gtm-custom-label=\"Contextuel\" data-gtm-event=\"customEventSPE\" data-fig-domain=\"LEFIGARO\" target=\"_blank\" rel=\"noopener\">\u00a0apologie du terrorisme<\/a> . Bordeaux, qui est une ville de tol\u00e9rance et de mod\u00e9ration, doit rester exemplaire\u00bb, a r\u00e9agi la s\u00e9natrice Nathalie Delattre sur X. La pr\u00e9sidente du mouvement Bordeaux Ensemble, \u00e9galement candidate aux municipales, a lanc\u00e9\u00a0<a href=\"https:\/\/petition.qomon.org\/a8320b97-non-a-la-venue-de-rima-hassan-a-bordeaux\/\" target=\"_blank\" rel=\"sponsored noopener\" data-gtm-custom-categorie=\"navigation\" data-gtm-custom-action=\"crossclick\" data-gtm-custom-label=\"Contextuel\" data-gtm-event=\"customEventSPE\">une p\u00e9tition<\/a>\u00a0adress\u00e9e \u00e0 Pierre Hurmic pour faire annuler le pr\u00eat de la salle.<\/p>\n<p>                                    <a class=\"fig-a11y-skip a11y-hidden\" href=\"#fig-a11y-skip-main-inarticle\"><br \/>\n        Passer la publicit\u00e9<br \/>\n    <\/a><\/p>\n<p>La mairie de bordeaux refuse de c\u00e9der<\/p>\n<p class=\"fig-paragraph\">Une pol\u00e9mique \u00e0 laquelle la mairie de Bordeaux refuse de c\u00e9der. \u00abLa Ville de Bordeaux a r\u00e9pondu positivement \u00e0 la demande d\u2019un parti politique d\u2019organiser une conf\u00e9rence \u00e0 l\u2019Ath\u00e9n\u00e9e municipal, conform\u00e9ment au Code g\u00e9n\u00e9ral des collectivit\u00e9s territoriales qui encadre la mise \u00e0 disposition de locaux communaux aux associations, syndicats ou partis politiques et qui garantit ainsi la libert\u00e9 d\u2019expression\u00bb, nous indique la majorit\u00e9 \u00e9cologiste.<\/p>\n<p class=\"fig-paragraph\">Furieuse, l\u2019antenne locale de LFI, elle, a r\u00e9pondu \u00e0 cette p\u00e9tition dans une lettre ouverte adress\u00e9e \u00e0 la presse ce jeudi. \u00abMadame Delattre, votre d\u00e9claration est indigne d\u2019une responsable politique, pr\u00e9sidente du plus vieux parti de France. Elle s\u2019apparente davantage \u00e0 une tentative d\u00e9sesp\u00e9r\u00e9e\u00a0de vous faire remarquer dans une campagne \u00e9lectorale o\u00f9 vous n\u2019avez rien \u00e0\u00a0<br \/>proposer aux Bordelais\u00bb, tacle la missive. Contact\u00e9e, la pr\u00e9fecture de la Gironde assure que des mesures ont \u00e9t\u00e9 mises en place pour garantir le maintien de l\u2019ordre public.<\/p>\n","protected":false},"excerpt":{"rendered":"Le groupe d\u2019opposition Bordeaux Ensemble a lanc\u00e9 une p\u00e9tition contre la pr\u00e9sence de la d\u00e9put\u00e9e europ\u00e9enne LFI au&hellip;\n","protected":false},"author":2,"featured_media":516941,"comment_status":"","ping_status":"","sticky":false,"template":"","format":"standard","meta":{"footnotes":""},"categories":[2817],"tags":[1111,11,1997,1777,674,1011,27,780,12,2219,316,25,15442],"class_list":{"0":"post-516940","1":"post","2":"type-post","3":"status-publish","4":"format-standard","5":"has-post-thumbnail","7":"category-bordeaux","8":"tag-actu","9":"tag-actualites","10":"tag-bordeaux","11":"tag-eu","12":"tag-europe","13":"tag-fr","14":"tag-france","15":"tag-lfi","16":"tag-news","17":"tag-nouvelle-aquitaine","18":"tag-politique","19":"tag-republique-francaise","20":"tag-rima-hassan"},"share_on_mastodon":{"url":"https:\/\/pubeurope.com\/@fr\/115505234232875713","error":""},"_links":{"self":[{"href":"https:\/\/www.europesays.com\/fr\/wp-json\/wp\/v2\/posts\/516940","targetHints":{"allow":["GET"]}}],"collection":[{"href":"https:\/\/www.europesays.com\/fr\/wp-json\/wp\/v2\/posts"}],"about":[{"href":"https:\/\/www.europesays.com\/fr\/wp-json\/wp\/v2\/types\/post"}],"author":[{"embeddable":true,"href":"https:\/\/www.europesays.com\/fr\/wp-json\/wp\/v2\/users\/2"}],"replies":[{"embeddable":true,"href":"https:\/\/www.europesays.com\/fr\/wp-json\/wp\/v2\/comments?post=516940"}],"version-history":[{"count":0,"href":"https:\/\/www.europesays.com\/fr\/wp-json\/wp\/v2\/posts\/516940\/revisions"}],"wp:featuredmedia":[{"embeddable":true,"href":"https:\/\/www.europesays.com\/fr\/wp-json\/wp\/v2\/media\/516941"}],"wp:attachment":[{"href":"https:\/\/www.europesays.com\/fr\/wp-json\/wp\/v2\/media?parent=516940"}],"wp:term":[{"taxonomy":"category","embeddable":true,"href":"https:\/\/www.europesays.com\/fr\/wp-json\/wp\/v2\/categories?post=516940"},{"taxonomy":"post_tag","embeddable":true,"href":"https:\/\/www.europesays.com\/fr\/wp-json\/wp\/v2\/tags?post=516940"}],"curies":[{"name":"wp","href":"https:\/\/api.w.org\/{rel}","templated":true}]}}