{"id":516942,"date":"2025-11-06T22:59:13","date_gmt":"2025-11-06T22:59:13","guid":{"rendered":"https:\/\/www.europesays.com\/fr\/516942\/"},"modified":"2025-11-06T22:59:13","modified_gmt":"2025-11-06T22:59:13","slug":"un-webinaire-pour-les-entreprises-en-transition","status":"publish","type":"post","link":"https:\/\/www.europesays.com\/fr\/516942\/","title":{"rendered":"Un webinaire pour les entreprises en transition"},"content":{"rendered":"<p>La Chambre de commerce et d\u2019industrie (CCI) de Toulouse Haute-Garonne, en partenariat avec la Chambre de m\u00e9tiers et de l\u2019artisanat (CMA) de la Haute-Garonne et Toulouse M\u00e9tropole, invite \u00e0 participer le 13\u00a0novembre aux \u00ab\u00a0Jeudis des entreprises en transition\u00a0\u00bb, un webinaire mensuel.<\/p>\n<p>Ce sera notamment l\u2019occasion pour Toulouse M\u00e9tropole de faire le point sur son <a href=\"https:\/\/metropole.toulouse.fr\/kiosque\/pcaet-acte-ii\" class=\"spip_out\" rel=\"external noopener\" target=\"_blank\">Plan Climat Air \u00c9nergie Territorial<\/a> (PCAET) et sur la d\u00e9marche <a href=\"https:\/\/metropole.toulouse.fr\/institutions-et-territoires\/emploi-et-vie-economique\/accompagnement-aux-entreprises\/pacteclimat2030\" class=\"spip_out\" rel=\"external noopener\" target=\"_blank\">Pacte Climat 2030<\/a>. Interviendront Lo\u00efc Gascon, le responsable de la mission 100.000 arbres \u00e0 la mairie de Toulouse, Laurence Vaglio, responsable Climat et biodiversit\u00e9 \u00e0 Bpifrance, et Yves Bousquet, directeur de projets \u00e0 l\u2019ARB Occitanie.<\/p>\n<p>Inscriptions <a href=\"https:\/\/events.teams.microsoft.com\/event\/8440b2f2-8605-4f27-ba52-601edaf84ea1@9d6d158e-0c7d-4381-9ae3-5404e7d7b341\" class=\"spip_out\" rel=\"external noopener\" target=\"_blank\">en ligne<\/a>.<\/p>\n<p>Les jeudis des entreprises en transition. Webinaire de la CCI de Toulouse, le jeudi 13\u00a0novembre, de 8h30 \u00e0 11 heures.<\/p>\n","protected":false},"excerpt":{"rendered":"La Chambre de commerce et d\u2019industrie (CCI) de Toulouse Haute-Garonne, en partenariat avec la Chambre de m\u00e9tiers et&hellip;\n","protected":false},"author":2,"featured_media":373637,"comment_status":"","ping_status":"","sticky":false,"template":"","format":"standard","meta":{"footnotes":""},"categories":[2816],"tags":[1111,11,50761,63742,1129,1777,674,1011,27,12,2680,25,2312,1090,16155],"class_list":{"0":"post-516942","1":"post","2":"type-post","3":"status-publish","4":"format-standard","5":"has-post-thumbnail","7":"category-toulouse","8":"tag-actu","9":"tag-actualites","10":"tag-cci-de-toulouse","11":"tag-chambre-de-metiers-et-de-lartisanat-haute-garonne","12":"tag-climat","13":"tag-eu","14":"tag-europe","15":"tag-fr","16":"tag-france","17":"tag-news","18":"tag-occitanie","19":"tag-republique-francaise","20":"tag-toulouse","21":"tag-toulouse-metropole","22":"tag-transition-ecologique"},"share_on_mastodon":{"url":"https:\/\/pubeurope.com\/@fr\/115505238681912527","error":""},"_links":{"self":[{"href":"https:\/\/www.europesays.com\/fr\/wp-json\/wp\/v2\/posts\/516942","targetHints":{"allow":["GET"]}}],"collection":[{"href":"https:\/\/www.europesays.com\/fr\/wp-json\/wp\/v2\/posts"}],"about":[{"href":"https:\/\/www.europesays.com\/fr\/wp-json\/wp\/v2\/types\/post"}],"author":[{"embeddable":true,"href":"https:\/\/www.europesays.com\/fr\/wp-json\/wp\/v2\/users\/2"}],"replies":[{"embeddable":true,"href":"https:\/\/www.europesays.com\/fr\/wp-json\/wp\/v2\/comments?post=516942"}],"version-history":[{"count":0,"href":"https:\/\/www.europesays.com\/fr\/wp-json\/wp\/v2\/posts\/516942\/revisions"}],"wp:featuredmedia":[{"embeddable":true,"href":"https:\/\/www.europesays.com\/fr\/wp-json\/wp\/v2\/media\/373637"}],"wp:attachment":[{"href":"https:\/\/www.europesays.com\/fr\/wp-json\/wp\/v2\/media?parent=516942"}],"wp:term":[{"taxonomy":"category","embeddable":true,"href":"https:\/\/www.europesays.com\/fr\/wp-json\/wp\/v2\/categories?post=516942"},{"taxonomy":"post_tag","embeddable":true,"href":"https:\/\/www.europesays.com\/fr\/wp-json\/wp\/v2\/tags?post=516942"}],"curies":[{"name":"wp","href":"https:\/\/api.w.org\/{rel}","templated":true}]}}