{"id":516949,"date":"2025-11-06T23:03:11","date_gmt":"2025-11-06T23:03:11","guid":{"rendered":"https:\/\/www.europesays.com\/fr\/516949\/"},"modified":"2025-11-06T23:03:11","modified_gmt":"2025-11-06T23:03:11","slug":"la-star-du-rap-belge-hamza-a-regale-ses-8-500-fans-dans-un-dome-bouillant-a-marseille","status":"publish","type":"post","link":"https:\/\/www.europesays.com\/fr\/516949\/","title":{"rendered":"La star du rap belge, Hamza, a r\u00e9gal\u00e9 ses 8 500 fans dans un D\u00f4me bouillant \u00e0 Marseille"},"content":{"rendered":"<p>Un D\u00f4me bouillant et affichant complet avec 8\u00a0500 fans au rendez-vous, le cadre \u00e9tait parfait pour les retrouvailles entre <a href=\"https:\/\/www.laprovence.com\/article\/culture-loisirs\/4204215250203715\/hamza-marseille-cest-une-scene-musicale-incroyable\" target=\"_blank\" rel=\"noopener\">Hamza<\/a> et Marseille. Et ce, cinq mois apr\u00e8s un show pl\u00e9biscit\u00e9 lors du festival Marsatac, qui avait fait office de pr\u00e9lude \u00e0 Mania, le nouvel album du Belge sorti cet \u00e9t\u00e9. Symbole de son succ\u00e8s, le disque a rythm\u00e9 cette soir\u00e9e. Les derni\u00e8res notes jou\u00e9es en introduction s&rsquo;estompaient \u00e0 peine que le rappeur envoyait deux de ses in\u00e9dits : Forever, puis Oscar de la Hoya.<\/p>\n<p>Avec ce premier titre, Hamza exprimait sa m\u00e9lancolie, illustr\u00e9e par un \u00ab\u00a0dans le mal on se rapproche, dans le bien on s&rsquo;efface\u00a0\u00bb. Tandis que le deuxi\u00e8me, au ton plus dur allant vers la trap, \u00e9tait appuy\u00e9 par des flammes fort \u00e0 propos. Ces derni\u00e8res restaient pour le premier hit du soir, Cod\u00e9\u00efne 19. Le genre de morceau qui d\u00e9clenche instantan\u00e9ment une clameur collective et fait d\u00e9gainer les t\u00e9l\u00e9phones plus vite que Lucky Luke. Pas de quoi perturber l&rsquo;artiste, qui en profitait m\u00eame pour envoyer quelques mimiques aux premiers rangs.<\/p>\n<p>Dans les \u00e9motions d&rsquo;Hamza<\/p>\n<p>Apr\u00e8s le carton de sa tourn\u00e9e pr\u00e9c\u00e9dente port\u00e9e par l&rsquo;album Sinc\u00e8rement, une nouvelle fois mis \u00e0 contribution hier, les morceaux de Mania devaient \u00e0 l&#8230;<\/p>\n","protected":false},"excerpt":{"rendered":"Un D\u00f4me bouillant et affichant complet avec 8\u00a0500 fans au rendez-vous, le cadre \u00e9tait parfait pour les retrouvailles&hellip;\n","protected":false},"author":2,"featured_media":516950,"comment_status":"","ping_status":"","sticky":false,"template":"","format":"standard","meta":{"footnotes":""},"categories":[2814],"tags":[17,14971,1111,11,33553,251,1777,674,1011,27,63743,884,12,882,3616,56045,25,2407,974],"class_list":{"0":"post-516949","1":"post","2":"type-post","3":"status-publish","4":"format-standard","5":"has-post-thumbnail","7":"category-marseille","8":"tag-17","9":"tag-14971","10":"tag-actu","11":"tag-actualites","12":"tag-belge","13":"tag-culture","14":"tag-eu","15":"tag-europe","16":"tag-fr","17":"tag-france","18":"tag-hamza","19":"tag-marseille","20":"tag-news","21":"tag-provence-alpes-cote-dazur","22":"tag-rap","23":"tag-regale","24":"tag-republique-francaise","25":"tag-ses","26":"tag-star"},"share_on_mastodon":{"url":"https:\/\/pubeurope.com\/@fr\/115505253974991829","error":""},"_links":{"self":[{"href":"https:\/\/www.europesays.com\/fr\/wp-json\/wp\/v2\/posts\/516949","targetHints":{"allow":["GET"]}}],"collection":[{"href":"https:\/\/www.europesays.com\/fr\/wp-json\/wp\/v2\/posts"}],"about":[{"href":"https:\/\/www.europesays.com\/fr\/wp-json\/wp\/v2\/types\/post"}],"author":[{"embeddable":true,"href":"https:\/\/www.europesays.com\/fr\/wp-json\/wp\/v2\/users\/2"}],"replies":[{"embeddable":true,"href":"https:\/\/www.europesays.com\/fr\/wp-json\/wp\/v2\/comments?post=516949"}],"version-history":[{"count":0,"href":"https:\/\/www.europesays.com\/fr\/wp-json\/wp\/v2\/posts\/516949\/revisions"}],"wp:featuredmedia":[{"embeddable":true,"href":"https:\/\/www.europesays.com\/fr\/wp-json\/wp\/v2\/media\/516950"}],"wp:attachment":[{"href":"https:\/\/www.europesays.com\/fr\/wp-json\/wp\/v2\/media?parent=516949"}],"wp:term":[{"taxonomy":"category","embeddable":true,"href":"https:\/\/www.europesays.com\/fr\/wp-json\/wp\/v2\/categories?post=516949"},{"taxonomy":"post_tag","embeddable":true,"href":"https:\/\/www.europesays.com\/fr\/wp-json\/wp\/v2\/tags?post=516949"}],"curies":[{"name":"wp","href":"https:\/\/api.w.org\/{rel}","templated":true}]}}