{"id":516951,"date":"2025-11-06T23:04:24","date_gmt":"2025-11-06T23:04:24","guid":{"rendered":"https:\/\/www.europesays.com\/fr\/516951\/"},"modified":"2025-11-06T23:04:24","modified_gmt":"2025-11-06T23:04:24","slug":"un-ado-trouve-la-mort-a-la-sortie-de-son-bain-electrocute-en-chargeant-son-portable","status":"publish","type":"post","link":"https:\/\/www.europesays.com\/fr\/516951\/","title":{"rendered":"Un ado trouve la mort \u00e0 la sortie de son bain, \u00e9lectrocut\u00e9 en chargeant son portable"},"content":{"rendered":"<p>Un adolescent \u00e2g\u00e9 de 16 ans est d\u00e9c\u00e9d\u00e9 mercredi soir \u00e0 <a href=\"https:\/\/www.20minutes.fr\/magazine\/tendances-marseille-mag\/\" class=\"c-link c-link--is-underlined\" target=\"_blank\" rel=\"noopener\">Marseille<\/a>, mort \u00e9lectrocut\u00e9. Les faits se sont d\u00e9roul\u00e9s au domicile familial dans le quartier du Merlan (14e\u00a0arrondissement), indique <a href=\"https:\/\/www.laprovence.com\/article\/faits-divers-justice\/15509810228044\/une-adolescente-meurt-electrocutee-avec-son-telephone-portable-dans-sa-salle-de-bain\" target=\"_blank\" class=\"c-link c-link--is-underlined\" rel=\"noopener\">La Provence<\/a>. Selon le quotidien r\u00e9gional, la victime a \u00e9t\u00e9 retrouv\u00e9e \u00e0 c\u00f4t\u00e9 de son t\u00e9l\u00e9phone portable qui \u00e9tait en train de charger dans la salle de bains. Elle sortait a priori de son bain.<\/p>\n<p>La maman qui a d\u00e9couvert le corps de son fils a tent\u00e9 de lui prodiguer un massage cardiaque, suivant les recommandations que lui donnaient par t\u00e9l\u00e9phone les sapeurs-pompiers en attendant l\u2019arriv\u00e9e des secours. En vain. La victime pr\u00e9sentait des traces de br\u00fblures au poignet et au torse.<\/p>\n<p>Entre 30 \u00e0 40 d\u00e9c\u00e8s chaque ann\u00e9e par \u00e9lectrocution<\/p>\n<p>En\u00a02023, la Direction g\u00e9n\u00e9rale de la concurrence, de la consommation et de la r\u00e9pression des fraudes (<a href=\"https:\/\/www.economie.gouv.fr\/dgccrf\/actualites\/utilisation-dun-telephone-en-cours-de-chargement-dans-une-salle-de-bain-attention\" target=\"_blank\" class=\"c-link c-link--is-underlined\" rel=\"noopener\">DGCCRF<\/a>) avait \u00ab\u00a0alert\u00e9 les consommateurs sur les risques li\u00e9s \u00e0 l\u2019utilisation des t\u00e9l\u00e9phones portables en cours de chargement dans les salles de bains\u00a0\u00bb, \u00e0 la suite de plusieurs d\u00e9c\u00e8s. Et \u00ab\u00a0plus largement de tout appareil \u00e9lectrique branch\u00e9 sur le secteur\u00a0\u00bb.<\/p>\n<\/p>\n<p>Selon l\u2019Observatoire national de la s\u00e9curit\u00e9 \u00e9lectrique, entre 30 \u00e0 40 d\u00e9c\u00e8s ont lieu chaque ann\u00e9e par \u00e9lectrocution en France et environ 3.000 \u00e9lectrisations (choc \u00e9lectrique sans cons\u00e9quence mortelle). Toutes ces \u00e9lectrocutions ne sont toutefois pas dues \u00e0 des t\u00e9l\u00e9phones portables.<\/p>\n<p>La DGCCRF rappelle qu\u2019il est recommand\u00e9 de charger ses appareils \u00e9lectriques ou \u00e9lectroniques en dehors des pi\u00e8ces humides. Mais aussi de ne pas utiliser dans la baignoire ou sous la douche un appareil \u00e9lectrique branch\u00e9 sur le secteur, y compris un t\u00e9l\u00e9phone \u00e9tanche et r\u00e9sistant \u00e0 l\u2019eau. Et enfin de ne pas manipuler d\u2019appareil \u00e9lectrique branch\u00e9 avec les mains ou les pieds mouill\u00e9s, ou avec les pieds dans l\u2019eau.<\/p>\n","protected":false},"excerpt":{"rendered":"Un adolescent \u00e2g\u00e9 de 16 ans est d\u00e9c\u00e9d\u00e9 mercredi soir \u00e0 Marseille, mort \u00e9lectrocut\u00e9. Les faits se sont&hellip;\n","protected":false},"author":2,"featured_media":516952,"comment_status":"","ping_status":"","sticky":false,"template":"","format":"standard","meta":{"footnotes":""},"categories":[2814],"tags":[1111,47,11,885,26525,41795,1777,674,118,1011,27,884,12,883,882,25,319],"class_list":{"0":"post-516951","1":"post","2":"type-post","3":"status-publish","4":"format-standard","5":"has-post-thumbnail","7":"category-marseille","8":"tag-actu","9":"tag-actualite","10":"tag-actualites","11":"tag-bouches-du-rhone","12":"tag-dgccrf","13":"tag-electrocution","14":"tag-eu","15":"tag-europe","16":"tag-faits-divers","17":"tag-fr","18":"tag-france","19":"tag-marseille","20":"tag-news","21":"tag-paca","22":"tag-provence-alpes-cote-dazur","23":"tag-republique-francaise","24":"tag-telephone"},"share_on_mastodon":{"url":"https:\/\/pubeurope.com\/@fr\/115505258903218271","error":""},"_links":{"self":[{"href":"https:\/\/www.europesays.com\/fr\/wp-json\/wp\/v2\/posts\/516951","targetHints":{"allow":["GET"]}}],"collection":[{"href":"https:\/\/www.europesays.com\/fr\/wp-json\/wp\/v2\/posts"}],"about":[{"href":"https:\/\/www.europesays.com\/fr\/wp-json\/wp\/v2\/types\/post"}],"author":[{"embeddable":true,"href":"https:\/\/www.europesays.com\/fr\/wp-json\/wp\/v2\/users\/2"}],"replies":[{"embeddable":true,"href":"https:\/\/www.europesays.com\/fr\/wp-json\/wp\/v2\/comments?post=516951"}],"version-history":[{"count":0,"href":"https:\/\/www.europesays.com\/fr\/wp-json\/wp\/v2\/posts\/516951\/revisions"}],"wp:featuredmedia":[{"embeddable":true,"href":"https:\/\/www.europesays.com\/fr\/wp-json\/wp\/v2\/media\/516952"}],"wp:attachment":[{"href":"https:\/\/www.europesays.com\/fr\/wp-json\/wp\/v2\/media?parent=516951"}],"wp:term":[{"taxonomy":"category","embeddable":true,"href":"https:\/\/www.europesays.com\/fr\/wp-json\/wp\/v2\/categories?post=516951"},{"taxonomy":"post_tag","embeddable":true,"href":"https:\/\/www.europesays.com\/fr\/wp-json\/wp\/v2\/tags?post=516951"}],"curies":[{"name":"wp","href":"https:\/\/api.w.org\/{rel}","templated":true}]}}