{"id":516953,"date":"2025-11-06T23:05:19","date_gmt":"2025-11-06T23:05:19","guid":{"rendered":"https:\/\/www.europesays.com\/fr\/516953\/"},"modified":"2025-11-06T23:05:19","modified_gmt":"2025-11-06T23:05:19","slug":"le-niveau-gold-de-leuropean-energy-award-obtenu-par-la-ville-et-la-metropole","status":"publish","type":"post","link":"https:\/\/www.europesays.com\/fr\/516953\/","title":{"rendered":"Le niveau \u00ab Gold \u00bb de l\u2019European Energy Award obtenu par la Ville et la M\u00e9tropole"},"content":{"rendered":"<p><img width=\"487\" height=\"299\" src=\"https:\/\/www.europesays.com\/fr\/wp-content\/uploads\/2025\/11\/metropole-grand-lyon.jpg\" class=\"attachment-post-thumbnail size-post-thumbnail wp-post-image\" alt=\"\" decoding=\"async\" fetchpriority=\"high\" \/><\/p>\n<p>(SdH\/LPI)<\/p>\n<p><strong>La M\u00e9tropole devient le territoire le plus peupl\u00e9 d&rsquo;Europe \u00e0 avoir obtenu ce niveau de labellisation. <\/strong><\/p>\n<p>La M\u00e9tropole de Lyon et la Ville de Lyon ont annonce ce jeudi avoir obtenu le niveau \u00ab Gold \u00bb de l\u2019European Energy Award, qui constitue la plus haute distinction europ\u00e9enne et reconna\u00eet les collectivit\u00e9s les plus engag\u00e9es dans la transition \u00e9nerg\u00e9tique et climatique.<\/p>\n<p>Les collectivit\u00e9s notent que \u00abcette reconnaissance europ\u00e9enne intervient quelques mois apr\u00e8s l\u2019attribution, en juillet dernier, de la 5\u1d49 \u00e9toile du label national Climat-Air-\u00c9nergie (CAE) d\u00e9livr\u00e9 par la commission nationale du label dans le cadre du programme Territoire Engag\u00e9 Transition \u00c9cologique de l\u2019ADEME\u00bb.<\/p>\n<p>\u00abLe label Climat-Air-\u00c9nergie \u00e9value, au niveau national, la qualit\u00e9 des politiques locales en mati\u00e8re de climat, d\u2019air et d\u2019\u00e9nergie. L\u2019European Energy Award en prolonge la d\u00e9marche \u00e0 l\u2019\u00e9chelle europ\u00e9enne, en distinguant les collectivit\u00e9s les plus exemplaires. Cette double labellisation (nationale et d\u00e9sormais europ\u00e9enne) salue l\u2019ambition et les r\u00e9sultats obtenus dans la mise en \u0153uvre des politiques climat, air et \u00e9nergie men\u00e9es conjointement par la M\u00e9tropole de Lyon et la Ville de Lyon. Elle traduit l\u2019engagement commun des deux collectivit\u00e9s \u00e0 r\u00e9duire les consommations d\u2019\u00e9nergie, les \u00e9missions de gaz \u00e0 effet de serre et \u00e0 acc\u00e9l\u00e9rer le d\u00e9veloppement des \u00e9nergies renouvelables et des mobilit\u00e9s durables.\u00a0\u00bb<\/p>\n<p>Ville et M\u00e9tropole de Lyon<\/p>\n<p>Le territoire le plus peupl\u00e9 d&rsquo;Europe \u00e0 \u00eatre labellis\u00e9 \u00abGold\u00bb<\/p>\n<p>La M\u00e9tropole de Lyon, avec plus de 1,4 millions d&rsquo;habitants, s\u2019affiche d\u00e9sormais comme \u00e9tant le territoire le plus peupl\u00e9 d&rsquo;Europe \u00e0 \u00eatre labellis\u00e9 \u00abGold\u00bb. Pour sa part, la Ville de Lyon est, quant \u00e0 elle, la plus peupl\u00e9e des communes fran\u00e7aises labellis\u00e9es \u00abGold\u00bb, et la 2\u1d49 \u00e0 l\u2019\u00e9chelle europ\u00e9enne, derri\u00e8re Leipzig, se f\u00e9licitent les collectivit\u00e9s qui rappellent qu\u2019en France, 93 sont actuellement labellis\u00e9es dans le cadre du European Energy Award, dont 19 au niveau Gold.<\/p>\n<p>La remise de ces distinctions aura lieu le 6 novembre \u00e0 Saas-Fee en Suisse, pour le label Gold de l\u2019European Energy Award (EEA), et le 18 novembre \u00e0 Paris, au Salon des Maires et des collectivit\u00e9s locales, pour la remise officielle du label Climat-Air-\u00c9nergie 5 \u00e9toiles, d\u00e9cern\u00e9 par l\u2019ADEME.<\/p>\n<p><strong>Si vous avez appr\u00e9ci\u00e9 cet article, s&rsquo;il vous plait, prenez le temps de <a href=\"#comments\">laisser un commentaire<\/a> ou de <a href=\"http:\/\/www.lyonpoleimmo.com\/feed\/\" rel=\"nofollow noopener\" target=\"_blank\">souscrire au flux<\/a> afin de recevoir les futurs articles directement dans votre lecteur de flux.<br \/>\n    <\/strong><\/p>\n<p>\t<a href=\"http:\/\/www.lyonpoleimmo.com\/2025\/10\/27\/92706\/bron-le-centre-nautique-andre-sousi-a-ete-renove\/\" rel=\"bookmark nofollow noopener\" title=\"Lien Permanent vers Bron : le centre nautique Andr\u00e9-Sousi a \u00e9t\u00e9 r\u00e9nov\u00e9\" target=\"_blank\">Bron : le centre nautique Andr\u00e9-Sousi a \u00e9t\u00e9 r\u00e9nov\u00e9<\/a><\/p>\n<p>\t<a href=\"http:\/\/www.lyonpoleimmo.com\/2025\/10\/27\/92706\/bron-le-centre-nautique-andre-sousi-a-ete-renove\/\" rel=\"bookmark nofollow noopener\" title=\"Lien Permanent vers Bron : le centre nautique Andr\u00e9-Sousi a \u00e9t\u00e9 r\u00e9nov\u00e9\" target=\"_blank\"><\/p>\n<p>Le centre a rouvert depuis la mi-septembre. Les travaux ont permis de r\u00e9aliser des \u00e9conomies d\u2019\u00e9nergie. <\/p>\n<p><\/a><\/p>\n<p>\t<a href=\"http:\/\/www.lyonpoleimmo.com\/2025\/10\/14\/92511\/un-chantier-plus-vertueux-a-decines-charpieu\/\" rel=\"bookmark nofollow noopener\" title=\"Lien Permanent vers Un chantier plus vertueux \u00e0 D\u00e9cines-Charpieu\" target=\"_blank\">Un chantier plus vertueux \u00e0 D\u00e9cines-Charpieu<\/a><\/p>\n<p>\t<a href=\"http:\/\/www.lyonpoleimmo.com\/2025\/10\/14\/92511\/un-chantier-plus-vertueux-a-decines-charpieu\/\" rel=\"bookmark nofollow noopener\" title=\"Lien Permanent vers Un chantier plus vertueux \u00e0 D\u00e9cines-Charpieu\" target=\"_blank\"><\/p>\n<p>GRDF a pr\u00e9sent\u00e9 une nouvelle technique permettant la diminution du bilan carbone d\u2019un chantier de renouvellement du r\u00e9seau de distribution de gaz.<\/p>\n<p><\/a><\/p>\n<p>\t<a href=\"http:\/\/www.lyonpoleimmo.com\/2025\/10\/13\/92493\/immobilier-durable-une-nouvelle-charte-pour-ladaptation-du-secteur\/\" rel=\"bookmark nofollow noopener\" title=\"Lien Permanent vers Immobilier durable\u00a0: une nouvelle charte pour l\u2019adaptation du secteur\" target=\"_blank\">Immobilier durable\u00a0: une nouvelle charte pour l\u2019adaptation du secteur<\/a><\/p>\n<p>\t<a href=\"http:\/\/www.lyonpoleimmo.com\/2025\/10\/13\/92493\/immobilier-durable-une-nouvelle-charte-pour-ladaptation-du-secteur\/\" rel=\"bookmark nofollow noopener\" title=\"Lien Permanent vers Immobilier durable\u00a0: une nouvelle charte pour l\u2019adaptation du secteur\" target=\"_blank\"><\/p>\n<p>L\u2019OID et le Plan B\u00e2timent Durable ont officialis\u00e9 une charte d\u2019engagement \u00e0 l\u2019adaptation du secteur immobilier au changement climatique.<\/p>\n<p><\/a><\/p>\n<p>\t<a href=\"http:\/\/www.lyonpoleimmo.com\/2025\/10\/09\/92447\/signature-de-manifeste-par-la-cpme-et-la-metropole-a-pollutec\/\" rel=\"bookmark nofollow noopener\" title=\"Lien Permanent vers Signature de manifeste par la CPME et la M\u00e9tropole \u00e0 Pollutec\" target=\"_blank\">Signature de manifeste par la CPME et la M\u00e9tropole \u00e0 Pollutec<\/a><\/p>\n<p>\t<a href=\"http:\/\/www.lyonpoleimmo.com\/2025\/10\/09\/92447\/signature-de-manifeste-par-la-cpme-et-la-metropole-a-pollutec\/\" rel=\"bookmark nofollow noopener\" title=\"Lien Permanent vers Signature de manifeste par la CPME et la M\u00e9tropole \u00e0 Pollutec\" target=\"_blank\"><\/p>\n<p>Le \u00ab\u00a0manifeste pour une industrie qui se transforme et s\u2019engage pour l\u2019environnement\u00a0\u00bb a \u00e9t\u00e9 sign\u00e9 par la CPME du Rh\u00f4ne et la M\u00e9tropole de Lyon.<\/p>\n<p><\/a><\/p>\n<p>\t<a href=\"http:\/\/www.lyonpoleimmo.com\/2025\/10\/01\/92366\/la-station-depuration-doullins-pierre-benite-sera-solarisee\/\" rel=\"bookmark nofollow noopener\" title=\"Lien Permanent vers La station d\u2019\u00e9puration d\u2019Oullins-Pierre-B\u00e9nite sera solaris\u00e9e\" target=\"_blank\">La station d\u2019\u00e9puration d\u2019Oullins-Pierre-B\u00e9nite sera solaris\u00e9e<\/a><\/p>\n<p>\t<a href=\"http:\/\/www.lyonpoleimmo.com\/2025\/10\/01\/92366\/la-station-depuration-doullins-pierre-benite-sera-solarisee\/\" rel=\"bookmark nofollow noopener\" title=\"Lien Permanent vers La station d\u2019\u00e9puration d\u2019Oullins-Pierre-B\u00e9nite sera solaris\u00e9e\" target=\"_blank\"><\/p>\n<p>C\u2019est ce qu\u2019a vot\u00e9 le conseil de la M\u00e9tropole de Lyon, qui va engager la solarisation de cet \u00e9quipement.<\/p>\n<p><\/a><\/p>\n<p>\t<a href=\"http:\/\/www.lyonpoleimmo.com\/2025\/09\/23\/92242\/il-y-a-trop-dinstabilite-pas-assez-de-clarte\/\" rel=\"bookmark nofollow noopener\" title=\"Lien Permanent vers \u00abIl y a trop d\u2019instabilit\u00e9, pas assez de clart\u00e9\u00bb\" target=\"_blank\">\u00abIl y a trop d\u2019instabilit\u00e9, pas assez de clart\u00e9\u00bb<\/a><\/p>\n<p>\t<a href=\"http:\/\/www.lyonpoleimmo.com\/2025\/09\/23\/92242\/il-y-a-trop-dinstabilite-pas-assez-de-clarte\/\" rel=\"bookmark nofollow noopener\" title=\"Lien Permanent vers \u00abIl y a trop d\u2019instabilit\u00e9, pas assez de clart\u00e9\u00bb\" target=\"_blank\"><\/p>\n<p><img decoding=\"async\" src=\"https:\/\/www.europesays.com\/fr\/wp-content\/uploads\/2025\/11\/Guiseppin-4.jpg\" alt=\"null\" \/>Dominique Guiseppin est le pr\u00e9sident de la CAPEB Auvergne-Rh\u00f4ne-Alpes. A quelques semaines de la fin de son mandat, nous \u00e9voquons avec lui le contexte actuel au sein duquel \u00e9voluent les entreprises artisanales du b\u00e2timent.<\/p>\n<p><\/a><\/p>\n<p>\t<a href=\"http:\/\/www.lyonpoleimmo.com\/2025\/09\/14\/92134\/trois-etablissements-beneficiaires-du-plan-colleges-neufs-2025\/\" rel=\"bookmark nofollow noopener\" title=\"Lien Permanent vers Trois \u00e9tablissements b\u00e9n\u00e9ficiaires du plan \u00ab\u00a0Coll\u00e8ges Neufs 2025\u00a0\u00bb\" target=\"_blank\">Trois \u00e9tablissements b\u00e9n\u00e9ficiaires du plan \u00ab\u00a0Coll\u00e8ges Neufs 2025\u00a0\u00bb<\/a><\/p>\n<p>\t<a href=\"http:\/\/www.lyonpoleimmo.com\/2025\/09\/14\/92134\/trois-etablissements-beneficiaires-du-plan-colleges-neufs-2025\/\" rel=\"bookmark nofollow noopener\" title=\"Lien Permanent vers Trois \u00e9tablissements b\u00e9n\u00e9ficiaires du plan \u00ab\u00a0Coll\u00e8ges Neufs 2025\u00a0\u00bb\" target=\"_blank\"><\/p>\n<p><img decoding=\"async\" src=\"https:\/\/www.europesays.com\/fr\/wp-content\/uploads\/2025\/11\/college-ormesson-genas.jpg\" alt=\"null\" \/>Le D\u00e9partement du Rh\u00f4ne a inaugur\u00e9 en cours de semaine derni\u00e8re deux \u00e9tablissements \u00e0 Genas et \u00e0 Limas ayant b\u00e9n\u00e9fici\u00e9 de ce plan. <\/p>\n<p><\/a><\/p>\n<p>\t<a href=\"http:\/\/www.lyonpoleimmo.com\/2025\/09\/02\/91966\/lentilly-faradae-livre-sa-1ere-solution-de-stockage-denergie-sur-mesure\/\" rel=\"bookmark nofollow noopener\" title=\"Lien Permanent vers Lentilly\u00a0: Faradae livre sa 1\u00e8re solution de stockage d\u2019\u00e9nergie sur mesure\" target=\"_blank\">Lentilly\u00a0: Faradae livre sa 1\u00e8re solution de stockage d\u2019\u00e9nergie sur mesure<\/a><\/p>\n<p>\t<a href=\"http:\/\/www.lyonpoleimmo.com\/2025\/09\/02\/91966\/lentilly-faradae-livre-sa-1ere-solution-de-stockage-denergie-sur-mesure\/\" rel=\"bookmark nofollow noopener\" title=\"Lien Permanent vers Lentilly\u00a0: Faradae livre sa 1\u00e8re solution de stockage d\u2019\u00e9nergie sur mesure\" target=\"_blank\"><\/p>\n<p>Celle-ci a \u00e9t\u00e9 r\u00e9alis\u00e9e au foyer d\u2019accueil m\u00e9dicalis\u00e9 \u00ab Les Terrasses \u00bb g\u00e9r\u00e9 par l\u2019association Odyn\u00e9o.<\/p>\n<p><\/a><\/p>\n<p>\t<a href=\"http:\/\/www.lyonpoleimmo.com\/2025\/08\/19\/91857\/le-reseau-de-froid-de-la-part-dieu-ou-lessor-dune-climatisation-durable\/\" rel=\"bookmark nofollow noopener\" title=\"Lien Permanent vers Le r\u00e9seau de froid de la Part-Dieu, ou l\u2019essor d\u2019une climatisation durable\" target=\"_blank\">Le r\u00e9seau de froid de la Part-Dieu, ou l\u2019essor d\u2019une climatisation durable<\/a><\/p>\n<p>\t<a href=\"http:\/\/www.lyonpoleimmo.com\/2025\/08\/19\/91857\/le-reseau-de-froid-de-la-part-dieu-ou-lessor-dune-climatisation-durable\/\" rel=\"bookmark nofollow noopener\" title=\"Lien Permanent vers Le r\u00e9seau de froid de la Part-Dieu, ou l\u2019essor d\u2019une climatisation durable\" target=\"_blank\"><\/p>\n<p><img decoding=\"async\" src=\"https:\/\/www.europesays.com\/fr\/wp-content\/uploads\/2025\/11\/reseaufroid.jpg\" \/>Une visite de la centrale de froid de Mouton-Duvernay, au sud du quartier, \u00e9tait organis\u00e9e en fin de semaine derni\u00e8re, en pr\u00e9sence de Bruno Bernard, pr\u00e9sident de la M\u00e9tropole de Lyon. L\u2019occasion de faire le point sur le fort d\u00e9veloppement des r\u00e9seaux de froid dans l\u2019agglom\u00e9ration.<\/p>\n<p><\/a><\/p>\n<p>\t<a href=\"http:\/\/www.lyonpoleimmo.com\/2025\/08\/06\/91830\/larboretum-clemence-lortet-disponible-en-visite-virtuelle\/\" rel=\"bookmark nofollow noopener\" title=\"Lien Permanent vers L\u2019arboretum Cl\u00e9mence Lortet disponible en visite virtuelle\" target=\"_blank\">L\u2019arboretum Cl\u00e9mence Lortet disponible en visite virtuelle<\/a><\/p>\n<p>\t<a href=\"http:\/\/www.lyonpoleimmo.com\/2025\/08\/06\/91830\/larboretum-clemence-lortet-disponible-en-visite-virtuelle\/\" rel=\"bookmark nofollow noopener\" title=\"Lien Permanent vers L\u2019arboretum Cl\u00e9mence Lortet disponible en visite virtuelle\" target=\"_blank\"><\/p>\n<p>Celui-ci, situ\u00e9 au c\u0153ur de la ZAC Castellane, compte 127 essences d\u2019arbres \u00e0 d\u00e9couvrir afin de montrer la diversit\u00e9 des esp\u00e8ces adapt\u00e9es au territoire.<\/p>\n<p><\/a><\/p>\n<p>\t<a href=\"http:\/\/www.lyonpoleimmo.com\/2025\/07\/22\/91723\/maprimerenov-une-re-ouverture-du-guichet-limitee-au-30-septembre\/\" rel=\"bookmark nofollow noopener\" title=\"Lien Permanent vers MaPrimeR\u00e9nov\u2019 : une r\u00e9-ouverture du guichet limit\u00e9e au 30 septembre\" target=\"_blank\">MaPrimeR\u00e9nov\u2019 : une r\u00e9-ouverture du guichet limit\u00e9e au 30 septembre<\/a><\/p>\n<p>\t<a href=\"http:\/\/www.lyonpoleimmo.com\/2025\/07\/22\/91723\/maprimerenov-une-re-ouverture-du-guichet-limitee-au-30-septembre\/\" rel=\"bookmark nofollow noopener\" title=\"Lien Permanent vers MaPrimeR\u00e9nov\u2019 : une r\u00e9-ouverture du guichet limit\u00e9e au 30 septembre\" target=\"_blank\"><\/p>\n<p>La ministre a d\u00e9taill\u00e9 les modalit\u00e9s de r\u00e9-ouverture du guichet le 30 septembre prochain suite \u00e0 une r\u00e9union de concertation sur MaPrimeR\u00e9nov\u2019. Le dispositif rouvrira pour les r\u00e9novations globales, mais de fa\u00e7on limit\u00e9e.<\/p>\n<p><\/a><\/p>\n<p>\t<a href=\"http:\/\/www.lyonpoleimmo.com\/2025\/07\/21\/91706\/lobjectif-est-vraiment-de-baisser-les-consommations-des-batiments\/\" rel=\"bookmark nofollow noopener\" title=\"Lien Permanent vers \u00abL\u2019objectif est vraiment de baisser les consommations des b\u00e2timents\u00bb\" target=\"_blank\">\u00abL\u2019objectif est vraiment de baisser les consommations des b\u00e2timents\u00bb<\/a><\/p>\n<p>\t<a href=\"http:\/\/www.lyonpoleimmo.com\/2025\/07\/21\/91706\/lobjectif-est-vraiment-de-baisser-les-consommations-des-batiments\/\" rel=\"bookmark nofollow noopener\" title=\"Lien Permanent vers \u00abL\u2019objectif est vraiment de baisser les consommations des b\u00e2timents\u00bb\" target=\"_blank\"><\/p>\n<p><img decoding=\"async\" src=\"https:\/\/www.europesays.com\/fr\/wp-content\/uploads\/2025\/09\/Bertho-Mayette.jpg\" alt=\"null\" \/>Bertho Mayette est responsable r\u00e9habilitation d\u2019Est M\u00e9tropole Habitat. Nous revenons avec lui sur la r\u00e9habilitation de 930 logements r\u00e9alis\u00e9e durant les derniers mois dans le quartier Bel-Air \u00e0 Saint-Priest.<\/p>\n<p><\/a><\/p>\n<p>\t<a href=\"http:\/\/www.lyonpoleimmo.com\/2025\/07\/10\/91620\/vers-des-ajustements-pour-la-re2020\/\" rel=\"bookmark nofollow noopener\" title=\"Lien Permanent vers Vers des ajustements pour la RE2020\" target=\"_blank\">Vers des ajustements pour la RE2020<\/a><\/p>\n<p>\t<a href=\"http:\/\/www.lyonpoleimmo.com\/2025\/07\/10\/91620\/vers-des-ajustements-pour-la-re2020\/\" rel=\"bookmark nofollow noopener\" title=\"Lien Permanent vers Vers des ajustements pour la RE2020\" target=\"_blank\"><\/p>\n<p>La ministre charg\u00e9e du Logement, Val\u00e9rie L\u00e9tard, a indiqu\u00e9 ouvrir une nouvelle phase d\u2019ajustement et de concertation suite \u00e0 la r\u00e9ception du rapport d\u2019\u00e9valuation de la r\u00e9glementation environnementale 2020 r\u00e9alis\u00e9 par Robin Rivaton.<\/p>\n<p><\/a><\/p>\n<p>\t<a href=\"http:\/\/www.lyonpoleimmo.com\/2025\/06\/22\/91374\/gel-de-la-filiere-photovoltaique-la-ffb-et-le-gmpv-ffb-sinsurgent\/\" rel=\"bookmark nofollow noopener\" title=\"Lien Permanent vers Gel de la fili\u00e8re photovolta\u00efque\u00a0: la FFB et le GMPV-FFB s\u2019insurgent\" target=\"_blank\">Gel de la fili\u00e8re photovolta\u00efque\u00a0: la FFB et le GMPV-FFB s\u2019insurgent<\/a><\/p>\n<p>\t<a href=\"http:\/\/www.lyonpoleimmo.com\/2025\/06\/22\/91374\/gel-de-la-filiere-photovoltaique-la-ffb-et-le-gmpv-ffb-sinsurgent\/\" rel=\"bookmark nofollow noopener\" title=\"Lien Permanent vers Gel de la fili\u00e8re photovolta\u00efque\u00a0: la FFB et le GMPV-FFB s\u2019insurgent\" target=\"_blank\"><\/p>\n<p><img decoding=\"async\" src=\"https:\/\/www.europesays.com\/fr\/wp-content\/uploads\/2025\/11\/panneausolaire.jpg\" alt=\"null\" \/>Les organisations s\u2019opposent au gel de la fili\u00e8re photovolta\u00efque vot\u00e9 jeudi \u00e0 l\u2019Assembl\u00e9e nationale. Elles demandent un retrait de l\u2019amendement souhaitant imposer un moratoire \u00e0 effet imm\u00e9diat sur le solaire photovolta\u00efque.<\/p>\n<p><\/a><\/p>\n<p>\t<a href=\"http:\/\/www.lyonpoleimmo.com\/2025\/06\/11\/91230\/lancement-du-reseau-de-chaleur-et-de-froid-de-la-saulaie\/\" rel=\"bookmark nofollow noopener\" title=\"Lien Permanent vers Lancement du r\u00e9seau de chaleur et de froid de La Saulaie\" target=\"_blank\">Lancement du r\u00e9seau de chaleur et de froid de La Saulaie<\/a><\/p>\n<p>\t<a href=\"http:\/\/www.lyonpoleimmo.com\/2025\/06\/11\/91230\/lancement-du-reseau-de-chaleur-et-de-froid-de-la-saulaie\/\" rel=\"bookmark nofollow noopener\" title=\"Lien Permanent vers Lancement du r\u00e9seau de chaleur et de froid de La Saulaie\" target=\"_blank\"><\/p>\n<p><img decoding=\"async\" src=\"https:\/\/www.europesays.com\/fr\/wp-content\/uploads\/2025\/06\/1e-pierre-reseau-chaleur-froid-Saulaie.jpg\" alt=\"null\" \/>\u00c9lus et professionnels ont pos\u00e9 la premi\u00e8re pierre du projet de boucle temp\u00e9r\u00e9e du quartier, laquelle valorise l\u2019\u00e9nergie renouvelable et locale des eaux us\u00e9es pour chauffer, produire l\u2019eau chaude sanitaire et rafra\u00eechir les b\u00e2timents.<\/p>\n<p><\/a><\/p>\n","protected":false},"excerpt":{"rendered":"(SdH\/LPI) La M\u00e9tropole devient le territoire le plus peupl\u00e9 d&rsquo;Europe \u00e0 avoir obtenu ce niveau de labellisation. La&hellip;\n","protected":false},"author":2,"featured_media":516954,"comment_status":"","ping_status":"","sticky":false,"template":"","format":"standard","meta":{"footnotes":""},"categories":[1889],"tags":[1111,11,2430,1777,674,1011,27,21944,2428,12,25],"class_list":{"0":"post-516953","1":"post","2":"type-post","3":"status-publish","4":"format-standard","5":"has-post-thumbnail","7":"category-lyon","8":"tag-actu","9":"tag-actualites","10":"tag-auvergne-rhone-alpes","11":"tag-eu","12":"tag-europe","13":"tag-fr","14":"tag-france","15":"tag-immobilier-durable","16":"tag-lyon","17":"tag-news","18":"tag-republique-francaise"},"share_on_mastodon":{"url":"https:\/\/pubeurope.com\/@fr\/115505262514737893","error":""},"_links":{"self":[{"href":"https:\/\/www.europesays.com\/fr\/wp-json\/wp\/v2\/posts\/516953","targetHints":{"allow":["GET"]}}],"collection":[{"href":"https:\/\/www.europesays.com\/fr\/wp-json\/wp\/v2\/posts"}],"about":[{"href":"https:\/\/www.europesays.com\/fr\/wp-json\/wp\/v2\/types\/post"}],"author":[{"embeddable":true,"href":"https:\/\/www.europesays.com\/fr\/wp-json\/wp\/v2\/users\/2"}],"replies":[{"embeddable":true,"href":"https:\/\/www.europesays.com\/fr\/wp-json\/wp\/v2\/comments?post=516953"}],"version-history":[{"count":0,"href":"https:\/\/www.europesays.com\/fr\/wp-json\/wp\/v2\/posts\/516953\/revisions"}],"wp:featuredmedia":[{"embeddable":true,"href":"https:\/\/www.europesays.com\/fr\/wp-json\/wp\/v2\/media\/516954"}],"wp:attachment":[{"href":"https:\/\/www.europesays.com\/fr\/wp-json\/wp\/v2\/media?parent=516953"}],"wp:term":[{"taxonomy":"category","embeddable":true,"href":"https:\/\/www.europesays.com\/fr\/wp-json\/wp\/v2\/categories?post=516953"},{"taxonomy":"post_tag","embeddable":true,"href":"https:\/\/www.europesays.com\/fr\/wp-json\/wp\/v2\/tags?post=516953"}],"curies":[{"name":"wp","href":"https:\/\/api.w.org\/{rel}","templated":true}]}}