{"id":516967,"date":"2025-11-06T23:13:24","date_gmt":"2025-11-06T23:13:24","guid":{"rendered":"https:\/\/www.europesays.com\/fr\/516967\/"},"modified":"2025-11-06T23:13:24","modified_gmt":"2025-11-06T23:13:24","slug":"de-jeunes-irakiens-recrutes-sur-les-reseaux-sociaux-pour-se-battre-au-cote-de-la-russie","status":"publish","type":"post","link":"https:\/\/www.europesays.com\/fr\/516967\/","title":{"rendered":"De jeunes irakiens recrut\u00e9s sur les r\u00e9seaux sociaux pour se battre au c\u00f4t\u00e9 de la Russie"},"content":{"rendered":"<p><img decoding=\"async\" src=\"https:\/\/www.europesays.com\/fr\/wp-content\/uploads\/2025\/11\/690cc921b0e48d166a9af6b9_GettyImages-2183593940.jpg\" loading=\"lazy\" width=\"Auto\" height=\"Auto\" alt=\"\" class=\"articles-banner\"\/><\/p>\n<p>Cr\u00e9dit : Kostiantyn Liberov\/Libkos\/Getty Images<\/p>\n<p>Sur TikTok ou Telegram, plusieurs centaines d\u2019Irakiens sont recrut\u00e9s depuis 2024 pour se battre avec l\u2019arm\u00e9e russe, en \u00e9change d\u2019une promesse d\u2019amasser de l\u2019argent et de gagner un passeport du pays.<\/p>\n<p>Mohammed a 24 ans lorsqu\u2019il part pour s\u2019engager dans les forces arm\u00e9es russes. Comme tous les jeunes qui partent sur le champ de bataille, il a \u00e9t\u00e9 attir\u00e9 par plusieurs promesses : une prime d&rsquo;engagement pouvant atteindre jusqu&rsquo;\u00e0 20 000 dollars<strong>, <\/strong>un salaire mensuel de 2 800 dollars, un passeport russe, une assurance et une indemnisation en cas de blessure.\u00a0<\/p>\n<p>C&rsquo;\u00e9tait en mai. Depuis, les mois ont pass\u00e9 sans un mot, juste des rumeurs. Il a \u00e9t\u00e9 pris en otage, bless\u00e9, puis est mort dans la frappe d&rsquo;un drone ukrainien. \u201cIl n\u2019est jamais revenu\u201d, raconte sa m\u00e8re Zeinab Jabbar \u00e0 l\u2019AFP.<\/p>\n<p><strong>5 000 irakiens enr\u00f4l\u00e9s<\/strong><\/p>\n<p>Dans un pays o\u00f9 un tiers de la population active est au ch\u00f4mage aujourd&rsquo;hui, un certain nombre d\u2019Irakiens ont c\u00e9d\u00e9 aux annonces d&rsquo;influenceurs les poussant sur les r\u00e9seaux \u00e0 aller se battre en Ukraine aux c\u00f4t\u00e9s des forces russes en \u00e9change de conditions irr\u00e9sistibles.<\/p>\n<p>Depuis le d\u00e9but de la guerre d\u00e9clench\u00e9e par l\u2019invasion russe sur le territoire ukrainien, plus de 5 000 Irakiens ont \u00e9t\u00e9 enr\u00f4l\u00e9s dans ce conflit, selon une estimation rapport\u00e9e par le m\u00e9dia irakien Shafaq News.<\/p>\n<p>Des m\u00e9thodes similaires ont \u00e9t\u00e9 utilis\u00e9es en Syrie, en Alg\u00e9rie et au-del\u00e0 pour attirer des recrues d&rsquo;Asie centrale, d&rsquo;Inde, du Bangladesh ou encore du N\u00e9pal.<\/p>\n<p>Il suffit de fournir la copie d&rsquo;un passeport, une adresse, un num\u00e9ro de t\u00e9l\u00e9phone pour recevoir une invitation en Russie, n\u00e9cessaire pour obtenir le visa. Le co\u00fbt du billet serait ensuite pris en charge.<\/p>\n<p>Le 17 octobre, l\u2019ambassadeur russe en Irak, Elbrus Kutrashev, avait d\u00e9clar\u00e9, dans une interview \u00e0 Shafaq News, que \u201cdes milliers d\u2019Irakiens sont pr\u00eats \u00e0 rejoindre l\u2019arm\u00e9e russe\u201d. L\u2019Observatoire irakien des droits de l\u2019homme (IOHR) a qualifi\u00e9 ces remarques de \u201cpr\u00e9occupantes\u201d et accus\u00e9 l\u2019ambassadeur russe de mettre en \u0153uvre une \u201ctentative alarmante de promouvoir le recrutement d&rsquo;Irakiens pour les impliquer dans une guerre \u00e9trang\u00e8re\u201d.<\/p>\n<p><strong>\u201cIl m\u2019a demand\u00e9 de prier pour lui\u201d<\/strong><\/p>\n<p>La famille de Mohammed est persuad\u00e9e que c&rsquo;est la propagande des r\u00e9seaux sociaux qui l&rsquo;a embrigad\u00e9 au d\u00e9but de l&rsquo;ann\u00e9e 2025.<\/p>\n<p>Mohammed a post\u00e9 plusieurs vid\u00e9os sur TikTok o\u00f9 on le voit en Russie. Apr\u00e8s son dernier post, le 12 mai, sa m\u00e8re Zeinab l&rsquo;a appel\u00e9, elle l\u2019a suppli\u00e9 de rentrer \u00e0 la maison. \u00ab\u00a0Il m&rsquo;a dit qu&rsquo;il allait \u00e0 la guerre (&#8230;) et m&rsquo;a demand\u00e9 de prier pour lui.\u00a0\u00bb C&rsquo;est la derni\u00e8re fois qu&rsquo;elle lui a parl\u00e9.\u00a0<\/p>\n<p>Zeinab Jabbar se demande : \u00ab\u00a0Qu&rsquo;avons-nous \u00e0 voir avec la Russie et l&rsquo;Ukraine ? Deux pays qui se battent, qu&rsquo;est-ce que l&rsquo;on a \u00e0 voir avec eux ?\u00a0\u00bb<\/p>\n","protected":false},"excerpt":{"rendered":"Cr\u00e9dit : Kostiantyn Liberov\/Libkos\/Getty Images Sur TikTok ou Telegram, plusieurs centaines d\u2019Irakiens sont recrut\u00e9s depuis 2024 pour se&hellip;\n","protected":false},"author":2,"featured_media":516968,"comment_status":"","ping_status":"","sticky":false,"template":"","format":"standard","meta":{"footnotes":""},"categories":[1591],"tags":[11,1887,12,1885,1886,132],"class_list":{"0":"post-516967","1":"post","2":"type-post","3":"status-publish","4":"format-standard","5":"has-post-thumbnail","7":"category-russie","8":"tag-actualites","9":"tag-federation-de-russie","10":"tag-news","11":"tag-russia","12":"tag-russian-federation","13":"tag-russie"},"share_on_mastodon":{"url":"https:\/\/pubeurope.com\/@fr\/115505294341000706","error":""},"_links":{"self":[{"href":"https:\/\/www.europesays.com\/fr\/wp-json\/wp\/v2\/posts\/516967","targetHints":{"allow":["GET"]}}],"collection":[{"href":"https:\/\/www.europesays.com\/fr\/wp-json\/wp\/v2\/posts"}],"about":[{"href":"https:\/\/www.europesays.com\/fr\/wp-json\/wp\/v2\/types\/post"}],"author":[{"embeddable":true,"href":"https:\/\/www.europesays.com\/fr\/wp-json\/wp\/v2\/users\/2"}],"replies":[{"embeddable":true,"href":"https:\/\/www.europesays.com\/fr\/wp-json\/wp\/v2\/comments?post=516967"}],"version-history":[{"count":0,"href":"https:\/\/www.europesays.com\/fr\/wp-json\/wp\/v2\/posts\/516967\/revisions"}],"wp:featuredmedia":[{"embeddable":true,"href":"https:\/\/www.europesays.com\/fr\/wp-json\/wp\/v2\/media\/516968"}],"wp:attachment":[{"href":"https:\/\/www.europesays.com\/fr\/wp-json\/wp\/v2\/media?parent=516967"}],"wp:term":[{"taxonomy":"category","embeddable":true,"href":"https:\/\/www.europesays.com\/fr\/wp-json\/wp\/v2\/categories?post=516967"},{"taxonomy":"post_tag","embeddable":true,"href":"https:\/\/www.europesays.com\/fr\/wp-json\/wp\/v2\/tags?post=516967"}],"curies":[{"name":"wp","href":"https:\/\/api.w.org\/{rel}","templated":true}]}}