{"id":516969,"date":"2025-11-06T23:14:14","date_gmt":"2025-11-06T23:14:14","guid":{"rendered":"https:\/\/www.europesays.com\/fr\/516969\/"},"modified":"2025-11-06T23:14:14","modified_gmt":"2025-11-06T23:14:14","slug":"guerre-en-ukraine-stockholm-et-kiev-vont-developper-de-nouvelles-armes-dans-un-centre-commun","status":"publish","type":"post","link":"https:\/\/www.europesays.com\/fr\/516969\/","title":{"rendered":"Guerre en Ukraine : Stockholm et Kiev vont d\u00e9velopper de nouvelles armes dans un \u00ab\u00a0centre commun\u00a0\u00bb"},"content":{"rendered":"<ul class=\"jsx-862013697 ArticleChapo__List\">\n<li class=\"jsx-862013697 ArticleChapo__List_Item flex\">La Su\u00e8de et l&rsquo;Ukraine ont sign\u00e9 ce jeudi une lettre d&rsquo;intention en vue de cr\u00e9er un centre sur le territoire ukrainien pour d\u00e9velopper de nouvelles armes.<\/li>\n<li class=\"jsx-862013697 ArticleChapo__List_Item flex\">Kiev apportera son exp\u00e9rience du terrain de guerre et Stockholm son \u00e9cosyst\u00e8me de d\u00e9fense.<\/li>\n<li class=\"jsx-862013697 ArticleChapo__List_Item flex\">On ignore encore la date du d\u00e9but de cette coop\u00e9ration.<\/li>\n<\/ul>\n<p><a href=\"https:\/\/www.tf1info.fr\/actualite\/invasion-de-l-ukraine-par-la-russie-une-guerre-qui-dure-12951\/\" rel=\"noopener\" class=\"jsx-484472199 Link jsx-1428418400 jsx-554215408\" target=\"_blank\"><\/p>\n<p style=\"font-weight:400\" class=\"jsx-1837267516\">Suivez la couverture compl\u00e8te<\/p>\n<p style=\"font-weight:800\" class=\"jsx-1837267516\">Ukraine : 4\u1d49 ann\u00e9e de guerre<\/p>\n<p><\/a><\/p>\n<p data-module=\"article-paragraph\" class=\"jsx-3046738180 Paragraph\">C&rsquo;est une coop\u00e9ration qui t\u00e9moigne de la solidit\u00e9 des liens entre Stockholm et Kiev. La Su\u00e8de et l&rsquo;Ukraine ont sign\u00e9 une lettre d&rsquo;intention en vue de cr\u00e9er un centre sur le territoire ukrainien pour d\u00e9velopper de nouvelles armes, ont annonc\u00e9 ce jeudi 6 novembre leurs ministres de la D\u00e9fense \u00e0 Stockholm.<\/p>\n<p data-module=\"article-paragraph\" class=\"jsx-3046738180 Paragraph Paragraph__End\">\u00ab\u00a0Nous allons cr\u00e9er un centre commun en Ukraine o\u00f9 du personnel su\u00e9dois travaillera sur des innovations dans <a href=\"https:\/\/www.tf1info.fr\/international\/guerre-en-ukraine-qu-est-ce-que-le-missile-aster-que-la-france-va-de-nouveau-livrer-a-kiev-2294027.html\" target=\"_blank\" rel=\"noopener\">le domaine de la d\u00e9fense<\/a>\u00ab\u00a0, a expliqu\u00e9 le ministre su\u00e9dois P\u00e5l Jonson lors d&rsquo;une conf\u00e9rence de presse \u00e0 Stockholm. Ce centre \u00ab\u00a0renforcera notre capacit\u00e9 commune \u00e0 d\u00e9velopper et \u00e0 produire de nouvelles technologies pour <a href=\"https:\/\/www.tf1info.fr\/international\/direct-guerre-en-ukraine-russie-la-situation-sur-le-front-a-pokrovsk-et-les-dernieres-informations-du-mercredi-5-novembre-2025-2404756.html\" target=\"_blank\" rel=\"noopener\">le champ de bataille<\/a>\u00ab\u00a0, a-t-il ajout\u00e9.<\/p>\n<p data-module=\"article-paragraph\" class=\"jsx-3046738180 Paragraph Paragraph__End\">L&rsquo;Ukraine apportera son exp\u00e9rience du terrain de guerre et <a href=\"https:\/\/www.tf1info.fr\/international\/guerre-en-ukraine-russie-le-premier-ministre-keir-starmer-britannique-pret-a-envoyer-des-troupes-sur-le-terrain-si-necessaire-2351207.html\" target=\"_blank\" rel=\"noopener\">la Su\u00e8de<\/a> son \u00e9cosyst\u00e8me de d\u00e9fense, a pr\u00e9cis\u00e9 le ministre. Les deux pays ont d\u00e9j\u00e0 \u00ab\u00a0de nombreux accords et lettres d&rsquo;intention concr\u00e8tes, voire des contrats entre des entreprises su\u00e9doises et ukrainiennes\u00a0\u00bb, a indiqu\u00e9 de son c\u00f4t\u00e9 le ministre ukrainien de la D\u00e9fense,<a href=\"https:\/\/www.tf1info.fr\/international\/guerre-ukraine-russie-les-frappes-russes-veulent-desorganiser-l-europe-pour-creer-une-crise-migratoire-affirme-sur-lci-le-premier-ministre-denys-chmyhal-2241575.html\" target=\"_blank\" rel=\"noopener\"> Denys Chmyhal<\/a>. Il a refus\u00e9 de citer les noms des entreprises car alors \u00ab\u00a0les Russes d\u00e9truiraient les installations\u00a0\u00bb. Les deux pays veulent entamer cette coop\u00e9ration \u00ab\u00a0d\u00e8s que possible\u00a0\u00bb, a-t-il ajout\u00e9 sans pouvoir donner de date.<\/p>\n<p>Kiev compte acheter plus de 100 avions Gripen<\/p>\n<p data-module=\"article-paragraph\" class=\"jsx-3046738180 Paragraph\">La Su\u00e8de est un solide soutien de l&rsquo;Ukraine et les deux pays ont sign\u00e9 r\u00e9cemment une lettre d&rsquo;intention avec pour objectif l&rsquo;achat par Kiev de 100 \u00e0 150 <a href=\"https:\/\/www.tf1info.fr\/societe\/j-ai-besoin-de-230-avions-de-combat-l-appel-de-chef-d-etat-major-de-l-armee-de-l-air-pour-tenir-dans-la-duree-2405207.html\" target=\"_blank\" rel=\"noopener\">avions de chasse<\/a> Gripen E. Ce mod\u00e8le est le plus r\u00e9cent, produit par le groupe su\u00e9dois Saab et dont l&rsquo;arm\u00e9e su\u00e9doise a re\u00e7u les premiers exemplaires le 20 octobre dernier. Le ministre ukrainien a dit qu&rsquo;il \u00e9tait pr\u00eat \u00e0 envoyer en Su\u00e8de des pilotes et des m\u00e9caniciens d\u00e8s \u00e0 pr\u00e9sent pour se former sur le Gripen. Il a aussi \u00ab\u00a0demand\u00e9 \u00e0 la Su\u00e8de en tant qu&rsquo;amie de transf\u00e9rer des Gripen existants d\u00e8s l&rsquo;an prochain\u00a0\u00bb, en r\u00e9f\u00e9rence \u00e0 des mod\u00e8les plus anciens. Le chef du gouvernement su\u00e9dois, Ulf Kristersson, avait indiqu\u00e9 esp\u00e9rer que la livraison des premiers appareils Gripen E pourrait avoir lieu dans les trois ans.<\/p>\n<p data-module=\"article-paragraph\" class=\"jsx-3046738180 Paragraph Paragraph__End\">Concernant le financement de cet achat, Denys Chmyhal a expliqu\u00e9 que quatre pistes \u00e9taient \u00e0 l&rsquo;\u00e9tude : le recours aux avoirs russes gel\u00e9s, un financement par la Su\u00e8de, des apports europ\u00e9ens et des fonds internationaux.<\/p>\n<p><a href=\"https:\/\/www.tf1info.fr\/international\/mer-baltique-un-sous-marin-russe-suivi-par-l-armee-suedoise-2400691.html\" rel=\"noopener\" class=\"jsx-3308031228 Link flex\" target=\"_blank\"><img decoding=\"async\" src=\"https:\/\/www.europesays.com\/fr\/wp-content\/uploads\/2025\/11\/finlande-mer-baltique-8fc569-0@1x.jpeg\" alt=\"AFP\" loading=\"lazy\" importance=\"low\" fetchpriority=\"low\" class=\"\" aria-hidden=\"true\"\/><\/p>\n<p class=\"jsx-3657663356 ReadMoreArticle__Title\">Lire aussi<\/p>\n<p class=\"jsx-3657663356\">Un sous-marin russe rep\u00e9r\u00e9 et suivi par l&rsquo;arm\u00e9e su\u00e9doise en mer Baltique<\/p>\n<p><\/a><\/p>\n<p data-module=\"article-paragraph\" class=\"jsx-3046738180 Paragraph Paragraph__End\">En 2014, la Su\u00e8de avait suspendu son projet d&rsquo;envoyer ses avions de combat en Ukraine, apr\u00e8s que les pays partenaires avaient demand\u00e9 que la priorit\u00e9 soit donn\u00e9e aux F-16 am\u00e9ricains.<\/p>\n<p>J.C avec AFP<\/p>\n","protected":false},"excerpt":{"rendered":"La Su\u00e8de et l&rsquo;Ukraine ont sign\u00e9 ce jeudi une lettre d&rsquo;intention en vue de cr\u00e9er un centre sur&hellip;\n","protected":false},"author":2,"featured_media":516970,"comment_status":"","ping_status":"","sticky":false,"template":"","format":"standard","meta":{"footnotes":""},"categories":[1590],"tags":[1111,11,1921,1777,674,1922,12,7199,220,1917,133,1920],"class_list":{"0":"post-516969","1":"post","2":"type-post","3":"status-publish","4":"format-standard","5":"has-post-thumbnail","7":"category-ukraine","8":"tag-actu","9":"tag-actualites","10":"tag-article-video","11":"tag-eu","12":"tag-europe","13":"tag-info","14":"tag-news","15":"tag-suede","16":"tag-ukraine","17":"tag-ukraine-4-annee-de-guerre","18":"tag-video","19":"tag-video-international"},"share_on_mastodon":{"url":"https:\/\/pubeurope.com\/@fr\/115505297725542668","error":""},"_links":{"self":[{"href":"https:\/\/www.europesays.com\/fr\/wp-json\/wp\/v2\/posts\/516969","targetHints":{"allow":["GET"]}}],"collection":[{"href":"https:\/\/www.europesays.com\/fr\/wp-json\/wp\/v2\/posts"}],"about":[{"href":"https:\/\/www.europesays.com\/fr\/wp-json\/wp\/v2\/types\/post"}],"author":[{"embeddable":true,"href":"https:\/\/www.europesays.com\/fr\/wp-json\/wp\/v2\/users\/2"}],"replies":[{"embeddable":true,"href":"https:\/\/www.europesays.com\/fr\/wp-json\/wp\/v2\/comments?post=516969"}],"version-history":[{"count":0,"href":"https:\/\/www.europesays.com\/fr\/wp-json\/wp\/v2\/posts\/516969\/revisions"}],"wp:featuredmedia":[{"embeddable":true,"href":"https:\/\/www.europesays.com\/fr\/wp-json\/wp\/v2\/media\/516970"}],"wp:attachment":[{"href":"https:\/\/www.europesays.com\/fr\/wp-json\/wp\/v2\/media?parent=516969"}],"wp:term":[{"taxonomy":"category","embeddable":true,"href":"https:\/\/www.europesays.com\/fr\/wp-json\/wp\/v2\/categories?post=516969"},{"taxonomy":"post_tag","embeddable":true,"href":"https:\/\/www.europesays.com\/fr\/wp-json\/wp\/v2\/tags?post=516969"}],"curies":[{"name":"wp","href":"https:\/\/api.w.org\/{rel}","templated":true}]}}