{"id":516971,"date":"2025-11-06T23:15:12","date_gmt":"2025-11-06T23:15:12","guid":{"rendered":"https:\/\/www.europesays.com\/fr\/516971\/"},"modified":"2025-11-06T23:15:12","modified_gmt":"2025-11-06T23:15:12","slug":"une-enseignante-blessee-par-balle-par-un-enfant-de-6-ans-indemnisee-10-millions-de-dollars","status":"publish","type":"post","link":"https:\/\/www.europesays.com\/fr\/516971\/","title":{"rendered":"une enseignante bless\u00e9e par balle par un enfant de 6 ans indemnis\u00e9e 10 millions de dollars"},"content":{"rendered":"<p>\n    Touch\u00e9e \u00e0 la main et \u00e0 la poitrine par une balle, en janvier 2023, l\u2019institutrice avait \u00e9t\u00e9 hospitalis\u00e9e pendant deux semaines.<\/p>\n<p class=\"fig-paragraph\">Un tribunal am\u00e9ricain a accord\u00e9 jeudi 10 millions de dollars de dommages et int\u00e9r\u00eats \u00e0 une ancienne institutrice bless\u00e9e par balle par un \u00e9l\u00e8ve de six ans dans son \u00e9cole. En janvier 2023, un enfant en possession d&rsquo;une\u00a0<a href=\"https:\/\/www.lefigaro.fr\/tag\/armes-a-feu\" target=\"_blank\" rel=\"nofollow noopener\" data-gtm-custom-categorie=\"navigation\" data-gtm-custom-action=\"crossclick\" data-gtm-custom-label=\"Contextuel\" data-gtm-event=\"customEventSPE\">arme \u00e0 feu<\/a>\u00a0avait tir\u00e9 sur Abby Zwerner, 28 ans, dans une \u00e9cole primaire de Newport News, en Virginie. Touch\u00e9e \u00e0 la main et \u00e0 la poitrine par une balle, elle avait \u00e9t\u00e9 hospitalis\u00e9e pendant deux semaines.<\/p>\n<p class=\"fig-paragraph\">L&rsquo;enseignante avait port\u00e9 plainte contre la directrice adjointe de l&rsquo;\u00e9tablissement, Ebony Parker, l&rsquo;accusant d&rsquo;avoir ignor\u00e9 des avertissements selon lesquels l&rsquo;enfant avait apport\u00e9 une arme \u00e0 l&rsquo;\u00e9cole. Elle demandait 40 millions de dollars de d\u00e9dommagement, d\u00e9non\u00e7ant une grave n\u00e9gligence. Lors du proc\u00e8s, elle a affirm\u00e9 \u00e0 la barre avoir cru mourir.<\/p>\n<p>                                    <a class=\"fig-a11y-skip a11y-hidden\" href=\"#fig-a11y-skip-main-inarticle\"><br \/>\n        Passer la publicit\u00e9<br \/>\n    <\/a><\/p>\n<p class=\"fig-paragraph\">La m\u00e8re de l&rsquo;\u00e9l\u00e8ve qui a tir\u00e9 sur l&rsquo;enseignante avait d\u00e9j\u00e0 \u00e9t\u00e9 condamn\u00e9e \u00e0 pr\u00e8s de quatre ans de prison apr\u00e8s avoir \u00e9t\u00e9 reconnue coupable de n\u00e9gligence envers son enfant et d&rsquo;un chef d&rsquo;inculpation li\u00e9 \u00e0 l&rsquo;arme \u00e0 feu. De son c\u00f4t\u00e9, l&rsquo;enfant n&rsquo;a pas \u00e9t\u00e9 inqui\u00e9t\u00e9.<\/p>\n<p class=\"fig-paragraph\">Si les accidents impliquant des jeunes enfants avec des armes \u00e0 feu dans leurs foyers sont fr\u00e9quents aux \u00c9tats-Unis, des cas de tirs par des enfants de moins de 10 ans dans les \u00e9coles sont rares. Une base de donn\u00e9es compil\u00e9e par le chercheur am\u00e9ricain David Riedman en a recens\u00e9 environ 15 de ce type depuis les ann\u00e9es 1970.<\/p>\n","protected":false},"excerpt":{"rendered":"Touch\u00e9e \u00e0 la main et \u00e0 la poitrine par une balle, en janvier 2023, l\u2019institutrice avait \u00e9t\u00e9 hospitalis\u00e9e&hellip;\n","protected":false},"author":2,"featured_media":516972,"comment_status":"","ping_status":"","sticky":false,"template":"","format":"standard","meta":{"footnotes":""},"categories":[1589],"tags":[11,5141,73,1866,12,1864,1865,1863,308],"class_list":{"0":"post-516971","1":"post","2":"type-post","3":"status-publish","4":"format-standard","5":"has-post-thumbnail","7":"category-etats-unis","8":"tag-actualites","9":"tag-arme-a-feu","10":"tag-etats-unis","11":"tag-etats-unis-damerique","12":"tag-news","13":"tag-united-states","14":"tag-united-states-of-america","15":"tag-us","16":"tag-usa"},"share_on_mastodon":{"url":"https:\/\/pubeurope.com\/@fr\/115505301029530628","error":""},"_links":{"self":[{"href":"https:\/\/www.europesays.com\/fr\/wp-json\/wp\/v2\/posts\/516971","targetHints":{"allow":["GET"]}}],"collection":[{"href":"https:\/\/www.europesays.com\/fr\/wp-json\/wp\/v2\/posts"}],"about":[{"href":"https:\/\/www.europesays.com\/fr\/wp-json\/wp\/v2\/types\/post"}],"author":[{"embeddable":true,"href":"https:\/\/www.europesays.com\/fr\/wp-json\/wp\/v2\/users\/2"}],"replies":[{"embeddable":true,"href":"https:\/\/www.europesays.com\/fr\/wp-json\/wp\/v2\/comments?post=516971"}],"version-history":[{"count":0,"href":"https:\/\/www.europesays.com\/fr\/wp-json\/wp\/v2\/posts\/516971\/revisions"}],"wp:featuredmedia":[{"embeddable":true,"href":"https:\/\/www.europesays.com\/fr\/wp-json\/wp\/v2\/media\/516972"}],"wp:attachment":[{"href":"https:\/\/www.europesays.com\/fr\/wp-json\/wp\/v2\/media?parent=516971"}],"wp:term":[{"taxonomy":"category","embeddable":true,"href":"https:\/\/www.europesays.com\/fr\/wp-json\/wp\/v2\/categories?post=516971"},{"taxonomy":"post_tag","embeddable":true,"href":"https:\/\/www.europesays.com\/fr\/wp-json\/wp\/v2\/tags?post=516971"}],"curies":[{"name":"wp","href":"https:\/\/api.w.org\/{rel}","templated":true}]}}