{"id":516979,"date":"2025-11-06T23:19:13","date_gmt":"2025-11-06T23:19:13","guid":{"rendered":"https:\/\/www.europesays.com\/fr\/516979\/"},"modified":"2025-11-06T23:19:13","modified_gmt":"2025-11-06T23:19:13","slug":"je-suis-plutot-positif-mais-je-reste-vigilant-declare-macron-sur-la-possibilite-dun-accord-commercial-ue-mercosur","status":"publish","type":"post","link":"https:\/\/www.europesays.com\/fr\/516979\/","title":{"rendered":"\u00ab\u00a0Je suis plut\u00f4t positif, mais je reste vigilant\u00a0\u00bb, d\u00e9clare Macron sur la possibilit\u00e9 d&rsquo;un accord commercial UE-Mercosur"},"content":{"rendered":"<ul class=\"jsx-862013697 ArticleChapo__List\">\n<li class=\"jsx-862013697 ArticleChapo__List_Item flex\">Le pr\u00e9sident fran\u00e7ais Emmanuel Macron s&rsquo;est dit \u00ab\u00a0plut\u00f4t positif\u00a0\u00bb jeudi sur la possibilit\u00e9 d&rsquo;accepter l&rsquo;accord commercial entre l&rsquo;UE et le Mercosur.<\/li>\n<li class=\"jsx-862013697 ArticleChapo__List_Item flex\">\u00ab\u00a0Je suis plut\u00f4t positif, mais je reste vigilant\u00a0\u00bb, a d\u00e9clar\u00e9 M. Macron aux journalistes, en marge du sommet des chefs d&rsquo;\u00c9tats qui pr\u00e9c\u00e8de la COP30 au Br\u00e9sil.<\/li>\n<\/ul>\n<p data-module=\"article-paragraph\" class=\"jsx-3046738180 Paragraph\">Un \u00e9pilogue en approche ? Le pr\u00e9sident fran\u00e7ais Emmanuel Macron s&rsquo;est dit \u00ab\u00a0plut\u00f4t positif\u00a0\u00bb jeudi sur la possibilit\u00e9 d&rsquo;accepter l&rsquo;accord commercial entre l&rsquo;Union europ\u00e9enne et le Mercosur, tr\u00e8s critiqu\u00e9 en France, m\u00eame s&rsquo;il a affirm\u00e9 rester \u00ab\u00a0vigilant\u00a0\u00bb.<\/p>\n<p data-module=\"article-paragraph\" class=\"jsx-3046738180 Paragraph Paragraph__End\">\u00ab\u00a0Je suis plut\u00f4t positif, mais je reste vigilant parce que je d\u00e9fends aussi les int\u00e9r\u00eats de la France\u00a0\u00bb, a d\u00e9clar\u00e9 M. Macron aux journalistes, en marge du sommet des chefs d&rsquo;\u00c9tats qui pr\u00e9c\u00e8de la COP30 \u00e0 Belem, au Br\u00e9sil.<\/p>\n<p>La r\u00e9daction de TF1info avec AFP<\/p>\n","protected":false},"excerpt":{"rendered":"Le pr\u00e9sident fran\u00e7ais Emmanuel Macron s&rsquo;est dit \u00ab\u00a0plut\u00f4t positif\u00a0\u00bb jeudi sur la possibilit\u00e9 d&rsquo;accepter l&rsquo;accord commercial entre l&rsquo;UE&hellip;\n","protected":false},"author":2,"featured_media":516980,"comment_status":"","ping_status":"","sticky":false,"template":"","format":"standard","meta":{"footnotes":""},"categories":[1586],"tags":[1111,11,1921,2548,53082,1073,1777,674,1779,1011,27,1922,12,25,1778,364,133,1920],"class_list":{"0":"post-516979","1":"post","2":"type-post","3":"status-publish","4":"format-standard","5":"has-post-thumbnail","7":"category-europe","8":"tag-actu","9":"tag-actualites","10":"tag-article-video","11":"tag-bresil","12":"tag-cop30","13":"tag-emmanuel-macron","14":"tag-eu","15":"tag-europe","16":"tag-european-union","17":"tag-fr","18":"tag-france","19":"tag-info","20":"tag-news","21":"tag-republique-francaise","22":"tag-ue","23":"tag-union-europeenne","24":"tag-video","25":"tag-video-international"},"share_on_mastodon":{"url":"https:\/\/pubeurope.com\/@fr\/115505316873677942","error":""},"_links":{"self":[{"href":"https:\/\/www.europesays.com\/fr\/wp-json\/wp\/v2\/posts\/516979","targetHints":{"allow":["GET"]}}],"collection":[{"href":"https:\/\/www.europesays.com\/fr\/wp-json\/wp\/v2\/posts"}],"about":[{"href":"https:\/\/www.europesays.com\/fr\/wp-json\/wp\/v2\/types\/post"}],"author":[{"embeddable":true,"href":"https:\/\/www.europesays.com\/fr\/wp-json\/wp\/v2\/users\/2"}],"replies":[{"embeddable":true,"href":"https:\/\/www.europesays.com\/fr\/wp-json\/wp\/v2\/comments?post=516979"}],"version-history":[{"count":0,"href":"https:\/\/www.europesays.com\/fr\/wp-json\/wp\/v2\/posts\/516979\/revisions"}],"wp:featuredmedia":[{"embeddable":true,"href":"https:\/\/www.europesays.com\/fr\/wp-json\/wp\/v2\/media\/516980"}],"wp:attachment":[{"href":"https:\/\/www.europesays.com\/fr\/wp-json\/wp\/v2\/media?parent=516979"}],"wp:term":[{"taxonomy":"category","embeddable":true,"href":"https:\/\/www.europesays.com\/fr\/wp-json\/wp\/v2\/categories?post=516979"},{"taxonomy":"post_tag","embeddable":true,"href":"https:\/\/www.europesays.com\/fr\/wp-json\/wp\/v2\/tags?post=516979"}],"curies":[{"name":"wp","href":"https:\/\/api.w.org\/{rel}","templated":true}]}}