{"id":516986,"date":"2025-11-06T23:25:12","date_gmt":"2025-11-06T23:25:12","guid":{"rendered":"https:\/\/www.europesays.com\/fr\/516986\/"},"modified":"2025-11-06T23:25:12","modified_gmt":"2025-11-06T23:25:12","slug":"france-afrique-du-sud-2023-la-plaie-est-toujours-ouverte-autopsie-des-decisions-contestees-de-larbitre-ben-okeeffe-lequipe","status":"publish","type":"post","link":"https:\/\/www.europesays.com\/fr\/516986\/","title":{"rendered":"France-Afrique du Sud 2023, la plaie est toujours ouverte : autopsie des d\u00e9cisions contest\u00e9es de l&#039;arbitre Ben O&#039;Keeffe &#8211; L&#039;\u00c9quipe"},"content":{"rendered":"<ol>\n<li><a href=\"https:\/\/news.google.com\/rss\/articles\/CBMi7gFBVV95cUxOTnRzTVJZWmZhZmtwM0Z0LUxRcDRrMHdVOXEwb0xnY3VZUTNrLUEtSllOemZUeUMwMDRkR3dsbzFkVkwzYUlGb25iTi1JMy1BN0U5OXA4QlBLZndJMlJZeGxWQ2E3VDFaNUExZW9HcDROWHhjV1YyWE5xeUg4eU9zTlljbHF2MGI2V2laZjlGcE1KZ2I1cWdGQWFjMDIyTXQxMkpGQWRBcHp2N1E2R2lCWWMyMmtBTHZvLTl1cmp3NnpkTFozS3FWamU0b2k3ejV6S3Q1bk5VNVZkdmFTUENJTWhwQ2NiWEoyN0E4bnpn?oc=5\" target=\"_blank\" rel=\"nofollow noopener\">France-Afrique du Sud 2023, la plaie est toujours ouverte : autopsie des d\u00e9cisions contest\u00e9es de l&rsquo;arbitre Ben O&rsquo;Keeffe<\/a>&nbsp;&nbsp;L&rsquo;\u00c9quipe<\/li>\n<li><a href=\"https:\/\/news.google.com\/rss\/articles\/CBMi_wFBVV95cUxPREFnSGtzQXJFQ1RtWTA0eERHSkhua2RVQ1pxQlBLX3l2S2RsX21BdlZESFl0VXVqYk5DUE51UDl3Rm9MUjlqQUkwSGw3SFFBT3NxdU5QRXpUZDZFTEdFLUwyaWR3dkktVEdQclo2ME9NTTdDdlNqaTAtMTJFUk1nUUwxcy1iZFgtRS1CR21NRDVWRkVFMV9xZjZQenRPNm9FQThwRTBaWlJTNGlpOHdYd1V6N0t4LWtmZjFETXJOdTgwOUdCai1zcmNBeURLY0VLZU9odGVPODZKY0RuT2ZmbHRRdnR3X2ktY1MyV3k3VGg0aE5oU05NYnZFZVJtZDA?oc=5\" target=\"_blank\" rel=\"nofollow noopener\">Le choix du capitaine, Guillard pr\u00e9f\u00e9r\u00e9 \u00e0 Alldritt : Galthi\u00e9 justifie ses choix<\/a>&nbsp;&nbsp;Rugbyrama<\/li>\n<li><a href=\"https:\/\/news.google.com\/rss\/articles\/CBMi0wFBVV95cUxNX1V5cHYwaktTMVNxLW9qS1FCbFRwTTdPUXVranlpM3R4Q1NQMVI5QkUwOG5JalZkUmpKVnRscXRpOXRDYXlJRFZQV3R3anZjS19sejhJNFZ3N1JFSGdwNlJKWDRZbWJTMHI2WWdvUEhJUF9xNFIwWFpQcktPcDJVUm9XX1JmWUpvQXB0cHJsNW5Ga3dZOEV5TTM2X1VOOFpVNEJKUkV3NzJmZGRGSVRia182LTJTcWowbENaYTBQc1NnT2YxRTY4NlhkR1lzcTVrZU9r0gHSAUFVX3lxTFBLOTIzZVN3aWN5ZEFZRmpqNVpiaUN1c0h1UjcwYmRGQThaaGc0Ui1FNklMd09QVkwwcnRMU2huSXlwdjRlOUdVMkdWbGFlVTBqdVd2SE1jUThNdHRVbWZ0VmdiNmtBSTU1OUUzeEpCbENiUTdob1p6Y3lZNXo3WTNLZ2VGR3dTVVVFMzNpSlNMQnlwcnhUSGNDVk50eVdyOEFwWC04R0s3OTJTUTRrNms5RjFaRjBxbHlwOTAzaW9wRXM1ZnZmQUJzdVZSbC01WDFpZw?oc=5\" target=\"_blank\" rel=\"nofollow noopener\">Afrique du Sud : Kolisi f\u00eatera sa 100e s\u00e9lection contre les Bleus : Sports &#8211; Orange<\/a>&nbsp;&nbsp;Sports &#8211; Orange<\/li>\n<li><a href=\"https:\/\/news.google.com\/rss\/articles\/CBMi8gFBVV95cUxOX3VQLWlHVDRrOTcxMkNHOW1wOHhib08wSUFYeDBDc2RBTHF0MVJKOHRhM3laV2wzMUhwblB5bUdlazhKVVl0ZmVxb3BubUQyWXBQZHh4YkFLWHZYWTR6dnZNMjg4SW1qV2plcmppdGxGR3oxOU1hVm1Pd2o3VmpfLTFBRkRHQXlxV05VYmZEWi1HblpfMi1PQ2t5WTRpLUpzOXhrX0FTOElhRzN3eHVsU01DQ0pfdU1fMjlGR0k3eXNGenplTjFtNW5kZ3ZDY2duSlg3Z2JEZzRfQURrYUczRG12RjZrMjJ4SDlpMjkwVFczUQ?oc=5\" target=\"_blank\" rel=\"nofollow noopener\">Ga\u00ebl Fickou, capitaine d\u2019un XV de France renouvel\u00e9 pour les retrouvailles avec l\u2019Afrique du Sud<\/a>&nbsp;&nbsp;Le Monde.fr<\/li>\n<li><a href=\"https:\/\/news.google.com\/rss\/articles\/CBMi9wFBVV95cUxPejBCc0NPSWRXdzQyc195MDAyVjJuaHQ5dHN6Tm5DOEJySXh6b2dkVDVKWjNOa0lmYVFOeHBGeFQ0aVNFN0VXeTFUQ0tRM3g1ZElkUjRQVmMyYk1LTmxkNFpmMVYxTmZNaWc1XzNTaERlSUFzbk5XMlUtVW9wcGtkQ0RhV2tHQWZmbGRLUUJHazRaajFqYUFoMHhsZ0RZX1h6T0Y1Q0VVWU1IdndJOWFTWnFBUjFQVE1yUnBmM3hGTWxEbS1wQjV5OVI4a0xOU0VTVE5DSFNyZjJUdV9VSWZDZllIZWVaX2FHb3FMWjUyNUVwRV8yeC13?oc=5\" target=\"_blank\" rel=\"nofollow noopener\">France-Afrique du Sud : le poids de l\u2019exp\u00e9rience des Springboks face \u00e0 des Bleus priv\u00e9s de plusieurs cadres<\/a>&nbsp;&nbsp;Le Figaro<\/li>\n<\/ol>\n","protected":false},"excerpt":{"rendered":"France-Afrique du Sud 2023, la plaie est toujours ouverte : autopsie des d\u00e9cisions contest\u00e9es de l&rsquo;arbitre Ben O&rsquo;Keeffe&nbsp;&nbsp;L&rsquo;\u00c9quipe&hellip;\n","protected":false},"author":2,"featured_media":516987,"comment_status":"","ping_status":"","sticky":false,"template":"","format":"standard","meta":{"footnotes":""},"categories":[1416],"tags":[1011,27,479,1468,60],"class_list":{"0":"post-516986","1":"post","2":"type-post","3":"status-publish","4":"format-standard","5":"has-post-thumbnail","7":"category-rugby","8":"tag-fr","9":"tag-france","10":"tag-rugby","11":"tag-rugby-football","12":"tag-sports"},"share_on_mastodon":{"url":"https:\/\/pubeurope.com\/@fr\/115505340426701830","error":""},"_links":{"self":[{"href":"https:\/\/www.europesays.com\/fr\/wp-json\/wp\/v2\/posts\/516986","targetHints":{"allow":["GET"]}}],"collection":[{"href":"https:\/\/www.europesays.com\/fr\/wp-json\/wp\/v2\/posts"}],"about":[{"href":"https:\/\/www.europesays.com\/fr\/wp-json\/wp\/v2\/types\/post"}],"author":[{"embeddable":true,"href":"https:\/\/www.europesays.com\/fr\/wp-json\/wp\/v2\/users\/2"}],"replies":[{"embeddable":true,"href":"https:\/\/www.europesays.com\/fr\/wp-json\/wp\/v2\/comments?post=516986"}],"version-history":[{"count":0,"href":"https:\/\/www.europesays.com\/fr\/wp-json\/wp\/v2\/posts\/516986\/revisions"}],"wp:featuredmedia":[{"embeddable":true,"href":"https:\/\/www.europesays.com\/fr\/wp-json\/wp\/v2\/media\/516987"}],"wp:attachment":[{"href":"https:\/\/www.europesays.com\/fr\/wp-json\/wp\/v2\/media?parent=516986"}],"wp:term":[{"taxonomy":"category","embeddable":true,"href":"https:\/\/www.europesays.com\/fr\/wp-json\/wp\/v2\/categories?post=516986"},{"taxonomy":"post_tag","embeddable":true,"href":"https:\/\/www.europesays.com\/fr\/wp-json\/wp\/v2\/tags?post=516986"}],"curies":[{"name":"wp","href":"https:\/\/api.w.org\/{rel}","templated":true}]}}