{"id":516988,"date":"2025-11-06T23:26:12","date_gmt":"2025-11-06T23:26:12","guid":{"rendered":"https:\/\/www.europesays.com\/fr\/516988\/"},"modified":"2025-11-06T23:26:12","modified_gmt":"2025-11-06T23:26:12","slug":"clement-tabur-sincline-en-quarts-de-finale-du-tournoi-atp-250-de-metz-et-voit-sarreter-son-magnifique-parcours-lequipe","status":"publish","type":"post","link":"https:\/\/www.europesays.com\/fr\/516988\/","title":{"rendered":"Cl\u00e9ment Tabur s&#039;incline en quarts de finale du tournoi ATP 250 de Metz et voit s&#039;arr\u00eater son magnifique parcours &#8211; L&#039;\u00c9quipe"},"content":{"rendered":"<ol>\n<li><a href=\"https:\/\/news.google.com\/rss\/articles\/CBMi8wFBVV95cUxORnZFdjJ2WGVxakZRMjB5LU15YjRvWWh3RDZyTlljTVYxN2tlMjdPbzB4MFh1N3Fna3VfeTU3SU9DRFZycGRMYVJpSTBmeDZ1TmxKbGJhMFYwblJiQzdjZU52NVdfMG1rV0NpNnhDUzM3djVYN1RrR1R3VEQ0akNvZzhLU2M0dGloRXVLd2F2Q2FXeW1GNFdmbVcyMTZ3TUpZa1A1SnlGYTI1b1lOVERCbWdUUFFMQm1QUlU1UTMtTVR6UmlqRXZ1QlZ4SXNySkZ5eEtDR2kxYmdSTlh6b2YweDRWTzdRNFc4eWFUS1U2bFQtb00?oc=5\" target=\"_blank\" rel=\"nofollow noopener\">Cl\u00e9ment Tabur s&rsquo;incline en quarts de finale du tournoi ATP 250 de Metz et voit s&rsquo;arr\u00eater son magnifique parcours<\/a>&nbsp;&nbsp;L&rsquo;\u00c9quipe<\/li>\n<li><a href=\"https:\/\/news.google.com\/rss\/articles\/CBMioAJBVV95cUxQM2dKR3JzYVMtSHlIVWl6U0YzcHpaem9qeXJFTnpQSHl3RHRuaTRFT1F1RTlXUE9LZjNXcjEwVjVaNGpObG1PMHIzdElFWGQ0QTg5eVVZVGFaMVR0cG9TQzRvOWNGSF9uY0RkZGRJc0JxY3h0ZjBudlczRWJDX0FaUVdRS180eHdWc3Z5WVMzOE5zdEhMbnZCR0JaSmRPTy05dmpyQXBxN00yYzN0bXJMano4RERhbC13VzZ3dEhndTZES28yR0lSRTZ4Q1plT2swTW1KZFUyb3hwQlZ6T25HZFZhR1p1WHRlRF90cGRQOGt1V3ZkV2RzdkxNUWdTVFFWd3ZObF9fNTlzMXFSb1lzRktNLXg5aVBiM29ZeU02cnA?oc=5\" target=\"_blank\" rel=\"nofollow noopener\">INSOLITE. Apr\u00e8s deux exploits, ce tennisman du Maine-et-Loire retrouve en quart de finale un joueur qu\u2019il a d\u00e9j\u00e0 \u00e9limin\u00e9<\/a>&nbsp;&nbsp;Ouest-France<\/li>\n<li><a href=\"https:\/\/news.google.com\/rss\/articles\/CBMiygFBVV95cUxPVlFCQ2k5NTFsRXdjV3FtV3VudHh6UktyZ05DUHBHQ05MNVA2VGZZNENiMEpHcmJSaHF5YmY5MTl1UzdTZ3paRVpraHRHbXdKbFNNUE5vZHE3Qk9FTjZaSW9fUGdXUXJFNW9udktDZHh4bzl2MkhkV3dsWlBScHdreGlIa09qSktkSTZValN0M1VpeDdwQWFZemcxUVZPMFNTMGRSbGVRaDJLVTlKMDMxeXBPN1ZIajdKSHl0UURDNFQ2b2N5ak02UXR3?oc=5\" target=\"_blank\" rel=\"nofollow noopener\">Tennis : La belle histoire de Cl\u00e9ment Tabur, r\u00e9v\u00e9lation fran\u00e7aise de l\u2019Open de Moselle<\/a>&nbsp;&nbsp;Le Figaro<\/li>\n<li><a href=\"https:\/\/news.google.com\/rss\/articles\/CBMiiwJBVV95cUxPWnJFUmE5OWhtU3dKQzJaaVJEazZMalhTRUk2Qnl2SVdxNTdUdC1PSmZhREtoa1JTak1uTjVOcXlKb1BmVjMzWGNoTGMzQ3FINjlBSnhhcDBSNHFISDVVTW5LdHRGd1hwazdvU2hiWmtXb2xfdUtBSzNpYUNrekVlNUxKNFViSk9xZ19BSE5NaUNkWVBtbzVpX09lbXJMLXhOLVVYN1lOR293Sk5kbkdFUkVUWVNhTW95cnZvUWkzR3V2SVVmR3dhNld3RFZOdXdxWFV2VkNvQnBWNU84Yjd3eUE5VzVkN0tJVlA3MUozYXhZOEdoMlZZUGc4eE4wRzdJa01KcUUtRHdmTGs?oc=5\" target=\"_blank\" rel=\"nofollow noopener\">Cl\u00e9ment Tabur poursuit sa folle aventure \u00e0 Metz en battant le Belge Alexander Blockx pour rallier les quarts de finale<\/a>&nbsp;&nbsp;MSN<\/li>\n<li><a href=\"https:\/\/news.google.com\/rss\/articles\/CBMihAJBVV95cUxOZEU2QnlhZ29UZUZYclZyQThRUVN4eTRaNU5mQVZNbjF0Q3JUZ0NrQlhiNThyRkhYbUJEM2dubk9GQ29nd2RsUVdQcG9ObGtFTHpBeUpmMlk3Mi00YjIxWUctVGZ0R1IzclNYQTRrNXlPUGk2WXdUVGdoMHg0aEVOb2xDb1A2UFZpekJSc00tN0hHVG1MbDZibVd4U1Y5Nm1XZ0FYNm93ZlhMZWZVdXF6LWRZWGZSU1Zfa2JOQzB1Q3hxNjJzcVRpbndRc0RVb2NkamViOWlFVklpVmxRSGtjcmlIX1puemw0SEJENkk5eWJCNk44bnNieXA2MWlQLVpoT3dRRw?oc=5\" target=\"_blank\" rel=\"nofollow noopener\">Nouvel exploit pour Cl\u00e9ment Tabur : au terme d\u2019un match fou, le tennisman de Maine-et-Loire file<\/a>&nbsp;&nbsp;Maville<\/li>\n<\/ol>\n","protected":false},"excerpt":{"rendered":"Cl\u00e9ment Tabur s&rsquo;incline en quarts de finale du tournoi ATP 250 de Metz et voit s&rsquo;arr\u00eater son magnifique&hellip;\n","protected":false},"author":2,"featured_media":516989,"comment_status":"","ping_status":"","sticky":false,"template":"","format":"standard","meta":{"footnotes":""},"categories":[1415],"tags":[1011,27,60,1467],"class_list":{"0":"post-516988","1":"post","2":"type-post","3":"status-publish","4":"format-standard","5":"has-post-thumbnail","7":"category-tennis","8":"tag-fr","9":"tag-france","10":"tag-sports","11":"tag-tennis"},"share_on_mastodon":{"url":"https:\/\/pubeurope.com\/@fr\/115505344190357040","error":""},"_links":{"self":[{"href":"https:\/\/www.europesays.com\/fr\/wp-json\/wp\/v2\/posts\/516988","targetHints":{"allow":["GET"]}}],"collection":[{"href":"https:\/\/www.europesays.com\/fr\/wp-json\/wp\/v2\/posts"}],"about":[{"href":"https:\/\/www.europesays.com\/fr\/wp-json\/wp\/v2\/types\/post"}],"author":[{"embeddable":true,"href":"https:\/\/www.europesays.com\/fr\/wp-json\/wp\/v2\/users\/2"}],"replies":[{"embeddable":true,"href":"https:\/\/www.europesays.com\/fr\/wp-json\/wp\/v2\/comments?post=516988"}],"version-history":[{"count":0,"href":"https:\/\/www.europesays.com\/fr\/wp-json\/wp\/v2\/posts\/516988\/revisions"}],"wp:featuredmedia":[{"embeddable":true,"href":"https:\/\/www.europesays.com\/fr\/wp-json\/wp\/v2\/media\/516989"}],"wp:attachment":[{"href":"https:\/\/www.europesays.com\/fr\/wp-json\/wp\/v2\/media?parent=516988"}],"wp:term":[{"taxonomy":"category","embeddable":true,"href":"https:\/\/www.europesays.com\/fr\/wp-json\/wp\/v2\/categories?post=516988"},{"taxonomy":"post_tag","embeddable":true,"href":"https:\/\/www.europesays.com\/fr\/wp-json\/wp\/v2\/tags?post=516988"}],"curies":[{"name":"wp","href":"https:\/\/api.w.org\/{rel}","templated":true}]}}