{"id":516990,"date":"2025-11-06T23:30:12","date_gmt":"2025-11-06T23:30:12","guid":{"rendered":"https:\/\/www.europesays.com\/fr\/516990\/"},"modified":"2025-11-06T23:30:12","modified_gmt":"2025-11-06T23:30:12","slug":"joonas-puuraid-rejoint-une-conti-actualite","status":"publish","type":"post","link":"https:\/\/www.europesays.com\/fr\/516990\/","title":{"rendered":"Joonas Puuraid rejoint une Conti &#8211; Actualit\u00e9"},"content":{"rendered":"<p style=\"text-align: justify;\">Membre de Flanders U19 Academy cette saison, Joonas Puuraid \u00e9voluera dans une \u00e9quipe Continentale en 2026. Pour ses d\u00e9buts chez les Espoirs, il s\u2019est engag\u00e9 avec l\u2019\u00e9quipe allemande Bike Aid.\u00a0<\/p>\n<p><strong>L\u2019Estonien a remport\u00e9 cette ann\u00e9e la Druivenkoers Overijse et une \u00e9tape du Huit de Bladel o\u00f9 il a fini 3e du g\u00e9n\u00e9ral. Il s\u2019est par ailleurs class\u00e9 3e de Menin-Kemmel-Menin, 4e du LVM Saarland Trofeo (2e et 4e d\u2019\u00e9tapes), 7e de la Ronde des Vall\u00e9es (4e et 8e d\u2019\u00e9tapes), 9e des Trois Jours d&rsquo;Axel (4e d\u2019\u00e9tape) ou encore 12e des Journ\u00e9es internationales du cyclisme \u00e0 Podh\u00e1jska.<\/strong><\/p>\n<p><strong>Chez Bike Aid,<strong> <a href=\"https:\/\/www.directvelo.com\/actualite\/124667\/une-continentale-pour-victor-vidal\" target=\"_blank\" rel=\"noopener\">il aura pour co\u00e9quipier le Fran\u00e7ais Victor Vidal qui arrive du CC \u00c9tupes<\/a><\/strong><\/strong>.<\/p>\n<p>Retrouvez tous les transferts de l&rsquo;intersaison 2025-2026<strong> <a href=\"https:\/\/www.directvelo.com\/mutations\/2026#pro-conti\" target=\"_blank\" rel=\"noopener\">en cliquant ici<\/a>.<\/strong><\/p>\n","protected":false},"excerpt":{"rendered":"Membre de Flanders U19 Academy cette saison, Joonas Puuraid \u00e9voluera dans une \u00e9quipe Continentale en 2026. Pour ses&hellip;\n","protected":false},"author":2,"featured_media":516991,"comment_status":"","ping_status":"","sticky":false,"template":"","format":"standard","meta":{"footnotes":""},"categories":[1411],"tags":[834,828,836,829,837,827,83,826,824,823,1154,207,814,817,815,816,822,821,832,211,839,1011,27,820,818,819,835,831,830,833,838,60,212,208,825],"class_list":{"0":"post-516990","1":"post","2":"type-post","3":"status-publish","4":"format-standard","5":"has-post-thumbnail","7":"category-cyclisme","8":"tag-attaque","9":"tag-belgique","10":"tag-braquet","11":"tag-bretagne","12":"tag-chute","13":"tag-competition","14":"tag-coupe-de-france","15":"tag-coureur","16":"tag-course-cyclisme","17":"tag-course-cycliste","18":"tag-cycling","19":"tag-cyclisme","20":"tag-direct","21":"tag-direct-velo","22":"tag-directvelo","23":"tag-directvelo-com","24":"tag-epreuve","25":"tag-epreuve-cycliste","26":"tag-federation-francaise-de-cyclisme","27":"tag-ffc","28":"tag-flandres","29":"tag-fr","30":"tag-france","31":"tag-live","32":"tag-live-course","33":"tag-live-epreuve","34":"tag-peloton","35":"tag-radio-peloton","36":"tag-radio-tour","37":"tag-ravitaillement","38":"tag-relance","39":"tag-sports","40":"tag-uci","41":"tag-velo","42":"tag-velos"},"share_on_mastodon":{"url":"https:\/\/pubeurope.com\/@fr\/115505360030297862","error":""},"_links":{"self":[{"href":"https:\/\/www.europesays.com\/fr\/wp-json\/wp\/v2\/posts\/516990","targetHints":{"allow":["GET"]}}],"collection":[{"href":"https:\/\/www.europesays.com\/fr\/wp-json\/wp\/v2\/posts"}],"about":[{"href":"https:\/\/www.europesays.com\/fr\/wp-json\/wp\/v2\/types\/post"}],"author":[{"embeddable":true,"href":"https:\/\/www.europesays.com\/fr\/wp-json\/wp\/v2\/users\/2"}],"replies":[{"embeddable":true,"href":"https:\/\/www.europesays.com\/fr\/wp-json\/wp\/v2\/comments?post=516990"}],"version-history":[{"count":0,"href":"https:\/\/www.europesays.com\/fr\/wp-json\/wp\/v2\/posts\/516990\/revisions"}],"wp:featuredmedia":[{"embeddable":true,"href":"https:\/\/www.europesays.com\/fr\/wp-json\/wp\/v2\/media\/516991"}],"wp:attachment":[{"href":"https:\/\/www.europesays.com\/fr\/wp-json\/wp\/v2\/media?parent=516990"}],"wp:term":[{"taxonomy":"category","embeddable":true,"href":"https:\/\/www.europesays.com\/fr\/wp-json\/wp\/v2\/categories?post=516990"},{"taxonomy":"post_tag","embeddable":true,"href":"https:\/\/www.europesays.com\/fr\/wp-json\/wp\/v2\/tags?post=516990"}],"curies":[{"name":"wp","href":"https:\/\/api.w.org\/{rel}","templated":true}]}}