{"id":516996,"date":"2025-11-06T23:33:20","date_gmt":"2025-11-06T23:33:20","guid":{"rendered":"https:\/\/www.europesays.com\/fr\/516996\/"},"modified":"2025-11-06T23:33:20","modified_gmt":"2025-11-06T23:33:20","slug":"un-duplex-tendance-dans-les-tons-jaune-beurre-ou-larchitecture-est-reduite-au-minimum","status":"publish","type":"post","link":"https:\/\/www.europesays.com\/fr\/516996\/","title":{"rendered":"Un duplex tendance dans les tons jaune beurre o\u00f9 \u00ab l\u2019architecture est r\u00e9duite au minimum \u00bb"},"content":{"rendered":"<p><strong>En Lombardie, ce duplex aux tons jaune beurre mise sur les \u00e9motions et la perception \u00e9motionnelle que peut procurer l\u2019architecture.<\/strong><\/p>\n<p>Beurre, cr\u00e8me et rouge framboise. Un <a href=\"https:\/\/www.admagazine.fr\/article\/desserts-patissiers-gouter-une-fois-vie\" target=\"_blank\" rel=\"noopener\">dessert<\/a> ? Non, le nouveau projet de Boro Design Studio. Cet appartement en Lombardie est en effet la concr\u00e9tisation chromatique des tendances les plus en vogue dans le domaine de la d\u00e9coration d\u2019int\u00e9rieur. Une bo\u00eete enti\u00e8rement jaune, plafonds et sols compris. Avec son approche \u00e9clectique et tout sauf conventionnelle, l\u2019agence d\u2019architecture a revisit\u00e9 l\u2019appartement dans son int\u00e9gralit\u00e9. Nous sommes au c\u0153ur de Siziano, pr\u00e8s de Pavie, une ville universitaire fascinante et impr\u00e9gn\u00e9e d\u2019histoire, souvent sous-estim\u00e9e en raison de sa proximit\u00e9 avec <a href=\"https:\/\/www.admagazine.fr\/article\/milan-loft-atelier-pop-underground\" target=\"_blank\" rel=\"noopener\">Milan<\/a>, mais riche en secrets et en lieux \u00e0 d\u00e9couvrir. Un peu comme ce duplex, qui s\u2019\u00e9tend sur plusieurs niveaux et cache des perspectives uniques. Sergio Arnao, fondateur de l\u2019agence, nous explique que \u00ab dans ce projet, l\u2019architecture est r\u00e9duite au minimum, laissant la place \u00e0 l\u2019exp\u00e9rience sensorielle et perceptive de l\u2019habitat \u00bb.<\/p>\n<p><img decoding=\"async\" alt=\"Divano tavolino cucina tavolo\" loading=\"lazy\" class=\"ResponsiveImageContainer-eNxvmU cfBbTk responsive-image__image\"   src=\"https:\/\/www.europesays.com\/fr\/wp-content\/uploads\/2025\/11\/WEB_25-05-30_SPECCHISTUDIO_005-Modifica.jpg\"\/><\/p>\n<p>Le salon est une pi\u00e8ce unique enti\u00e8rement jaune. Le jaune beurre envahit en effet tout l\u2019espace, du sol au plafond, des murs au mobilier. Seule la cuisine se distingue par le bois des colonnes et le verre fonc\u00e9 de la table de The Masie. Le <a href=\"https:\/\/www.admagazine.fr\/article\/beaux-canapes-sublimer-interieur\" target=\"_blank\" rel=\"noopener\">canap\u00e9<\/a>, sur mesure, se fond dans le d\u00e9cor, tout comme les chaises de Ton. Au premier plan, la table basse noire de Muuto.<\/p>\n<p>Specchi Studio<img decoding=\"async\" alt=\"Tavolo sedie lampada\" loading=\"lazy\" class=\"ResponsiveImageContainer-eNxvmU cfBbTk responsive-image__image\"   src=\"https:\/\/www.europesays.com\/fr\/wp-content\/uploads\/2025\/11\/WEB_25-05-30_SPECCHISTUDIO_028-Modifica.jpg\"\/><\/p>\n<p>Du jaune beurre partout, y compris dans la chemin\u00e9e et l\u2019escalier. Quelques touches de couleurs plus intenses, telles des signes graphiques, d\u00e9finissent l\u2019espace : les lampes, la biblioth\u00e8que sur mesure et la table en verre de The Masie. Le reste des \u00e9l\u00e9ments, y compris le mobilier, dispara\u00eet dans l\u2019architecture.<\/p>\n<p>Specchi StudioQuand la couleur l\u2019emporte<\/p>\n<p>\u00ab L\u2019espace est con\u00e7u comme un environnement fluide et continu, dans lequel chaque \u00e9l\u00e9ment dialogue avec la bo\u00eete \u00bb, explique l\u2019<a href=\"https:\/\/www.admagazine.fr\/article\/architectes-francais-plus-connus\" target=\"_blank\" rel=\"noopener\">architecte<\/a>. C\u2019est dans cette optique gagnante que le jaune beurre prend le dessus, devenant un mat\u00e9riau de construction et mettant en \u00e9vidence \u00ab un \u00e9quilibre calibr\u00e9 entre mati\u00e8re, lumi\u00e8re et couleur \u00bb, sugg\u00e8re le concepteur qui opte pr\u00e9cis\u00e9ment pour \u00ab une palette chromatique ax\u00e9e sur des tons chauds et neutres, qui enveloppent les pi\u00e8ces et sugg\u00e8rent une atmosph\u00e8re feutr\u00e9e et uniforme \u00bb. C\u2019est comme si un voile jaune, d\u00e9licat, s\u2019\u00e9tait pos\u00e9 sur tout l\u2019appartement, y compris la zone nuit. Rien n\u2019est exclu, pas m\u00eame l\u2019escalier, qui est le pivot de l\u2019<a href=\"https:\/\/www.admagazine.fr\/article\/10-concepts-comprendre-architecture\" target=\"_blank\" rel=\"noopener\">architecture<\/a>. Il s\u2019agit \u00ab d\u2019un escalier-sculpture qui rompt la rigueur architecturale du rez-de-chauss\u00e9e avec une g\u00e9om\u00e9trie facett\u00e9e et th\u00e9\u00e2trale \u00bb, scellant un pacte entre la rigueur de la forme et la l\u00e9g\u00e8ret\u00e9.<\/p>\n","protected":false},"excerpt":{"rendered":"En Lombardie, ce duplex aux tons jaune beurre mise sur les \u00e9motions et la perception \u00e9motionnelle que peut&hellip;\n","protected":false},"author":2,"featured_media":516997,"comment_status":"","ping_status":"","sticky":false,"template":"","format":"standard","meta":{"footnotes":""},"categories":[1358],"tags":[1348,1384,1385,1386,58,59,1011,27,452],"class_list":{"0":"post-516996","1":"post","2":"type-post","3":"status-publish","4":"format-standard","5":"has-post-thumbnail","7":"category-arts-et-design","8":"tag-arts","9":"tag-arts-and-design","10":"tag-arts-et-design","11":"tag-design","12":"tag-divertissement","13":"tag-entertainment","14":"tag-fr","15":"tag-france","16":"tag-italie"},"share_on_mastodon":{"url":"https:\/\/pubeurope.com\/@fr\/115505371865309419","error":""},"_links":{"self":[{"href":"https:\/\/www.europesays.com\/fr\/wp-json\/wp\/v2\/posts\/516996","targetHints":{"allow":["GET"]}}],"collection":[{"href":"https:\/\/www.europesays.com\/fr\/wp-json\/wp\/v2\/posts"}],"about":[{"href":"https:\/\/www.europesays.com\/fr\/wp-json\/wp\/v2\/types\/post"}],"author":[{"embeddable":true,"href":"https:\/\/www.europesays.com\/fr\/wp-json\/wp\/v2\/users\/2"}],"replies":[{"embeddable":true,"href":"https:\/\/www.europesays.com\/fr\/wp-json\/wp\/v2\/comments?post=516996"}],"version-history":[{"count":0,"href":"https:\/\/www.europesays.com\/fr\/wp-json\/wp\/v2\/posts\/516996\/revisions"}],"wp:featuredmedia":[{"embeddable":true,"href":"https:\/\/www.europesays.com\/fr\/wp-json\/wp\/v2\/media\/516997"}],"wp:attachment":[{"href":"https:\/\/www.europesays.com\/fr\/wp-json\/wp\/v2\/media?parent=516996"}],"wp:term":[{"taxonomy":"category","embeddable":true,"href":"https:\/\/www.europesays.com\/fr\/wp-json\/wp\/v2\/categories?post=516996"},{"taxonomy":"post_tag","embeddable":true,"href":"https:\/\/www.europesays.com\/fr\/wp-json\/wp\/v2\/tags?post=516996"}],"curies":[{"name":"wp","href":"https:\/\/api.w.org\/{rel}","templated":true}]}}