{"id":516998,"date":"2025-11-06T23:35:31","date_gmt":"2025-11-06T23:35:31","guid":{"rendered":"https:\/\/www.europesays.com\/fr\/516998\/"},"modified":"2025-11-06T23:35:31","modified_gmt":"2025-11-06T23:35:31","slug":"ce-serait-extraordinaire-sara-mortensen-astrid-et-raphaelle-evoque-la-possibilite-dun-spin-off","status":"publish","type":"post","link":"https:\/\/www.europesays.com\/fr\/516998\/","title":{"rendered":"\u00ab\u00a0Ce serait extraordinaire ! \u00ab\u00a0, Sara Mortensen (Astrid et Rapha\u00eblle) \u00e9voque la possibilit\u00e9 d&rsquo;un spin-off"},"content":{"rendered":"<p>Alors que la saison 6 in\u00e9dite d&rsquo;Astrid et Rapha\u00eblle est actuellement en diffusion sur France 2, l&rsquo;actrice Sara Mortensen (Astrid) s&rsquo;est confi\u00e9e sur l&rsquo;id\u00e9e d&rsquo;une fin de la s\u00e9rie polici\u00e8re mais aussi sur la possibilit\u00e9 d&rsquo;un spin-off. <\/p>\n<p>D\u00e9j\u00e0 la<a href=\"https:\/\/www.programme-tv.net\/news\/series-tv\/389625-astrid-et-raphaelle-faut-il-regarder-la-saison-6-inedite-de-la-serie-avec-lola-dewaere-et-sara-mortensen-diffusee-a-partir-du-vendredi-24-octobre-2025-sur-france-2-notre-avis\/\" data-api-deeplink=\"teleloisirs:\/\/news\/389625\" target=\"_blank\" rel=\"noopener\"> sixi\u00e8me saison (Notre avis)<\/a> que <b>Sara Mortensen<\/b> interpr\u00e8te le r\u00f4le d&rsquo;Astrid Nielsen dans <b>Astrid et Rapha\u00eblle<\/b>. La s\u00e9rie polici\u00e8re revient d&rsquo;ailleurs pour un troisi\u00e8me \u00e9pisode in\u00e9dit vendredi 7 novembre 2025 dans lequel <a href=\"https:\/\/www.programme-tv.net\/biographie\/119942-gaccio-charlotte\/\" data-link-people=\"ca735447-d461-4fe1-a0ab-9d2ec1e12383\" target=\"_blank\" rel=\"noopener\">Charlotte Gaccio<\/a> fait son retour. R\u00e9cemment interview\u00e9e dans le podcast Dhombres et de Lumi\u00e8res, <a href=\"https:\/\/www.programme-tv.net\/news\/series-tv\/390318-exclu-j-ai-eu-un-accident-a-loeil-gauche-quand-j-avais-quatre-ans-sara-mortensen-astrid-et-raphaelle-revient-sur-un-episode-marquant-de-son-enfance\/\" data-api-deeplink=\"teleloisirs:\/\/news\/390318\" target=\"_blank\" rel=\"noopener\">Sara Mortensen s&rsquo;est confi\u00e9e \u00e0 propos de son enfance<\/a>, mais aussi de <a href=\"https:\/\/www.programme-tv.net\/news\/series-tv\/390587-exclu-avec-votre-gueule-vous-ne-pourrez-jouer-que-sara-mortensen-astrid-et-raphaelle-devoile-cette-phrase-assassine-entendue-a-ses-debuts\/\" data-api-deeplink=\"teleloisirs:\/\/news\/390587\" target=\"_blank\" rel=\"noopener\">son d\u00e9but de carri\u00e8re<\/a> ou encore <a href=\"https:\/\/www.programme-tv.net\/news\/series-tv\/390977-exclu-je-lui-ouvre-les-portes-mais-sara-mortensen-astrid-et-raphaelle-se-confie-sur-les-debuts-de-son-fils-comedien\/\" data-api-deeplink=\"teleloisirs:\/\/news\/390977\" target=\"_blank\" rel=\"noopener\">sa relation avec son fils<\/a>. Mais la com\u00e9dienne s&rsquo;est aussi exprim\u00e9e sur la long\u00e9vit\u00e9 d&rsquo;Astrid et Rapha\u00eblle.<\/p>\n<p>Astrid et Rapha\u00eblle : \u00ab\u00a0Ce serait extraordinaire !\u00a0\u00bb, Sara Mortensen (Astrid) \u00e9voque la possibilit\u00e9 d&rsquo;un spin-off<\/p>\n<p>Dans une interview accord\u00e9e \u00e0 Cin\u00e9 T\u00e9l\u00e9 Revue, quand la long\u00e9vit\u00e9 d&rsquo;Astrid et Rapha\u00eblle a \u00e9t\u00e9 \u00e9voqu\u00e9e, Sara Mortensen a r\u00e9pondu : \u00ab\u00a0Est-ce que la s\u00e9rie peut durer mille ans ? Je ne sais pas. Ce n&rsquo;est pas \u00e0 nous de le dire, c&rsquo;est aux personnes qui nous regardent. Est-ce que toute bonne chose a une fin ? S\u00fbrement. Est-ce qu&rsquo;on a envie de parler de la fin ? Pas du tout.\u00a0\u00bb Quant \u00e0 l&rsquo;id\u00e9e d&rsquo;un spin-off autour de Rapha\u00eblle : \u00ab\u00a0Je ne me suis jamais pos\u00e9 la question parce que pour moi, l&rsquo;essence de cette s\u00e9rie, c&rsquo;est Astrid et Rapha\u00eblle. Par contre, un spin-off tourn\u00e9 au Japon, ce serait extraordinaire ! La s\u00e9rie a \u00e9norm\u00e9ment de succ\u00e8s l\u00e0-bas. On y est all\u00e9s en promotion avec <a href=\"https:\/\/www.programme-tv.net\/news\/series-tv\/308237-astrid-et-raphaelle-france-2-qui-est-kengo-saito-linterprete-de-tetsuo-tanaka\/\" data-api-deeplink=\"teleloisirs:\/\/news\/308237\" target=\"_blank\" rel=\"noopener\">Kengo Saito<\/a>, qui joue Tetsuo, et c&rsquo;\u00e9tait assez magique.\u00a0\u00bb<\/p>\n<p>                        Astrid et Rapha\u00eblle : Sara Mortensen a-t-elle regard\u00e9 l&rsquo;adaptation britannique de la s\u00e9rie ?<\/p>\n<p>La s\u00e9rie <b>Astrid et Rapha\u00eblle<\/b> rencontre un grand succ\u00e8s en France et au Japon, mais pas que ! La preuve, elle a \u00e9t\u00e9 adapt\u00e9e pour la Grande-Bretagne sous le titre de Patience.<b> Sara Mortensen<\/b> a-t-elle d\u00e9j\u00e0 regard\u00e9 cette adaptation ? Toujours dans le m\u00eame entretien, elle a r\u00e9pondu : \u00ab\u00a0Non, je ne l&rsquo;ai pas encore vue, mais j&rsquo;ai un peu discut\u00e9 avec mon Astrid de l\u00e0-bas. \u00c7a a l&rsquo;air super !\u00a0\u00bb.<\/p>\n","protected":false},"excerpt":{"rendered":"Alors que la saison 6 in\u00e9dite d&rsquo;Astrid et Rapha\u00eblle est actuellement en diffusion sur France 2, l&rsquo;actrice Sara&hellip;\n","protected":false},"author":2,"featured_media":516999,"comment_status":"","ping_status":"","sticky":false,"template":"","format":"standard","meta":{"footnotes":""},"categories":[1356],"tags":[22201,244,58,59,1011,27,594,22200,252,1364],"class_list":{"0":"post-516998","1":"post","2":"type-post","3":"status-publish","4":"format-standard","5":"has-post-thumbnail","7":"category-television","8":"tag-astrid-et-raphau00eblle","9":"tag-commentaire","10":"tag-divertissement","11":"tag-entertainment","12":"tag-fr","13":"tag-france","14":"tag-france-2","15":"tag-sara-mortensen","16":"tag-television","17":"tag-tv"},"share_on_mastodon":{"url":"https:\/\/pubeurope.com\/@fr\/115505379767353474","error":""},"_links":{"self":[{"href":"https:\/\/www.europesays.com\/fr\/wp-json\/wp\/v2\/posts\/516998","targetHints":{"allow":["GET"]}}],"collection":[{"href":"https:\/\/www.europesays.com\/fr\/wp-json\/wp\/v2\/posts"}],"about":[{"href":"https:\/\/www.europesays.com\/fr\/wp-json\/wp\/v2\/types\/post"}],"author":[{"embeddable":true,"href":"https:\/\/www.europesays.com\/fr\/wp-json\/wp\/v2\/users\/2"}],"replies":[{"embeddable":true,"href":"https:\/\/www.europesays.com\/fr\/wp-json\/wp\/v2\/comments?post=516998"}],"version-history":[{"count":0,"href":"https:\/\/www.europesays.com\/fr\/wp-json\/wp\/v2\/posts\/516998\/revisions"}],"wp:featuredmedia":[{"embeddable":true,"href":"https:\/\/www.europesays.com\/fr\/wp-json\/wp\/v2\/media\/516999"}],"wp:attachment":[{"href":"https:\/\/www.europesays.com\/fr\/wp-json\/wp\/v2\/media?parent=516998"}],"wp:term":[{"taxonomy":"category","embeddable":true,"href":"https:\/\/www.europesays.com\/fr\/wp-json\/wp\/v2\/categories?post=516998"},{"taxonomy":"post_tag","embeddable":true,"href":"https:\/\/www.europesays.com\/fr\/wp-json\/wp\/v2\/tags?post=516998"}],"curies":[{"name":"wp","href":"https:\/\/api.w.org\/{rel}","templated":true}]}}