{"id":517018,"date":"2025-11-06T23:46:28","date_gmt":"2025-11-06T23:46:28","guid":{"rendered":"https:\/\/www.europesays.com\/fr\/517018\/"},"modified":"2025-11-06T23:46:28","modified_gmt":"2025-11-06T23:46:28","slug":"six-ans-apres-la-police-nationale-rouvre-son-bureau","status":"publish","type":"post","link":"https:\/\/www.europesays.com\/fr\/517018\/","title":{"rendered":"six ans apr\u00e8s, la police nationale rouvre son bureau"},"content":{"rendered":"<p>Mine de rien, \u00e0 l\u2019\u00e9chelle du Chambon-Feugerolles, c\u2019est une petite r\u00e9volution.<\/p>\n<p>Plus de vingt ans apr\u00e8s la r\u00e9organisation et le d\u00e9part des patrouilles \u00e0 Firminy \u00e0 la cr\u00e9ation de la circonscription de l\u2019Ondaine, six ans apr\u00e8s la fin de l\u2019activit\u00e9 sur place et la derni\u00e8re main courante enregistr\u00e9e, les locaux de l\u2019ex-commissariat du 15 rue de la R\u00e9publique reprennent vie.<\/p>\n<p>Le commissaire Yves Cellier, directeur interd\u00e9partemental de la Loire (DIPN), rembobine\u00a0: \u00ab\u00a0L\u2019\u00c9tat \u00e9tait toujours propri\u00e9taire du b\u00e2timent. En 2022, le Premier ministre, <a href=\"https:\/\/www.leprogres.fr\/p\/jean-castex\" target=\"_blank\" rel=\"noopener\">Jean Castex<\/a>, avait pris l\u2019engagement que la police viendrait se r\u00e9implanter dans ses locaux (ceux qui n\u2019auraient pas \u00e9t\u00e9 r\u00e9habilit\u00e9s, NDLR). J\u2019ai souhait\u00e9, un peu comme\u00a0<a href=\"https:\/\/www.leprogres.fr\/faits-divers-justice\/2025\/07\/28\/bureaux-de-police-a-montreynaud-et-roche-la-moliere-pourquoi-les-horaires-ont-ete-reduits\" target=\"_blank\" rel=\"noopener\">\u00e0 Roche-la-Moli\u00e8re ou Montreynaud (dont les jours d\u2019ouverture des bureaux ont \u00e9t\u00e9 r\u00e9duits<\/a> pour s\u2019adapter aux besoins de la population et mettre plus de policiers sur le terrain, NDLR), ouvrir et recevoir le public ici, que cela soit un point de contact.\u00a0\u00bb<\/p>\n<p>  Deux demi-journ\u00e9es par semaine<\/p>\n<p>Depuis cette semaine, chaque mardi et jeudi, le site est d\u00e9sormais ouvert de 9 \u00e0 13 heures pour recevoir les Chambonnaires et leurs voisins, qui auraient \u00ab\u00a0un besoin de s\u2019\u00e9pancher aupr\u00e8s des services de police, au titre du conseil, de la main courante ou de la plainte\u00a0\u00bb.<\/p>\n<p>Dans les faits, deux policiers du commissariat de l\u2019Ondaine seront pr\u00e9sents, \u00ab\u00a0l\u2019un \u00e0 l\u2019accueil, l\u2019autre \u00e0 la prise en compte des dol\u00e9ances et de la judiciarisation s\u2019il y a eu lieu de le faire\u00a0\u00bb. Les agents en poste ne m\u00e8neront pas d\u2019investigations.<\/p>\n<p>Cette r\u00e9ouverture est faite \u00e0 titre exp\u00e9rimental, alors que le syst\u00e8me de pr\u00e9-plainte et plainte en ligne fonctionne. \u00ab\u00a0Nous ferons un bilan afin de savoir s\u2019il est pertinent de maintenir une pr\u00e9sence polici\u00e8re, si nos horaires sont adapt\u00e9s,\u00a0etc. Nous verrons cela selon la fr\u00e9quentation\u00a0\u00bb, informe Yves Cellier qui tient \u00e0 pr\u00e9ciser\u00a0: \u00ab\u00a0La pr\u00e9sence polici\u00e8re dans des locaux n\u2019apporte pas plus de s\u00e9curit\u00e9 sur la voie publique.\u00a0\u00bb<\/p>\n<p>Une centaine de personnes composent toujours les effectifs du commissariat de l\u2019Ondaine, un chiffre <a href=\"https:\/\/www.leprogres.fr\/faits-divers-justice\/2023\/05\/20\/huit-nouveaux-policiers-dans-l-ondaine-une-bonne-nouvelle-pour-les-elus-mais\" target=\"_blank\" rel=\"noopener\">jug\u00e9 r\u00e9guli\u00e8rement trop bas<\/a> par les \u00e9lus, qu\u2019ils aimeraient voir cro\u00eetre afin de lutter contre les trafics et avoir davantage de patrouilles nocturnes.<\/p>\n<p>  Une demande d\u2019ouverture jug\u00e9e l\u00e9gitime<\/p>\n<p>Cette r\u00e9ouverture \u00e9mane d\u2019une forte demande locale, des Chambonnaires et de la municipalit\u00e9 pour \u00ab\u00a0retrouver une pr\u00e9sence d\u2019accueil dans des locaux de police qui existent de longue date\u00a0\u00bb. \u00ab\u00a0Elle \u00e9tait l\u00e9gitime au regard du nombre d\u2019habitants au Chambon-Feugerolles, conc\u00e8de le DIPN, \u00e9voquant une \u00ab\u00a0interface de proximit\u00e9\u00a0\u00bb entre la police nationale et la population.<\/p>\n<p>L\u2019initiative est salu\u00e9e par le maire, David Fara\u00a0: \u00ab\u00a0C\u2019est une tr\u00e8s bonne nouvelle pour les habitants du Chambon-Feugerolles et de La Ricamarie. Nos concitoyens demandent une proximit\u00e9 des services publics donc c\u2019est important.\u00a0\u00bb<\/p>\n<p>La fermeture du bureau de police en 2019 mais progressive d\u00e8s juin\u00a02018 avait \u00e9t\u00e9 \u00ab\u00a0compliqu\u00e9e\u00a0\u00bb dans la commune mais \u00ab\u00a0il y avait toujours l\u2019espoir que quelque chose se passe et c\u2019est le cas aujourd\u2019hui. Pour nous, c\u2019est tr\u00e8s positif\u00a0\u00bb, souligne l\u2019\u00e9lu. Qui met en avant le soutien des autres maires de la circonscription de l\u2019Ondaine, \u00ab\u00a0notamment ceux de Firminy et de La Ricamarie\u00a0\u00bb qui ont appuy\u00e9 la demande de r\u00e9ouverture du bureau de police chambonnaire.<\/p>\n","protected":false},"excerpt":{"rendered":"Mine de rien, \u00e0 l\u2019\u00e9chelle du Chambon-Feugerolles, c\u2019est une petite r\u00e9volution. Plus de vingt ans apr\u00e8s la r\u00e9organisation&hellip;\n","protected":false},"author":2,"featured_media":517019,"comment_status":"","ping_status":"","sticky":false,"template":"","format":"standard","meta":{"footnotes":""},"categories":[9653],"tags":[1111,11,2430,12162,7539,1777,674,274,1011,27,12161,12,25,4001,104],"class_list":{"0":"post-517018","1":"post","2":"type-post","3":"status-publish","4":"format-standard","5":"has-post-thumbnail","7":"category-saint-etienne","8":"tag-actu","9":"tag-actualites","10":"tag-auvergne-rhone-alpes","11":"tag-chambon-feugerolles-ville","12":"tag-edition-loire-sud","13":"tag-eu","14":"tag-europe","15":"tag-faits-divers-justice","16":"tag-fr","17":"tag-france","18":"tag-le-chambon-feugerolles","19":"tag-news","20":"tag-republique-francaise","21":"tag-saint-etienne","22":"tag-societe"},"share_on_mastodon":{"url":"https:\/\/pubeurope.com\/@fr\/115505423048595649","error":""},"_links":{"self":[{"href":"https:\/\/www.europesays.com\/fr\/wp-json\/wp\/v2\/posts\/517018","targetHints":{"allow":["GET"]}}],"collection":[{"href":"https:\/\/www.europesays.com\/fr\/wp-json\/wp\/v2\/posts"}],"about":[{"href":"https:\/\/www.europesays.com\/fr\/wp-json\/wp\/v2\/types\/post"}],"author":[{"embeddable":true,"href":"https:\/\/www.europesays.com\/fr\/wp-json\/wp\/v2\/users\/2"}],"replies":[{"embeddable":true,"href":"https:\/\/www.europesays.com\/fr\/wp-json\/wp\/v2\/comments?post=517018"}],"version-history":[{"count":0,"href":"https:\/\/www.europesays.com\/fr\/wp-json\/wp\/v2\/posts\/517018\/revisions"}],"wp:featuredmedia":[{"embeddable":true,"href":"https:\/\/www.europesays.com\/fr\/wp-json\/wp\/v2\/media\/517019"}],"wp:attachment":[{"href":"https:\/\/www.europesays.com\/fr\/wp-json\/wp\/v2\/media?parent=517018"}],"wp:term":[{"taxonomy":"category","embeddable":true,"href":"https:\/\/www.europesays.com\/fr\/wp-json\/wp\/v2\/categories?post=517018"},{"taxonomy":"post_tag","embeddable":true,"href":"https:\/\/www.europesays.com\/fr\/wp-json\/wp\/v2\/tags?post=517018"}],"curies":[{"name":"wp","href":"https:\/\/api.w.org\/{rel}","templated":true}]}}