{"id":517025,"date":"2025-11-06T23:51:18","date_gmt":"2025-11-06T23:51:18","guid":{"rendered":"https:\/\/www.europesays.com\/fr\/517025\/"},"modified":"2025-11-06T23:51:18","modified_gmt":"2025-11-06T23:51:18","slug":"le-velo-sinvite-sur-la-piste-des-municipales","status":"publish","type":"post","link":"https:\/\/www.europesays.com\/fr\/517025\/","title":{"rendered":"le v\u00e9lo s\u2019invite sur la piste des municipales"},"content":{"rendered":"\n<p>M\u00eame si la situation dans le Port du Levant s\u2019est consid\u00e9rablement am\u00e9lior\u00e9e pour les cyclistes urbains, le monde associatif continue ardemment de militer pour un r\u00e9seau s\u00e9curis\u00e9, afin d\u2019encourager la pratique de ce mode de d\u00e9placement \u00e9cologique, b\u00e9n\u00e9fique pour la sant\u00e9 et pour la plan\u00e8te. Ce qui n\u00e9cessite d\u2019interpeller sans cesse les pouvoirs publics.<\/p>\n<p>\u00ab\u00a0Les \u00e9lections municipales doivent \u00eatre l\u2019occasion de pr\u00e9senter des programmes qui permettent de sortir de la politique du tout voiture\u00a0\u00bb, explique dans le nouveau num\u00e9ro de \u00ab\u00a0La rue on partage\u00a0\u00bb, le pr\u00e9sident Toulon Var d\u00e9placements (TVD), Maurice Franceschi.<\/p>\n<p> L\u2019occasion d\u2019interpeller candidats et \u00e9lus\n              <\/p>\n<p>Il s\u2019agit \u00e0 la fois, insiste-t-il, d\u2019am\u00e9liorer la qualit\u00e9 de vie dans les centres-villes, mais aussi la qualit\u00e9 de l\u2019air, en partageant l\u2019espace public de mani\u00e8re plus \u00e9quitable et apais\u00e9e. Tout un programme. Pour les pi\u00e9tons, l\u2019association demande que les passerelles, comme celle de Grand Var Universit\u00e9 par exemple, et les tunnels (comme le passage de la gare routi\u00e8re) mis aux normes afin de garantir l\u2019accessibilit\u00e9 aux personnes \u00e0 mobilit\u00e9 r\u00e9duite.<\/p>\n<p>\u00ab\u00a0R\u00e9alisons de vraies pistes cyclables s\u00e9curis\u00e9es l\u00e0 o\u00f9 la circulation est la plus dense, en particulier au centre de Toulon, avenue de La R\u00e9publique, par exemple, et sur boulevard de Strasbourg, comme le montre le barom\u00e8tre v\u00e9lo 2025\u00a0\u00bb, invite aussi Maurice Franceschi \u00e0 l\u2019attention des candidats.<\/p>\n<p>Pour l\u2019heure, c\u2019est la liste de rassemblement des forces progressistes, Toulon en Commun, qui tient la corde sur ce dossier, comme sur celui du transport. \u00c0 noter \u00e9galement la bonne \u00e9coute de la maire sortante Jos\u00e9e Massi (SE), qui a rencontr\u00e9 les repr\u00e9sentants du monde associatif pour discuter du projet de travers\u00e9e de Toulon. Les choses avancent. Le combat pour une mobilit\u00e9 durable continue.<\/p>\n","protected":false},"excerpt":{"rendered":"M\u00eame si la situation dans le Port du Levant s\u2019est consid\u00e9rablement am\u00e9lior\u00e9e pour les cyclistes urbains, le monde&hellip;\n","protected":false},"author":2,"featured_media":517026,"comment_status":"","ping_status":"","sticky":false,"template":"","format":"standard","meta":{"footnotes":""},"categories":[9619],"tags":[1111,11,1777,674,1011,27,3434,12,882,25,2310],"class_list":{"0":"post-517025","1":"post","2":"type-post","3":"status-publish","4":"format-standard","5":"has-post-thumbnail","7":"category-toulon","8":"tag-actu","9":"tag-actualites","10":"tag-eu","11":"tag-europe","12":"tag-fr","13":"tag-france","14":"tag-municipales-2026","15":"tag-news","16":"tag-provence-alpes-cote-dazur","17":"tag-republique-francaise","18":"tag-toulon"},"share_on_mastodon":{"url":"https:\/\/pubeurope.com\/@fr\/115505442629697772","error":""},"_links":{"self":[{"href":"https:\/\/www.europesays.com\/fr\/wp-json\/wp\/v2\/posts\/517025","targetHints":{"allow":["GET"]}}],"collection":[{"href":"https:\/\/www.europesays.com\/fr\/wp-json\/wp\/v2\/posts"}],"about":[{"href":"https:\/\/www.europesays.com\/fr\/wp-json\/wp\/v2\/types\/post"}],"author":[{"embeddable":true,"href":"https:\/\/www.europesays.com\/fr\/wp-json\/wp\/v2\/users\/2"}],"replies":[{"embeddable":true,"href":"https:\/\/www.europesays.com\/fr\/wp-json\/wp\/v2\/comments?post=517025"}],"version-history":[{"count":0,"href":"https:\/\/www.europesays.com\/fr\/wp-json\/wp\/v2\/posts\/517025\/revisions"}],"wp:featuredmedia":[{"embeddable":true,"href":"https:\/\/www.europesays.com\/fr\/wp-json\/wp\/v2\/media\/517026"}],"wp:attachment":[{"href":"https:\/\/www.europesays.com\/fr\/wp-json\/wp\/v2\/media?parent=517025"}],"wp:term":[{"taxonomy":"category","embeddable":true,"href":"https:\/\/www.europesays.com\/fr\/wp-json\/wp\/v2\/categories?post=517025"},{"taxonomy":"post_tag","embeddable":true,"href":"https:\/\/www.europesays.com\/fr\/wp-json\/wp\/v2\/tags?post=517025"}],"curies":[{"name":"wp","href":"https:\/\/api.w.org\/{rel}","templated":true}]}}