{"id":517027,"date":"2025-11-06T23:52:20","date_gmt":"2025-11-06T23:52:20","guid":{"rendered":"https:\/\/www.europesays.com\/fr\/517027\/"},"modified":"2025-11-06T23:52:20","modified_gmt":"2025-11-06T23:52:20","slug":"a-tchernobyl-de-mysterieux-chiens-au-pelage-bleu-intriguent-les-scientifiques","status":"publish","type":"post","link":"https:\/\/www.europesays.com\/fr\/517027\/","title":{"rendered":"\u00c0 Tchernobyl, de myst\u00e9rieux chiens au pelage bleu intriguent les scientifiques"},"content":{"rendered":"<tr wp_automatic_readability=\"3.8938053097345\">\n<td valign=\"middle\" align=\"center\" class=\"col-logo\">\n    <img decoding=\"async\" src=\"https:\/\/www.europesays.com\/fr\/wp-content\/uploads\/2025\/05\/ouest-france.gif\" alt=\"logo Ouest-France\" height=\"66\"\/><\/p>\n<\/td>\n<td class=\"col-titre\">\n\t\t\tJeudi 06 novembre 2025 21:30<br \/>\n\t\t\t<a class=\"icon-bulle sizeL count\" href=\"#ancreAvis\"><br \/>\n\t&#8230;<br \/>\n<\/a><\/td>\n<\/tr>\n<p>\t\t<a class=\"mavillebox2 elmt-photo\" href=\"https:\/\/maville.com\/photosmvi\/2025\/11\/06\/P35566487D7052785G.jpg\" title=\" Le 6\u00a0octobre 2025, des chercheurs du programme Dogs of Tchernobyl ont observ\u00e9 plusieurs chiens au pelage bleu, errant \u00e0 proximit\u00e9 de l\u2019ancienne centrale nucl\u00e9aire.  \u00a9  Photo\u00a0: Darrin W\/Dogs of Chernobyl  \" rel=\"galerie_actu noopener\" target=\"_blank\"><br \/>\n\t<img decoding=\"async\" src=\"https:\/\/www.europesays.com\/fr\/wp-content\/uploads\/2025\/11\/P35566487D7052785G_crop_640-330_.jpg\" alt=\"photo  le 6\u00a0octobre 2025, des chercheurs du programme dogs of tchernobyl ont observ\u00e9 plusieurs chiens au pelage bleu, errant \u00e0 proximit\u00e9 de l\u2019ancienne centrale nucl\u00e9aire.  \u00a9  photo\u00a0: darrin w\/dogs of chernobyl \"\/><br \/>\n\t1<br \/>\n<\/a><\/p>\n<p class=\"elmt-legende\"> Le 6\u00a0octobre 2025, des chercheurs du programme Dogs of Tchernobyl ont observ\u00e9 plusieurs chiens au pelage bleu, errant \u00e0 proximit\u00e9 de l\u2019ancienne centrale nucl\u00e9aire.  \u00a9  Photo\u00a0: Darrin W\/Dogs of Chernobyl  <\/p>\n<p>\t\t\u00c0 Tchernobyl, des chiens bleus ont r\u00e9cemment \u00e9t\u00e9 aper\u00e7us dans la zone d\u2019exclusion, captivant internautes et scientifiques. Si ces chiens errants ont rapidement suscit\u00e9 des rumeurs sur d\u2019\u00e9ventuelles mutations dues aux radiations, les recherches r\u00e9v\u00e8lent une explication tout autre \u00e0 ce changement de couleur.<\/p>\n<p>\t\t Par In\u00e8s FLORENTIN. \u00a0\u00a0<br \/>\n\t\tOuest-France\u00a0\u00a0<\/p>\n<p>\t\t&#13;<\/p>\n","protected":false},"excerpt":{"rendered":"Jeudi 06 novembre 2025 21:30 &#8230; 1 Le 6\u00a0octobre 2025, des chercheurs du programme Dogs of Tchernobyl ont&hellip;\n","protected":false},"author":2,"featured_media":517028,"comment_status":"","ping_status":"","sticky":false,"template":"","format":"standard","meta":{"footnotes":""},"categories":[9619],"tags":[1111,11,13603,13370,1777,674,1011,27,63747,18201,12,63746,882,25,4513,14922,2310],"class_list":{"0":"post-517027","1":"post","2":"type-post","3":"status-publish","4":"format-standard","5":"has-post-thumbnail","7":"category-toulon","8":"tag-actu","9":"tag-actualites","10":"tag-bleu","11":"tag-chiens","12":"tag-eu","13":"tag-europe","14":"tag-fr","15":"tag-france","16":"tag-intriguent","17":"tag-mysterieux","18":"tag-news","19":"tag-pelage","20":"tag-provence-alpes-cote-dazur","21":"tag-republique-francaise","22":"tag-scientifiques","23":"tag-tchernobyl","24":"tag-toulon"},"share_on_mastodon":{"url":"https:\/\/pubeurope.com\/@fr\/115505447080660862","error":""},"_links":{"self":[{"href":"https:\/\/www.europesays.com\/fr\/wp-json\/wp\/v2\/posts\/517027","targetHints":{"allow":["GET"]}}],"collection":[{"href":"https:\/\/www.europesays.com\/fr\/wp-json\/wp\/v2\/posts"}],"about":[{"href":"https:\/\/www.europesays.com\/fr\/wp-json\/wp\/v2\/types\/post"}],"author":[{"embeddable":true,"href":"https:\/\/www.europesays.com\/fr\/wp-json\/wp\/v2\/users\/2"}],"replies":[{"embeddable":true,"href":"https:\/\/www.europesays.com\/fr\/wp-json\/wp\/v2\/comments?post=517027"}],"version-history":[{"count":0,"href":"https:\/\/www.europesays.com\/fr\/wp-json\/wp\/v2\/posts\/517027\/revisions"}],"wp:featuredmedia":[{"embeddable":true,"href":"https:\/\/www.europesays.com\/fr\/wp-json\/wp\/v2\/media\/517028"}],"wp:attachment":[{"href":"https:\/\/www.europesays.com\/fr\/wp-json\/wp\/v2\/media?parent=517027"}],"wp:term":[{"taxonomy":"category","embeddable":true,"href":"https:\/\/www.europesays.com\/fr\/wp-json\/wp\/v2\/categories?post=517027"},{"taxonomy":"post_tag","embeddable":true,"href":"https:\/\/www.europesays.com\/fr\/wp-json\/wp\/v2\/tags?post=517027"}],"curies":[{"name":"wp","href":"https:\/\/api.w.org\/{rel}","templated":true}]}}