{"id":517040,"date":"2025-11-07T00:00:34","date_gmt":"2025-11-07T00:00:34","guid":{"rendered":"https:\/\/www.europesays.com\/fr\/517040\/"},"modified":"2025-11-07T00:00:34","modified_gmt":"2025-11-07T00:00:34","slug":"municipales-2026-a-rennes-on-sera-la-surprise-promet-le-rn-qui-soffre-lex-directeur-de-la-police","status":"publish","type":"post","link":"https:\/\/www.europesays.com\/fr\/517040\/","title":{"rendered":"Municipales 2026 \u00e0 Rennes : \u00ab On sera la surprise \u00bb, promet le RN, qui s\u2019offre l\u2019ex-directeur de la police"},"content":{"rendered":"<p class=\"mb-4 text-lg md:leading-8 break-words\"><strong>OBJECTIF SECOND TOUR &#8211; Dans une ville qui lui est traditionnellement hostile, le RN affiche ses ambitions pour les municipales \u00e0 Rennes avec Julien Masson comme candidat et l\u2019ancien directeur de la police rennaise sur la liste<\/strong><\/p>\n<p class=\"mb-4 text-lg md:leading-8 break-words\">Oubli\u00e9 le score fam\u00e9lique d\u2019Emeric Salmon qui n\u2019avait obtenu que 4,20 % des suffrages en 2020. \u00ab C\u2019est la Pr\u00e9histoire et de l\u2019eau a depuis coul\u00e9 sous les ponts \u00bb, assure le d\u00e9put\u00e9 europ\u00e9en Gilles Pennelle. <a href=\"https:\/\/www.20minutes.fr\/politique\/4095423-20240610-europeennes-2024-terre-historiquement-moderee-bretagne-place-premiere-fois-rn-tete?at_medium=RSS%20feed&amp;at_campaign=ynews&amp;utm_source=yahoo&amp;utm_medium=rss&amp;utm_campaign=news_feed&amp;utm_content=in_article_link\" rel=\"nofollow noopener\" target=\"_blank\" data-ylk=\"slk:Ragaillardi par ses r\u00e9sultats lors des derniers scrutins;elm:context_link;itc:0;sec:content-canvas\" class=\"link \">Ragaillardi par ses r\u00e9sultats lors des derniers scrutins<\/a> en Bretagne, le Rassemblement national affiche clairement ses ambitions pour <a href=\"https:\/\/www.20minutes.fr\/municipales\/?at_medium=RSS%20feed&amp;at_campaign=ynews&amp;utm_source=yahoo&amp;utm_medium=rss&amp;utm_campaign=news_feed&amp;utm_content=in_article_link\" rel=\"nofollow noopener\" target=\"_blank\" data-ylk=\"slk:les municipales 2026;elm:context_link;itc:0;sec:content-canvas\" class=\"link \">les municipales 2026<\/a> \u00e0 Rennes. \u00ab C\u2019est s\u00fbr qu\u2019il vaut mieux \u00eatre candidat RN en Provence ou dans le Nord mais on sera la surprise de cette \u00e9lection \u00bb, promet le chef de file breton du parti de Jordan Bardella.<\/p>\n<p class=\"mb-4 text-lg md:leading-8 break-words\">Dans une ville qui lui est traditionnellement hostile, le RN grappille progressivement des voix ces derni\u00e8res ann\u00e9es. Lors des derni\u00e8res l\u00e9gislatives en 2024, ses quatre candidats rennais se sont d\u2019ailleurs qualifi\u00e9s pour le second tour. Pour les municipales, le RN n\u2019en attend pas moins pour faire ainsi son entr\u00e9e au conseil municipal. \u00ab Le minimum syndical \u00bb, selon Gilles Pennelle.<\/p>\n<p>L\u2019ex-directeur d\u00e9partemental de la police sur la liste<\/p>\n<p class=\"mb-4 text-lg md:leading-8 break-words\">C\u2019est Julien Masson, son collaborateur au conseil r\u00e9gional et porte-parole local du RN depuis plusieurs ann\u00e9es, qui conduira la liste, soutenue \u00e9galement par le parti UDR d\u2019Eric Ciotti. \u00ab Rennes conna\u00eet depuis trop longtemps une d\u00e9rive vertigineuse et beaucoup d\u2019habitants n\u2019en peuvent plus \u00bb, assure le candidat, \u00e2g\u00e9 de 40 ans. Sans surprise, Julien Masson axera principalement sa campagne sur le th\u00e8me de la s\u00e9curit\u00e9. Ou plut\u00f4t de l\u2019ins\u00e9curit\u00e9, devenue selon lui \u00ab une triste image de marque de la ville \u00bb. (&#8230;)<\/p>\n<p class=\"mb-4 text-lg md:leading-8 break-words\"><a href=\"https:\/\/www.20minutes.fr\/politique\/4184077-20251106-municipales-2026-rennes-surprise-promet-rn-offre-ex-directeur-police?at_medium=RSS%20feed&amp;at_campaign=ynews&amp;utm_source=yahoo&amp;utm_medium=rss&amp;utm_campaign=news_feed&amp;utm_content=read_more_link&quot;\" rel=\"nofollow noopener\" target=\"_blank\" data-ylk=\"slk:Lire la suite sur 20minutes;elm:context_link;itc:0;sec:content-canvas\" class=\"link \">Lire la suite sur 20minutes<\/a><\/p>\n<p>\u00c0 lire aussi :<br \/><a href=\"https:\/\/www.20minutes.fr\/politique\/matthieu-theurier\/4180043-20251018-municipales-2026-rennes-ecologistes-votent-union-nathalie-appere?at_medium=RSS%20feed&amp;at_campaign=ynews&amp;utm_source=yahoo&amp;utm_medium=rss&amp;utm_campaign=news_feed&amp;utm_content=related_content_link\" rel=\"nofollow noopener\" target=\"_blank\" data-ylk=\"slk:Municipales 2026 \u00e0 Rennes : Les \u00e9cologistes votent pour l\u2019union avec Nathalie App\u00e9r\u00e9;elm:context_link;itc:0;sec:content-canvas\" class=\"link \">Municipales 2026 \u00e0 Rennes : Les \u00e9cologistes votent pour l\u2019union avec Nathalie App\u00e9r\u00e9<\/a><br \/><a href=\"https:\/\/www.20minutes.fr\/politique\/4175025-20250924-elections-municipales-2026-rennes-opposition-reve-grand-soir-toujours-trouve-candidat?at_medium=RSS%20feed&amp;at_campaign=ynews&amp;utm_source=yahoo&amp;utm_medium=rss&amp;utm_campaign=news_feed&amp;utm_content=related_content_link\" rel=\"nofollow noopener\" target=\"_blank\" data-ylk=\"slk:\u00c9lections municipales 2026 \u00e0 Rennes : L\u2019opposition r\u00eave du grand soir mais n\u2019a toujours pas trouv\u00e9 son candidat;elm:context_link;itc:0;sec:content-canvas\" class=\"link \">\u00c9lections municipales 2026 \u00e0 Rennes : L\u2019opposition r\u00eave du grand soir mais n\u2019a toujours pas trouv\u00e9 son candidat<\/a><\/p>\n","protected":false},"excerpt":{"rendered":"OBJECTIF SECOND TOUR &#8211; Dans une ville qui lui est traditionnellement hostile, le RN affiche ses ambitions pour&hellip;\n","protected":false},"author":2,"featured_media":517041,"comment_status":"","ping_status":"","sticky":false,"template":"","format":"standard","meta":{"footnotes":""},"categories":[2821],"tags":[1111,11,829,1777,674,1011,27,63714,49517,12,584,25,2848],"class_list":{"0":"post-517040","1":"post","2":"type-post","3":"status-publish","4":"format-standard","5":"has-post-thumbnail","7":"category-rennes","8":"tag-actu","9":"tag-actualites","10":"tag-bretagne","11":"tag-eu","12":"tag-europe","13":"tag-fr","14":"tag-france","15":"tag-gilles-pennelle","16":"tag-julien-masson","17":"tag-news","18":"tag-rennes","19":"tag-republique-francaise","20":"tag-rn"},"share_on_mastodon":{"url":"https:\/\/pubeurope.com\/@fr\/115505478052645445","error":""},"_links":{"self":[{"href":"https:\/\/www.europesays.com\/fr\/wp-json\/wp\/v2\/posts\/517040","targetHints":{"allow":["GET"]}}],"collection":[{"href":"https:\/\/www.europesays.com\/fr\/wp-json\/wp\/v2\/posts"}],"about":[{"href":"https:\/\/www.europesays.com\/fr\/wp-json\/wp\/v2\/types\/post"}],"author":[{"embeddable":true,"href":"https:\/\/www.europesays.com\/fr\/wp-json\/wp\/v2\/users\/2"}],"replies":[{"embeddable":true,"href":"https:\/\/www.europesays.com\/fr\/wp-json\/wp\/v2\/comments?post=517040"}],"version-history":[{"count":0,"href":"https:\/\/www.europesays.com\/fr\/wp-json\/wp\/v2\/posts\/517040\/revisions"}],"wp:featuredmedia":[{"embeddable":true,"href":"https:\/\/www.europesays.com\/fr\/wp-json\/wp\/v2\/media\/517041"}],"wp:attachment":[{"href":"https:\/\/www.europesays.com\/fr\/wp-json\/wp\/v2\/media?parent=517040"}],"wp:term":[{"taxonomy":"category","embeddable":true,"href":"https:\/\/www.europesays.com\/fr\/wp-json\/wp\/v2\/categories?post=517040"},{"taxonomy":"post_tag","embeddable":true,"href":"https:\/\/www.europesays.com\/fr\/wp-json\/wp\/v2\/tags?post=517040"}],"curies":[{"name":"wp","href":"https:\/\/api.w.org\/{rel}","templated":true}]}}