{"id":517042,"date":"2025-11-07T00:01:15","date_gmt":"2025-11-07T00:01:15","guid":{"rendered":"https:\/\/www.europesays.com\/fr\/517042\/"},"modified":"2025-11-07T00:01:15","modified_gmt":"2025-11-07T00:01:15","slug":"voici-jusqua-quand-vont-durer-les-nuisances-sonores","status":"publish","type":"post","link":"https:\/\/www.europesays.com\/fr\/517042\/","title":{"rendered":"voici jusqu\u2019\u00e0 quand vont durer les nuisances sonores"},"content":{"rendered":"<p>            Par<br \/>\n        <strong><br \/>\n            <a href=\"https:\/\/actu.fr\/auteur\/thomas-blanc\" title=\"Consulter tous les articles de Thomas Blanc\" rel=\"nofollow noopener\" target=\"_blank\">Thomas Blanc<\/a><br \/>\n        <\/strong><\/p>\n<p>        Publi\u00e9 le<\/p>\n<p>            6 nov. 2025 \u00e0 19h03        <\/p>\n<p>De nombreux engins ont \u00e9t\u00e9 aper\u00e7us et surtout entendus<strong> jusqu\u2019\u00e0 pr\u00e8s de 4h du matin<\/strong> dans un quartier de l\u2019ouest de <a href=\"https:\/\/actu.fr\/strasbourg\/\" rel=\"nofollow noopener\" target=\"_blank\">Strasbourg<\/a> o\u00f9 les <a href=\"https:\/\/actu.fr\/tag\/travaux\" rel=\"nofollow noopener\" target=\"_blank\">travaux<\/a> vont bon train pour \u00eatre rendus dans le courant du mois de novembre. Ils devraient bient\u00f4t toucher \u00e0 leur fin mais<strong> les nuisances sonores dureront<\/strong> encore un petit peu.<\/p>\n<p>Des travaux nocturnes pour la pose de l\u2019enrob\u00e9 route des Romains<\/p>\n<p class=\" wall-content\">Dans la nuit du 5 au 6 novembre, des habitants de la route des Romains, dans le quartier de Koenigshoffen, ont \u00e9t\u00e9 t\u00e9moins de<strong>\u2009travaux assourdissants<\/strong>\u00a0jusque tard dans la nuit. Ces derniers se font dans le cadre du projet \u00ab\u2009La Romaine\u2009\u00bb qui revoit compl\u00e8tement l\u2019espace de circulation des voitures et met en place <a href=\"https:\/\/actu.fr\/grand-est\/strasbourg_67482\/strasbourg-cette-nouvelle-piste-cyclable-de-5-km-seduit-c-est-bien-mieux-que-ce-qu-il-y-avait-avant_63366411.html\" rel=\"nofollow noopener\" target=\"_blank\">une nouvelle piste cyclable de 5 kilom\u00e8tres<\/a>.<\/p>\n<p class=\" wall-content\">Sa livraison doit \u00eatre effectu\u00e9e en m\u00eame temps que l\u2019<a href=\"https:\/\/actu.fr\/grand-est\/strasbourg_67482\/exclusif-inauguration-du-tram-ouest-le-15-novembre-a-strasbourg-voici-le-programme-de-cette-journee-festive_63401609.html\" rel=\"nofollow noopener\" target=\"_blank\">inauguration de l\u2019extension du tram F<\/a>, <strong>le 15\u00a0novembre prochain<\/strong>.<\/p>\n<p>La fin des travaux pr\u00e9vue pour ce vendredi (ou samedi)<\/p>\n<p class=\" wall-content\">Contact\u00e9e, la Ville de Strasbourg confirme que les op\u00e9rations de pose de l\u2019enrob\u00e9 s\u2019effectuent de nuit <strong>et sont \u00ab\u2009bruyantes\u2009\u00bb<\/strong>. \u00ab\u2009L\u2019enrob\u00e9 y est tir\u00e9 puis compact\u00e9, ce qui peut entra\u00eener <strong>des nuisances sonores<\/strong>\u2009\u00bb, explique la municipalit\u00e9.<\/p>\n<p class=\" wall-content\">Cependant, <strong>elles touchent \u00e0 leur fin<\/strong> puisque la nuit prochaine (du jeudi\u00a06 au vendredi 7\u00a0novembre) devrait \u00eatre \u00ab\u2009la derni\u00e8re nuit de travaux\u2009\u00bb.<\/p>\n<p class=\" wall-content\">Mais, \u00ab<strong>\u2009une nuit de r\u00e9serve est pr\u00e9vue<\/strong> dans la nuit de vendredi \u00e0 samedi si l\u2019ensemble des op\u00e9rations en cours ne sont pas termin\u00e9es\u2009\u00bb, explique la municipalit\u00e9 tout en insistant sur le fait que \u00ab\u2009selon le chef de projet <strong>tout devrait \u00eatre fini [vendredi] matin<\/strong>.\u2009\u00bb<\/p>\n<p class=\" wall-content\">Personnalisez votre actualit\u00e9 en ajoutant vos villes et m\u00e9dias en favori avec <a href=\"https:\/\/moncompte.actu.fr\" title=\"D\u00e9couvez Mon Actu\" rel=\"nofollow noopener\" data-trk=\"{&quot;cta&quot;:{&quot;action&quot;:&quot;https:\\\/\\\/moncompte.actu.fr&quot;,&quot;category&quot;:&quot;mon compte&quot;,&quot;from&quot;:&quot;article footer&quot;,&quot;name&quot;:&quot;Mon actu&quot;,&quot;type&quot;:&quot;cta&quot;}}\" target=\"_blank\">Mon Actu<\/a>.<\/p>\n","protected":false},"excerpt":{"rendered":"Par Thomas Blanc Publi\u00e9 le 6 nov. 2025 \u00e0 19h03 De nombreux engins ont \u00e9t\u00e9 aper\u00e7us et surtout&hellip;\n","protected":false},"author":2,"featured_media":517043,"comment_status":"","ping_status":"","sticky":false,"template":"","format":"standard","meta":{"footnotes":""},"categories":[2820],"tags":[1111,11,1777,674,1011,27,775,12,25,104,640,2086],"class_list":{"0":"post-517042","1":"post","2":"type-post","3":"status-publish","4":"format-standard","5":"has-post-thumbnail","7":"category-strasbourg","8":"tag-actu","9":"tag-actualites","10":"tag-eu","11":"tag-europe","12":"tag-fr","13":"tag-france","14":"tag-grand-est","15":"tag-news","16":"tag-republique-francaise","17":"tag-societe","18":"tag-strasbourg","19":"tag-travaux"},"share_on_mastodon":{"url":"https:\/\/pubeurope.com\/@fr\/115505481969345835","error":""},"_links":{"self":[{"href":"https:\/\/www.europesays.com\/fr\/wp-json\/wp\/v2\/posts\/517042","targetHints":{"allow":["GET"]}}],"collection":[{"href":"https:\/\/www.europesays.com\/fr\/wp-json\/wp\/v2\/posts"}],"about":[{"href":"https:\/\/www.europesays.com\/fr\/wp-json\/wp\/v2\/types\/post"}],"author":[{"embeddable":true,"href":"https:\/\/www.europesays.com\/fr\/wp-json\/wp\/v2\/users\/2"}],"replies":[{"embeddable":true,"href":"https:\/\/www.europesays.com\/fr\/wp-json\/wp\/v2\/comments?post=517042"}],"version-history":[{"count":0,"href":"https:\/\/www.europesays.com\/fr\/wp-json\/wp\/v2\/posts\/517042\/revisions"}],"wp:featuredmedia":[{"embeddable":true,"href":"https:\/\/www.europesays.com\/fr\/wp-json\/wp\/v2\/media\/517043"}],"wp:attachment":[{"href":"https:\/\/www.europesays.com\/fr\/wp-json\/wp\/v2\/media?parent=517042"}],"wp:term":[{"taxonomy":"category","embeddable":true,"href":"https:\/\/www.europesays.com\/fr\/wp-json\/wp\/v2\/categories?post=517042"},{"taxonomy":"post_tag","embeddable":true,"href":"https:\/\/www.europesays.com\/fr\/wp-json\/wp\/v2\/tags?post=517042"}],"curies":[{"name":"wp","href":"https:\/\/api.w.org\/{rel}","templated":true}]}}