{"id":517046,"date":"2025-11-07T00:03:14","date_gmt":"2025-11-07T00:03:14","guid":{"rendered":"https:\/\/www.europesays.com\/fr\/517046\/"},"modified":"2025-11-07T00:03:14","modified_gmt":"2025-11-07T00:03:14","slug":"nouvelle-direction-au-3ia-cote-dazur","status":"publish","type":"post","link":"https:\/\/www.europesays.com\/fr\/517046\/","title":{"rendered":"Nouvelle direction au 3IA C\u00f4te d\u2019Azur"},"content":{"rendered":"<p>                    <img loading=\"lazy\" decoding=\"async\" src=\"https:\/\/www.europesays.com\/fr\/wp-content\/uploads\/2025\/11\/538b7978368d7aaa17f2f641617d02.png\" class=\"img-responsive post-image\" width=\"680\" height=\"510\" alt=\"Nouvelle direction au (\u2026)\" title=\"Nouvelle direction au 3IA C\u00f4te d'Azur\"\/><\/p>\n<p>Depuis le 1er novembre, 3IA C\u00f4te d\u2019Azur a une nouvelle direction\u00a0: Diana (Ya\u00efche) Sebbar succ\u00e8de \u00e0 Charles Bouveyron, et Serena Villata \u00e0 Nicholas Ayache.  L\u2019Institut 3IA C\u00f4te d\u2019Azur, port\u00e9 par Universit\u00e9 C\u00f4te d\u2019Azur, est d\u00e9di\u00e9 aux applications de l\u2019intelligence artificielle (IA) notamment dans les secteurs de la sant\u00e9 et aux territoires intelligents et s\u00e9curis\u00e9s. Il s\u2019agit de l\u2019un des quatre Instituts Interdisciplinaires d\u2019Intelligence Artificielle labellis\u00e9s en 2019 dans le cadre du plan national IA. Coordonn\u00e9 par Universit\u00e9 C\u00f4te d\u2019Azur aux c\u00f4t\u00e9s du CNRS, Inria, Inserm et EURECOM, il f\u00e9d\u00e8re entreprises, organismes de recherche et acteurs publics. Labellis\u00e9 IA-Cluster en mai 2024, il b\u00e9n\u00e9ficie d\u2019un investissement de 20 M\u20ac dans le cadre de France 2030.<br class=\"texte\"\/><br \/>\n<strong><a href=\"https:\/\/3ia.univ-cotedazur.eu\/search?beanKey=&amp;page=&amp;site=1590673869350&amp;l=1&amp;RH=1591170654719&amp;q=Diana+Sebbar\" class=\"spip_out\" rel=\"external noopener\" target=\"_blank\">Diana Sebbar<\/a><\/strong> est ing\u00e9nieure de recherche \u00e0 l\u2019Universit\u00e9 C\u00f4te d\u2019Azur. Directrice ex\u00e9cutive de l\u2019Initiative d\u2019Excellence (IDEX) et des Grands Projets, elle a occup\u00e9 la fonction de directrice ex\u00e9cutive de l\u2019Institut 3IA C\u00f4te d\u2019Azur depuis 2019 et de l\u2019\u00e9cole fran\u00e7aise de l\u2019IA \u00ab\u00a0EFELIA C\u00f4te d\u2019Azur\u00a0\u00bb depuis 2022.<br class=\"autobr\"\/><br \/>\n<strong>Serena Villata<\/strong> est <a href=\"https:\/\/www.cote-azur.cnrs.fr\/fr\" class=\"spip_out\" rel=\"external noopener\" target=\"_blank\">directrice de recherche au CNRS C\u00f4te d\u2019Azur<\/a>, responsable de l\u2019\u00e9quipe de recherche MARIANNE au Centre Inria d\u2019Universit\u00e9 C\u00f4te d\u2019Azur. Elle a \u00e9t\u00e9 titulaire d\u2019une chaire 3IA depuis 2019, directrice scientifique adjointe de l\u2019Institut depuis 2021, et est membre depuis septembre 2025 du Conseil de l\u2019intelligence artificielle et du num\u00e9rique, ainsi que du Comit\u00e9 consultatif national d\u2019\u00e9thique du num\u00e9rique.<br class=\"autobr\"\/><br \/>\n<strong>Cette gouvernance exp\u00e9riment\u00e9e consolide le lien entre excellence scientifique, innovation et structuration territoriale, dans le prolongement de l\u2019obtention du label IA-Cluster.<\/strong><\/p>\n<p>Photo de Une\u00a0: De gauche \u00e0 droite\u00a0: Serena Villata et Diana Sebbar \u00a9UCA<\/p>\n","protected":false},"excerpt":{"rendered":"Depuis le 1er novembre, 3IA C\u00f4te d\u2019Azur a une nouvelle direction\u00a0: Diana (Ya\u00efche) Sebbar succ\u00e8de \u00e0 Charles Bouveyron,&hellip;\n","protected":false},"author":2,"featured_media":517047,"comment_status":"","ping_status":"","sticky":false,"template":"","format":"standard","meta":{"footnotes":""},"categories":[2819],"tags":[1111,11,2408,1777,674,1011,27,12,2401,882,25],"class_list":{"0":"post-517046","1":"post","2":"type-post","3":"status-publish","4":"format-standard","5":"has-post-thumbnail","7":"category-nice","8":"tag-actu","9":"tag-actualites","10":"tag-appels-d","11":"tag-eu","12":"tag-europe","13":"tag-fr","14":"tag-france","15":"tag-news","16":"tag-nice","17":"tag-provence-alpes-cote-dazur","18":"tag-republique-francaise"},"share_on_mastodon":{"url":"https:\/\/pubeurope.com\/@fr\/115505490475538968","error":""},"_links":{"self":[{"href":"https:\/\/www.europesays.com\/fr\/wp-json\/wp\/v2\/posts\/517046","targetHints":{"allow":["GET"]}}],"collection":[{"href":"https:\/\/www.europesays.com\/fr\/wp-json\/wp\/v2\/posts"}],"about":[{"href":"https:\/\/www.europesays.com\/fr\/wp-json\/wp\/v2\/types\/post"}],"author":[{"embeddable":true,"href":"https:\/\/www.europesays.com\/fr\/wp-json\/wp\/v2\/users\/2"}],"replies":[{"embeddable":true,"href":"https:\/\/www.europesays.com\/fr\/wp-json\/wp\/v2\/comments?post=517046"}],"version-history":[{"count":0,"href":"https:\/\/www.europesays.com\/fr\/wp-json\/wp\/v2\/posts\/517046\/revisions"}],"wp:featuredmedia":[{"embeddable":true,"href":"https:\/\/www.europesays.com\/fr\/wp-json\/wp\/v2\/media\/517047"}],"wp:attachment":[{"href":"https:\/\/www.europesays.com\/fr\/wp-json\/wp\/v2\/media?parent=517046"}],"wp:term":[{"taxonomy":"category","embeddable":true,"href":"https:\/\/www.europesays.com\/fr\/wp-json\/wp\/v2\/categories?post=517046"},{"taxonomy":"post_tag","embeddable":true,"href":"https:\/\/www.europesays.com\/fr\/wp-json\/wp\/v2\/tags?post=517046"}],"curies":[{"name":"wp","href":"https:\/\/api.w.org\/{rel}","templated":true}]}}