{"id":517050,"date":"2025-11-07T00:05:28","date_gmt":"2025-11-07T00:05:28","guid":{"rendered":"https:\/\/www.europesays.com\/fr\/517050\/"},"modified":"2025-11-07T00:05:28","modified_gmt":"2025-11-07T00:05:28","slug":"arretons-dopposer-les-generations-inquiets-vis-a-vis-du-budget-300-retraites-en","status":"publish","type":"post","link":"https:\/\/www.europesays.com\/fr\/517050\/","title":{"rendered":"\u00ab\u00a0Arr\u00eatons d\u2019opposer les g\u00e9n\u00e9rations\u00a0\u00bb\u00a0: inquiets vis-\u00e0-vis du budget, 300\u00a0retrait\u00e9s en"},"content":{"rendered":"<tr wp_automatic_readability=\"6.8928571428571\">\n<td valign=\"middle\" align=\"center\" class=\"col-logo\" wp_automatic_readability=\"5\">\n    <img decoding=\"async\" src=\"https:\/\/maville.com\/design\/images\/logo-of-monetise.svg?version=20130627\" alt=\"logo Ouest-France\" height=\"66\"\/><\/p>\n<p>Contenu r\u00e9serv\u00e9 aux abonn\u00e9s<\/p>\n<\/td>\n<td class=\"col-titre\">\n\t\t\tJeudi 06 novembre 2025 17:30<br \/>\n\t\t\t<a class=\"icon-bulle sizeL count\" href=\"#ancreAvis\"><br \/>\n\t&#8230;<br \/>\n<\/a><\/td>\n<\/tr>\n<p>\t\t<a class=\"mavillebox2 elmt-photo\" href=\"https:\/\/maville.com\/photosmvi\/2025\/11\/06\/P35565966D7052430G.jpg\" title=\" L\u2019intersyndicale a mobilis\u00e9 environ 300\u00a0retrait\u00e9s, ce jeudi 6\u00a0novembre, \u00e0 Nantes.  \u00a9  Ouest-France  \" rel=\"galerie_actu noopener\" target=\"_blank\"><br \/>\n\t<img decoding=\"async\" src=\"https:\/\/www.europesays.com\/fr\/wp-content\/uploads\/2025\/11\/P35565966D7052430G_crop_640-330_.jpg\" alt=\"photo  l\u2019intersyndicale a mobilis\u00e9 environ 300\u00a0retrait\u00e9s, ce jeudi 6\u00a0novembre, \u00e0 nantes.  \u00a9  ouest-france \"\/><br \/>\n\t2<br \/>\n<\/a><\/p>\n<p class=\"elmt-legende\"> L\u2019intersyndicale a mobilis\u00e9 environ 300\u00a0retrait\u00e9s, ce jeudi 6\u00a0novembre, \u00e0 Nantes.  \u00a9  Ouest-France  <\/p>\n<p><a class=\"mavillebox2\" href=\"https:\/\/maville.com\/photosmvi\/2025\/11\/06\/P35565967D7052430G.jpg\" title=\"Fleur, Denise, Serge et Daniel consid\u00e8rent que \u00ab\u00a0les anciens ont l\u2019impression de ne jamais donner assez\u00a0\u00bb. \u00a9  Ouest-France \" rel=\"galerie_actu noopener\" target=\"_blank\"><\/p>\n<p>\t\tLe projet de budget de la S\u00e9curit\u00e9 sociale a fait sortir 300\u00a0retrait\u00e9s dans les rues de Nantes (Loire-Atlantique), ce jeudi 6\u00a0novembre. \u00ab\u00a0On est l\u00e0 par conscience de devoir se d\u00e9fendre\u00a0\u00bb, lance Denise, une manifestante.<\/p>\n<p><b>Cet article est r\u00e9serv\u00e9 aux abonn\u00e9s<\/b><\/p>\n<p>Pour un acc\u00e8s imm\u00e9diat, abonnez-vous<\/p>\n<p><b>1\u00e8re semaine offerte<\/b><\/p>\n<p>\t\t Fr\u00e9d\u00e9ric SALLE. \u00a0\u00a0<br \/>\n\t\tOuest-France<\/p>\n<p>Retrouvez d&rsquo;autres actus sur la commune de :<\/p>\n<p>\t\t&#13;<\/p>\n","protected":false},"excerpt":{"rendered":"Contenu r\u00e9serv\u00e9 aux abonn\u00e9s Jeudi 06 novembre 2025 17:30 &#8230; 2 L\u2019intersyndicale a mobilis\u00e9 environ 300\u00a0retrait\u00e9s, ce jeudi&hellip;\n","protected":false},"author":2,"featured_media":517051,"comment_status":"","ping_status":"","sticky":false,"template":"","format":"standard","meta":{"footnotes":""},"categories":[2818],"tags":[3743,1111,11,63748,1003,3254,1777,674,1011,27,3605,3307,766,12,17178,2636,25,9910,16915,21902],"class_list":{"0":"post-517050","1":"post","2":"type-post","3":"status-publish","4":"format-standard","5":"has-post-thumbnail","7":"category-nantes","8":"tag-3743","9":"tag-actu","10":"tag-actualites","11":"tag-arretons","12":"tag-budget","13":"tag-colere","14":"tag-eu","15":"tag-europe","16":"tag-fr","17":"tag-france","18":"tag-generations","19":"tag-inquiets","20":"tag-nantes","21":"tag-news","22":"tag-opposer","23":"tag-pays-de-la-loire","24":"tag-republique-francaise","25":"tag-retraites","26":"tag-rues","27":"tag-vis-a-vis"},"share_on_mastodon":{"url":"https:\/\/pubeurope.com\/@fr\/115505498344795911","error":""},"_links":{"self":[{"href":"https:\/\/www.europesays.com\/fr\/wp-json\/wp\/v2\/posts\/517050","targetHints":{"allow":["GET"]}}],"collection":[{"href":"https:\/\/www.europesays.com\/fr\/wp-json\/wp\/v2\/posts"}],"about":[{"href":"https:\/\/www.europesays.com\/fr\/wp-json\/wp\/v2\/types\/post"}],"author":[{"embeddable":true,"href":"https:\/\/www.europesays.com\/fr\/wp-json\/wp\/v2\/users\/2"}],"replies":[{"embeddable":true,"href":"https:\/\/www.europesays.com\/fr\/wp-json\/wp\/v2\/comments?post=517050"}],"version-history":[{"count":0,"href":"https:\/\/www.europesays.com\/fr\/wp-json\/wp\/v2\/posts\/517050\/revisions"}],"wp:featuredmedia":[{"embeddable":true,"href":"https:\/\/www.europesays.com\/fr\/wp-json\/wp\/v2\/media\/517051"}],"wp:attachment":[{"href":"https:\/\/www.europesays.com\/fr\/wp-json\/wp\/v2\/media?parent=517050"}],"wp:term":[{"taxonomy":"category","embeddable":true,"href":"https:\/\/www.europesays.com\/fr\/wp-json\/wp\/v2\/categories?post=517050"},{"taxonomy":"post_tag","embeddable":true,"href":"https:\/\/www.europesays.com\/fr\/wp-json\/wp\/v2\/tags?post=517050"}],"curies":[{"name":"wp","href":"https:\/\/api.w.org\/{rel}","templated":true}]}}