{"id":517052,"date":"2025-11-07T00:06:12","date_gmt":"2025-11-07T00:06:12","guid":{"rendered":"https:\/\/www.europesays.com\/fr\/517052\/"},"modified":"2025-11-07T00:06:12","modified_gmt":"2025-11-07T00:06:12","slug":"football-leo-dubois-ex-capitaine-du-fc-nantes-forme-a-la-joneliere-prend-sa-retraite","status":"publish","type":"post","link":"https:\/\/www.europesays.com\/fr\/517052\/","title":{"rendered":"Football. L\u00e9o Dubois, ex-capitaine du FC Nantes form\u00e9 \u00e0 la Joneli\u00e8re, prend sa retraite"},"content":{"rendered":"<p>Un ancien capitaine du FC Nantes prend sa retraite. L\u00e9o Dubois a annonc\u00e9 ce jeudi 6\u00a0novembre en exclusivit\u00e9 sur le site de L\u2019Equipe qu\u2019il d\u00e9cidait de mettre un terme \u00e0 sa carri\u00e8re.<\/p>\n<p>\u00c2g\u00e9 de 31\u00a0ans, le lat\u00e9ral droit souffre de douleurs au genou. Il \u00e9tait sans club depuis la fin de son contrat avec le club turc d\u2019Ey\u00fcpspor, qu\u2019il avait rejoint libre une saison auparavant en provenance de Galatasaray.<\/p>\n<p>I<a href=\"https:\/\/www.ouest-france.fr\/sport\/football\/equipe-de-france\/entretien-equipe-de-france-leo-dubois-au-fc-nantes-jai-decouvert-la-bulle-football-72fec2de-07db-11ea-a52b-7b23c89c0c49\" target=\"_blank\" rel=\"noopener\">nternational fran\u00e7ais (13\u00a0s\u00e9lections),<\/a> L\u00e9o Dubois a surtout \u00e9t\u00e9 form\u00e9 au FC Nantes dont il est devenu capitaine. Apr\u00e8s 106 matches en Jaune (pour 4\u00a0buts et 13\u00a0passes d\u00e9cisives), <a href=\"https:\/\/.maville.com\/\/fc-nantes-leo-dubois-a-tourne-la-page-avant-les-retrouvailles-avec-lyon-7d8485ff-6c58-38cf-94d6-6a48ba415fb5\" target=\"_blank\" rel=\"noopener\">il avait rejoint, libre, l\u2019Olympique Lyonnais \u00e0 l\u2019\u00e9t\u00e9 2018.<\/a> Avec les Gones, il a jou\u00e9 129\u00a0rencontres (5\u00a0buts, 15\u00a0passes).<\/p>\n<p>Le d\u00e9fenseur a ensuite rejoint la Turquie et Galatasaray \u00e0 l\u2019\u00e9t\u00e9 2022. Il a \u00e9galement \u00e9t\u00e9 pr\u00eat\u00e9 une saison \u00e0 Basaksehir en 2023-2024.<\/p>\n<p>Premi\u00e8re s\u00e9lection en Bleu \u00e0 la Beaujoire<\/p>\n<p><a href=\"https:\/\/.maville.com\/\/france-bolivie-la-reaction-de-leo-dubois-apres-ses-premieres-minutes-en-bleus-a-la-beaujoire-68e586aa-be4d-3ac7-b3e7-9ac42e1d9ec5\" target=\"_blank\" rel=\"noopener\">En Bleu, il a connu sa premi\u00e8re cape le 2\u00a0juin 2019 face \u00e0 la Bolivie (2-0) en amical, clin d\u2019\u0153il de l\u2019histoire, \u00e0 la Beaujoire.<\/a> Sa derni\u00e8re s\u00e9lection remonte au 16\u00a0novembre 2021 en Finlande (2-0) lors des \u00e9liminatoires pour la Coupe du monde 2022. Avec l\u2019\u00e9quipe de France, il a notamment particip\u00e9 \u00e0 l\u2019Euro 2021 (report\u00e9 d\u2019une ann\u00e9e en raison de la pand\u00e9mie de Covid-19). La France s\u2019\u00e9tait inclin\u00e9e en 8es de finale face \u00e0 la Suisse (3-3, 5-4 tab).<\/p>\n<p>\u00a0<\/p>\n","protected":false},"excerpt":{"rendered":"Un ancien capitaine du FC Nantes prend sa retraite. L\u00e9o Dubois a annonc\u00e9 ce jeudi 6\u00a0novembre en exclusivit\u00e9&hellip;\n","protected":false},"author":2,"featured_media":517053,"comment_status":"","ping_status":"","sticky":false,"template":"","format":"standard","meta":{"footnotes":""},"categories":[2818],"tags":[1111,11,63749,1777,674,63750,12087,63,4988,1011,27,63751,12523,766,12,2636,6020,25,137],"class_list":{"0":"post-517052","1":"post","2":"type-post","3":"status-publish","4":"format-standard","5":"has-post-thumbnail","7":"category-nantes","8":"tag-actu","9":"tag-actualites","10":"tag-dubois","11":"tag-eu","12":"tag-europe","13":"tag-ex-capitaine","14":"tag-fc","15":"tag-football","16":"tag-forme","17":"tag-fr","18":"tag-france","19":"tag-joneliere","20":"tag-leo","21":"tag-nantes","22":"tag-news","23":"tag-pays-de-la-loire","24":"tag-prend","25":"tag-republique-francaise","26":"tag-retraite"},"share_on_mastodon":{"url":"https:\/\/pubeurope.com\/@fr\/115505501629501530","error":""},"_links":{"self":[{"href":"https:\/\/www.europesays.com\/fr\/wp-json\/wp\/v2\/posts\/517052","targetHints":{"allow":["GET"]}}],"collection":[{"href":"https:\/\/www.europesays.com\/fr\/wp-json\/wp\/v2\/posts"}],"about":[{"href":"https:\/\/www.europesays.com\/fr\/wp-json\/wp\/v2\/types\/post"}],"author":[{"embeddable":true,"href":"https:\/\/www.europesays.com\/fr\/wp-json\/wp\/v2\/users\/2"}],"replies":[{"embeddable":true,"href":"https:\/\/www.europesays.com\/fr\/wp-json\/wp\/v2\/comments?post=517052"}],"version-history":[{"count":0,"href":"https:\/\/www.europesays.com\/fr\/wp-json\/wp\/v2\/posts\/517052\/revisions"}],"wp:featuredmedia":[{"embeddable":true,"href":"https:\/\/www.europesays.com\/fr\/wp-json\/wp\/v2\/media\/517053"}],"wp:attachment":[{"href":"https:\/\/www.europesays.com\/fr\/wp-json\/wp\/v2\/media?parent=517052"}],"wp:term":[{"taxonomy":"category","embeddable":true,"href":"https:\/\/www.europesays.com\/fr\/wp-json\/wp\/v2\/categories?post=517052"},{"taxonomy":"post_tag","embeddable":true,"href":"https:\/\/www.europesays.com\/fr\/wp-json\/wp\/v2\/tags?post=517052"}],"curies":[{"name":"wp","href":"https:\/\/api.w.org\/{rel}","templated":true}]}}