{"id":517056,"date":"2025-11-07T00:08:13","date_gmt":"2025-11-07T00:08:13","guid":{"rendered":"https:\/\/www.europesays.com\/fr\/517056\/"},"modified":"2025-11-07T00:08:13","modified_gmt":"2025-11-07T00:08:13","slug":"video-dans-un-carrefour-dangereux-de-bordeaux-la-police-fait-la-chasse-aux-cyclistes-en-infraction","status":"publish","type":"post","link":"https:\/\/www.europesays.com\/fr\/517056\/","title":{"rendered":"VID\u00c9O. Dans un carrefour dangereux de Bordeaux, la police fait la chasse aux cyclistes en infraction"},"content":{"rendered":"<p>            Par<br \/>\n        <strong><br \/>\n            <a href=\"https:\/\/actu.fr\/auteur\/juliette-cardinale\" title=\"Consulter tous les articles de Juliette Cardinale\" target=\"_blank\" rel=\"noopener\">Juliette Cardinale<\/a><br \/>\n        <\/strong><\/p>\n<p>        Publi\u00e9 le<\/p>\n<p>            6 nov. 2025 \u00e0 18h36        <\/p>\n<p>C\u2019est l\u2019un des secteurs les plus probl\u00e9matiques <a href=\"https:\/\/actu.fr\/bordeaux\/\" target=\"_blank\" rel=\"noopener\">de Bordeaux,<\/a> d\u2019apr\u00e8s <a href=\"https:\/\/www.barometre-velo.fr\/2025\/palmares\/#15.66\/44.835261\/-0.572333\" target=\"_blank\" rel=\"noopener\">le Barom\u00e8tre du v\u00e9lo 2025.<\/a> Au croisement du cours Pasteur, de la rue de Cursol et du cours Victor Hugo se m\u00ealent trams, voitures, pi\u00e9tons <strong>et deux-roues.<\/strong> Ces derniers ont fait l\u2019objet d\u2019une op\u00e9ration de contr\u00f4le de la police, ax\u00e9 sur les \u00e9quipements obligatoires, en fin d\u2019apr\u00e8s-midi ce mercredi 5 novembre 2025.\u00a0<\/p>\n<p class=\" wall-content\">Ce sont surtout les <strong>d\u00e9fauts d\u2019\u00e9clairages des cyclistes<\/strong> que traquaient les policiers. \u00ab\u00a0Les v\u00e9los sont particuli\u00e8rement expos\u00e9s au risque d\u2019accidents \u00e0 cette p\u00e9riode o\u00f9 la nuit tombe tr\u00e8s vite\u00a0\u00bb, explique Louis Liversain, commissaire de police. \u00ab\u00a0Quand la luminosit\u00e9 baisse, l\u2019\u00e9clairage des v\u00e9los est essentiel et important pour pouvoir rouler en toute s\u00e9curit\u00e9.\u00a0\u00bb<\/p>\n<p>Des amendes distribu\u00e9es<\/p>\n<p class=\" wall-content\">Aux alentours de 18h30, alors que la luminosit\u00e9 avait diminu\u00e9, les agents de la police ont distribu\u00e9 plusieurs amendes.\u00a0\u00ab\u00a0Le d\u00e9faut d\u2019\u00e9quipement obligatoire sur un v\u00e9lo est passible d\u2019une contravention de premi\u00e8re classe de<strong> 11 euros\u00a0\u00bb,<\/strong> d\u00e9taille Louis Liversain. Cette amende est <strong>cumulable<\/strong> pour chaque d\u00e9faut, si les lumi\u00e8res avant et arri\u00e8re sont manquantes par exemple.<\/p>\n<blockquote class=\"tiktok-embed\" cite=\"https:\/\/www.tiktok.com\/@actubordeaux\/video\/7569598884893232406\" data-video-id=\"7569598884893232406\" data-embed-from=\"oembed\" style=\"max-width:605px; min-width:325px;\"><p>\n<a target=\"_blank\" title=\"@actubordeaux\" href=\"https:\/\/www.tiktok.com\/@actubordeaux?refer=embed\" rel=\"noopener\">@actubordeaux<\/a> <\/p>\n<p>La police a men\u00e9 une op\u00e9ration de contr\u00f4le des v\u00e9los au croisement du cours Victor Hugo et du cours Pasteur ce mercredi 5 novembre 2025. <a title=\"bordeaux\" target=\"_blank\" href=\"https:\/\/www.tiktok.com\/tag\/bordeaux?refer=embed\" rel=\"noopener\">#bordeaux<\/a> <a title=\"police\" target=\"_blank\" href=\"https:\/\/www.tiktok.com\/tag\/police?refer=embed\" rel=\"noopener\">#police<\/a> <a title=\"controle\" target=\"_blank\" href=\"https:\/\/www.tiktok.com\/tag\/controle?refer=embed\" rel=\"noopener\">#controle<\/a> <a title=\"velo\" target=\"_blank\" href=\"https:\/\/www.tiktok.com\/tag\/velo?refer=embed\" rel=\"noopener\">#velo<\/a> <\/p>\n<p> <a target=\"_blank\" title=\"\u266c Police - Kilo G\" href=\"https:\/\/www.tiktok.com\/music\/Police-7399329649275504656?refer=embed\" rel=\"noopener\">\u266c Police \u2013 Kilo G<\/a> <\/p>\n<\/blockquote>\n<p class=\" wall-content\">\u00ab\u00a0Une contravention de quatri\u00e8me classe est pr\u00e9vue pour le port de l\u2019oreillette ou du casque \u00e0 v\u00e9lo. C\u2019est une <strong>amende de 135 euros<\/strong> \u00e0 payer\u00a0\u00bb, continue le commissaire. Un cycliste qui grille un feu rouge s\u2019expose \u00e0 la m\u00eame contravention. R\u00e9gl\u00e9es imm\u00e9diatement, ces amendes sont minor\u00e9es \u00e0 90 euros.<\/p>\n<p class=\" wall-content\">Personnalisez votre actualit\u00e9 en ajoutant vos villes et m\u00e9dias en favori avec <a href=\"https:\/\/moncompte.actu.fr\" title=\"D\u00e9couvez Mon Actu\" rel=\"nofollow noopener\" data-trk=\"{&quot;cta&quot;:{&quot;action&quot;:&quot;https:\\\/\\\/moncompte.actu.fr&quot;,&quot;category&quot;:&quot;mon compte&quot;,&quot;from&quot;:&quot;article footer&quot;,&quot;name&quot;:&quot;Mon actu&quot;,&quot;type&quot;:&quot;cta&quot;}}\" target=\"_blank\">Mon Actu<\/a>.<\/p>\n<p>                    <script async src=\"\/\/www.tiktok.com\/embed.js\"><\/script><\/p>\n","protected":false},"excerpt":{"rendered":"Par Juliette Cardinale Publi\u00e9 le 6 nov. 2025 \u00e0 18h36 C\u2019est l\u2019un des secteurs les plus probl\u00e9matiques de&hellip;\n","protected":false},"author":2,"featured_media":517057,"comment_status":"","ping_status":"","sticky":false,"template":"","format":"standard","meta":{"footnotes":""},"categories":[2817],"tags":[1111,11,1997,1777,674,1011,27,12,2219,4798,1072,25,104,208],"class_list":{"0":"post-517056","1":"post","2":"type-post","3":"status-publish","4":"format-standard","5":"has-post-thumbnail","7":"category-bordeaux","8":"tag-actu","9":"tag-actualites","10":"tag-bordeaux","11":"tag-eu","12":"tag-europe","13":"tag-fr","14":"tag-france","15":"tag-news","16":"tag-nouvelle-aquitaine","17":"tag-pistes-cyclables","18":"tag-police","19":"tag-republique-francaise","20":"tag-societe","21":"tag-velo"},"share_on_mastodon":{"url":"https:\/\/pubeurope.com\/@fr\/115505509559463438","error":""},"_links":{"self":[{"href":"https:\/\/www.europesays.com\/fr\/wp-json\/wp\/v2\/posts\/517056","targetHints":{"allow":["GET"]}}],"collection":[{"href":"https:\/\/www.europesays.com\/fr\/wp-json\/wp\/v2\/posts"}],"about":[{"href":"https:\/\/www.europesays.com\/fr\/wp-json\/wp\/v2\/types\/post"}],"author":[{"embeddable":true,"href":"https:\/\/www.europesays.com\/fr\/wp-json\/wp\/v2\/users\/2"}],"replies":[{"embeddable":true,"href":"https:\/\/www.europesays.com\/fr\/wp-json\/wp\/v2\/comments?post=517056"}],"version-history":[{"count":0,"href":"https:\/\/www.europesays.com\/fr\/wp-json\/wp\/v2\/posts\/517056\/revisions"}],"wp:featuredmedia":[{"embeddable":true,"href":"https:\/\/www.europesays.com\/fr\/wp-json\/wp\/v2\/media\/517057"}],"wp:attachment":[{"href":"https:\/\/www.europesays.com\/fr\/wp-json\/wp\/v2\/media?parent=517056"}],"wp:term":[{"taxonomy":"category","embeddable":true,"href":"https:\/\/www.europesays.com\/fr\/wp-json\/wp\/v2\/categories?post=517056"},{"taxonomy":"post_tag","embeddable":true,"href":"https:\/\/www.europesays.com\/fr\/wp-json\/wp\/v2\/tags?post=517056"}],"curies":[{"name":"wp","href":"https:\/\/api.w.org\/{rel}","templated":true}]}}