{"id":517065,"date":"2025-11-07T00:13:14","date_gmt":"2025-11-07T00:13:14","guid":{"rendered":"https:\/\/www.europesays.com\/fr\/517065\/"},"modified":"2025-11-07T00:13:14","modified_gmt":"2025-11-07T00:13:14","slug":"devo-fait-son-cinema-toutma","status":"publish","type":"post","link":"https:\/\/www.europesays.com\/fr\/517065\/","title":{"rendered":"Devo fait son cin\u00e9ma&#8230; &#8211; Toutma"},"content":{"rendered":"<p>\tDevo fait son cin\u00e9ma&#8230; &#8211; Toutma<\/p>\n<p>&#13;<br \/>\n&#13;<\/p>\n<p>&#13;<br \/>\n\t\t&#13;<\/p>\n<p>Nous utilisons des cookies pour vous garantir la meilleure exp\u00e9rience sur notre site web. Si vous continuez \u00e0 utiliser ce site, nous supposerons que vous en \u00eates satisfait.OK<\/p>\n<p>\t\t&#13;<\/p>\n","protected":false},"excerpt":{"rendered":"Devo fait son cin\u00e9ma&#8230; &#8211; Toutma &#13; &#13; &#13; &#13; Nous utilisons des cookies pour vous garantir la&hellip;\n","protected":false},"author":2,"featured_media":517066,"comment_status":"","ping_status":"","sticky":false,"template":"","format":"standard","meta":{"footnotes":""},"categories":[2814],"tags":[1111,11,63752,63753,1777,674,1011,27,884,12,61871,882,25,60442],"class_list":{"0":"post-517065","1":"post","2":"type-post","3":"status-publish","4":"format-standard","5":"has-post-thumbnail","7":"category-marseille","8":"tag-actu","9":"tag-actualites","10":"tag-axel-chay","11":"tag-bar-a-vins-marseille","12":"tag-eu","13":"tag-europe","14":"tag-fr","15":"tag-france","16":"tag-marseille","17":"tag-news","18":"tag-ou-diner-a-marseille","19":"tag-provence-alpes-cote-dazur","20":"tag-republique-francaise","21":"tag-restaurant-marseille"},"share_on_mastodon":{"url":"https:\/\/pubeurope.com\/@fr\/115505529225542121","error":""},"_links":{"self":[{"href":"https:\/\/www.europesays.com\/fr\/wp-json\/wp\/v2\/posts\/517065","targetHints":{"allow":["GET"]}}],"collection":[{"href":"https:\/\/www.europesays.com\/fr\/wp-json\/wp\/v2\/posts"}],"about":[{"href":"https:\/\/www.europesays.com\/fr\/wp-json\/wp\/v2\/types\/post"}],"author":[{"embeddable":true,"href":"https:\/\/www.europesays.com\/fr\/wp-json\/wp\/v2\/users\/2"}],"replies":[{"embeddable":true,"href":"https:\/\/www.europesays.com\/fr\/wp-json\/wp\/v2\/comments?post=517065"}],"version-history":[{"count":0,"href":"https:\/\/www.europesays.com\/fr\/wp-json\/wp\/v2\/posts\/517065\/revisions"}],"wp:featuredmedia":[{"embeddable":true,"href":"https:\/\/www.europesays.com\/fr\/wp-json\/wp\/v2\/media\/517066"}],"wp:attachment":[{"href":"https:\/\/www.europesays.com\/fr\/wp-json\/wp\/v2\/media?parent=517065"}],"wp:term":[{"taxonomy":"category","embeddable":true,"href":"https:\/\/www.europesays.com\/fr\/wp-json\/wp\/v2\/categories?post=517065"},{"taxonomy":"post_tag","embeddable":true,"href":"https:\/\/www.europesays.com\/fr\/wp-json\/wp\/v2\/tags?post=517065"}],"curies":[{"name":"wp","href":"https:\/\/api.w.org\/{rel}","templated":true}]}}