{"id":517067,"date":"2025-11-07T00:14:22","date_gmt":"2025-11-07T00:14:22","guid":{"rendered":"https:\/\/www.europesays.com\/fr\/517067\/"},"modified":"2025-11-07T00:14:22","modified_gmt":"2025-11-07T00:14:22","slug":"absence-daires-pour-les-gens-du-voyage-la-metropole-aix-marseille-provence-condamnee","status":"publish","type":"post","link":"https:\/\/www.europesays.com\/fr\/517067\/","title":{"rendered":"Absence d&rsquo;aires pour les gens du voyage, la M\u00e9tropole Aix-Marseille-Provence condamn\u00e9e"},"content":{"rendered":"<p>L&rsquo;intercommunalit\u00e9 va donc devoir r\u00e9gler 265 500 euros \u00e0 l&rsquo;\u00c9tat et 29 500 euros \u00e0 l&rsquo;association qui d\u00e9fend les gens du voyage. En d\u00e9but d&rsquo;ann\u00e9e, la M\u00e9tropole avait \u00e9t\u00e9 condamn\u00e9e \u00e0 cette astreinte financi\u00e8re croissante, de 500 euros \u00e0 1 500 euros par jour de non-ex\u00e9cution d&rsquo;une d\u00e9cision de 2019 pour installer deux <a href=\"https:\/\/www.laprovence.com\/article\/region\/7066273567663614\/les-aires-qui-existent-ne-sont-pas-propres-a-marseille-ces-gens-du-voyage-sont-dans-lillegalite-forcee\" target=\"_blank\" rel=\"noopener\">nouvelles aires<\/a>, pr\u00e9vues au sch\u00e9ma d\u00e9partemental de 2012.<\/p>\n<p>Apr\u00e8s le paiement de cette somme, sous deux mois, l&rsquo;astreinte journali\u00e8re de 1 500 euros continuera de s&rsquo;appliquer. Le tribunal n&rsquo;a pas jug\u00e9 opportun de majorer l&rsquo;amende mais a tout de m\u00eame estim\u00e9 que les avanc\u00e9es de la M\u00e9tropole, qui dit avoir identifi\u00e9 <a href=\"https:\/\/www.laprovence.com\/article\/region\/29918669893370\/faute-daire-disponible-une-centaine-de-caravanes-des-gens-du-voyage-sinstalle-sur-un-stade-a-marseille\" target=\"_blank\" rel=\"noopener\">neuf terrains <\/a>mais sans toutefois contacter les propri\u00e9taires, \u00e9taient trop faibles.<\/p>\n","protected":false},"excerpt":{"rendered":"L&rsquo;intercommunalit\u00e9 va donc devoir r\u00e9gler 265 500 euros \u00e0 l&rsquo;\u00c9tat et 29 500 euros \u00e0 l&rsquo;association qui d\u00e9fend&hellip;\n","protected":false},"author":2,"featured_media":517068,"comment_status":"","ping_status":"","sticky":false,"template":"","format":"standard","meta":{"footnotes":""},"categories":[2814],"tags":[17,32227,1111,11,63754,1777,674,1011,27,7397,151,884,2800,12,316,471,882,25,586],"class_list":{"0":"post-517067","1":"post","2":"type-post","3":"status-publish","4":"format-standard","5":"has-post-thumbnail","7":"category-marseille","8":"tag-17","9":"tag-absence","10":"tag-actu","11":"tag-actualites","12":"tag-daires","13":"tag-eu","14":"tag-europe","15":"tag-fr","16":"tag-france","17":"tag-gens","18":"tag-les","19":"tag-marseille","20":"tag-metropole","21":"tag-news","22":"tag-politique","23":"tag-pour","24":"tag-provence-alpes-cote-dazur","25":"tag-republique-francaise","26":"tag-voyage"},"share_on_mastodon":{"url":"https:\/\/pubeurope.com\/@fr\/115505533226372199","error":""},"_links":{"self":[{"href":"https:\/\/www.europesays.com\/fr\/wp-json\/wp\/v2\/posts\/517067","targetHints":{"allow":["GET"]}}],"collection":[{"href":"https:\/\/www.europesays.com\/fr\/wp-json\/wp\/v2\/posts"}],"about":[{"href":"https:\/\/www.europesays.com\/fr\/wp-json\/wp\/v2\/types\/post"}],"author":[{"embeddable":true,"href":"https:\/\/www.europesays.com\/fr\/wp-json\/wp\/v2\/users\/2"}],"replies":[{"embeddable":true,"href":"https:\/\/www.europesays.com\/fr\/wp-json\/wp\/v2\/comments?post=517067"}],"version-history":[{"count":0,"href":"https:\/\/www.europesays.com\/fr\/wp-json\/wp\/v2\/posts\/517067\/revisions"}],"wp:featuredmedia":[{"embeddable":true,"href":"https:\/\/www.europesays.com\/fr\/wp-json\/wp\/v2\/media\/517068"}],"wp:attachment":[{"href":"https:\/\/www.europesays.com\/fr\/wp-json\/wp\/v2\/media?parent=517067"}],"wp:term":[{"taxonomy":"category","embeddable":true,"href":"https:\/\/www.europesays.com\/fr\/wp-json\/wp\/v2\/categories?post=517067"},{"taxonomy":"post_tag","embeddable":true,"href":"https:\/\/www.europesays.com\/fr\/wp-json\/wp\/v2\/tags?post=517067"}],"curies":[{"name":"wp","href":"https:\/\/api.w.org\/{rel}","templated":true}]}}