{"id":517069,"date":"2025-11-07T00:15:22","date_gmt":"2025-11-07T00:15:22","guid":{"rendered":"https:\/\/www.europesays.com\/fr\/517069\/"},"modified":"2025-11-07T00:15:22","modified_gmt":"2025-11-07T00:15:22","slug":"je-veux-redonner-la-fierte-a-chacun-detre-lyonnais","status":"publish","type":"post","link":"https:\/\/www.europesays.com\/fr\/517069\/","title":{"rendered":"Je veux redonner la fiert\u00e9 \u00e0 chacun d\u2019\u00eatre lyonnais"},"content":{"rendered":"<p>A chacun sa photo de famille. Mardi, <a href=\"https:\/\/www.lyonmag.com\/profil-personnalite-lyonnaise\/504\/gregory-doucet\" target=\"_blank\" rel=\"noopener\">Gr\u00e9gory Doucet<\/a> posait <a href=\"https:\/\/www.lyonmag.com\/article\/148002\/municipales-a-lyon-gregory-doucet-lance-finalement-sa-campagne-avec-la-gauche-presque-toute-reunie\" target=\"_blank\" rel=\"noopener\">aux c\u00f4t\u00e9s des repr\u00e9sentants locaux de la gauche r\u00e9unie<\/a>. Un NFP au sein duquel la France Insoumise n&rsquo;a pas souhait\u00e9 se greffer, \u00e0 l&rsquo;instar de la plupart des grandes villes du pays o\u00f9 le parti m\u00e9lenchoniste va vouloir se compter, voire remporter des mairies.<\/p>\n<p>A Lyon, c&rsquo;est la d\u00e9put\u00e9e Ana\u00efs Belouassa-Cherifi qui porte ces ambitions. Tr\u00e8s proche de Jean-Luc M\u00e9lenchon, elle a r\u00e9ussi \u00e0 r\u00e9unir 300 personnes, dont de nombreux d\u00e9\u00e7us rest\u00e9s aux portes d&rsquo;In-Sted dans le 3e arrondissement.<\/p>\n<p>Salle comble pour applaudir ABC, ses t\u00eates de liste, mais aussi Cl\u00e9mence Guett\u00e9 v\u00e9ritable rockstar dans les rangs de LFI. Il y avait des jeunes \u00e9videmment, des vieux de la vieille aussi. Des antifas, des militants pro-palestiniens, quelques ind\u00e9cis et des curieux&#8230;<\/p>\n<p>Le choix \u00e9tait fait de ne nommer personne mais d&rsquo;\u00eatre suffisamment explicite pour que le public sache qui huer. A ce petit jeu, Gr\u00e9gory Doucet a \u00e9t\u00e9 \u00e9pargn\u00e9. Il a simplement \u00e9t\u00e9 reproch\u00e9 au maire \u00e9cologiste de Lyon par J\u00e9r\u00f4me Fa\u00ffnel du Collectif 69 Palestine de ne pas avoir particip\u00e9 \u00e0 ses manifestations et d&rsquo;avoir conserv\u00e9 le jumelage avec la ville isra\u00e9lienne de Beer-Sheva. Forc\u00e9ment, on peut difficilement honnir l&rsquo;\u00e9dile avec qui le rassemblement s&rsquo;op\u00e8rera au second tour.<\/p>\n<p><a href=\"https:\/\/www.lyonmag.com\/profil-personnalite-lyonnaise\/8\/jean-michel-aulas\" target=\"_blank\" rel=\"noopener\">Jean-Michel Aulas<\/a> ? Une cible parfaite. Et c&rsquo;est Ana\u00efs Belouassa-Cherifi qui en parlait le plus durement : \u00ab\u00a0Lyon m\u00e9rite mieux qu&rsquo;un entrepreneur millionnaire. Il est le Guignol de la droite et de la macronie agonisante\u00a0\u00bb.<\/p>\n<p>Et \u00e9videmment le Parti socialiste, vis\u00e9 cons\u00e9cutivement par Cl\u00e9mence Guett\u00e9 et la candidate LFI au pupitre. D&rsquo;autant que <a href=\"https:\/\/www.lyonmag.com\/article\/148033\/plutot-qu-une-soupe-de-sigles-lyon-a-besoin-d-un-projet\" target=\"_blank\" rel=\"noopener\">les r\u00e9v\u00e9lations de LyonMag<\/a> de la veille, sur la \u00ab\u00a0proposition Miss France\u00a0\u00bb moqu\u00e9e par des cadres socialistes lyonnais quant \u00e0 la volont\u00e9 d&rsquo;ABC de r\u00e9quisitionner des logements vides pour les personnes \u00e0 la rue, ont choqu\u00e9. \u00ab\u00a0C&rsquo;est m\u00e9prisant, c&rsquo;est sexiste. Mais le plus horrible, c&rsquo;est qu&rsquo;ils ont renonc\u00e9 \u00e0 am\u00e9liorer la vie des gens\u00a0\u00bb, d\u00e9non\u00e7ait Ana\u00efs Belouassa-Cherifi.<\/p>\n<p><img loading=\"lazy\" decoding=\"async\" style=\"display: block; margin-left: auto; margin-right: auto;\" src=\"https:\/\/www.europesays.com\/fr\/wp-content\/uploads\/2025\/11\/dsc-7187-82468.jpg\" alt=\"\" width=\"600\" height=\"400\"\/><\/p>\n<p>Quid des propositions ? Il y a bien s\u00fbr cette \u00ab\u00a0proposition Miss France\u00a0\u00bb pour laquelle \u00ab\u00a0notre main ne tremblera pas\u00a0\u00bb promettait la parlementaire. \u00ab\u00a0Nous mettrons fin \u00e0 la loi du plus fort et la sp\u00e9culation immobili\u00e8re\u00a0\u00bb, poursuivait-elle.<\/p>\n<p>Et de citer p\u00eale-m\u00eale la cr\u00e9ation d&rsquo;un restaurant municipal proposant des repas bio \u00e0 des prix sociaux, de centres municipaux de sant\u00e9&#8230;<\/p>\n<p><strong>\u00ab\u00a0Cette candidature, c\u2019est celle d\u2019un collectif, d\u2019un projet, d\u2019une esp\u00e9rance\u00a0\u00bb<\/strong><\/p>\n<p>\u00ab\u00a0Lyon doit redevenir la ville lumi\u00e8re qui rassemble. Je veux redonner la fiert\u00e9 \u00e0 chacun d\u2019\u00eatre lyonnais\u00a0\u00bb, poursuivait ABC, qui \u00ab\u00a0croit en Lyon, en sa puissance populaire\u00a0\u00bb.<\/p>\n<p>Ana\u00efs Belouassa-Cherifi promet \u00e9galement que toute p\u00e9tition contre l&rsquo;un des projets de la Ville de Lyon et atteignant les 20 000 signatures entra\u00eenera l&rsquo;organisation d&rsquo;un r\u00e9f\u00e9rendum dans l&rsquo;ann\u00e9e. \u00ab\u00a0Si un jour vous souhaitez nous r\u00e9voquer, nous le respecterons\u00a0\u00bb, clamait-elle \u00e0 la salle.<\/p>\n<p>Et de conclure en s&rsquo;adressant aux jeunes, ceux-l\u00e0 m\u00eame qui sont plut\u00f4t tent\u00e9s par le vote Gr\u00e9gory Doucet voire Nathalie Perrin-Gilbert. Des lieux d\u00e9di\u00e9s seraient cr\u00e9\u00e9s en cas de victoire en mars prochain, pour que la jeunesse puisse cr\u00e9er, \u00e9tudier, \u00e9changer.<\/p>\n<p>Et on ne fait pas de rupture avec le reste de la gauche sans un brin de discours d&rsquo;extr\u00eame-gauche : \u00ab\u00a0Lyon n\u2019a jamais \u00e9t\u00e9 et ne sera jamais une ville du repli sur soi. Elle ne tol\u00e8re jamais les intimidations de l\u2019extr\u00eame droite. \u00c0 Lyon, personne ne doit \u00eatre seul face \u00e0 la haine et la violence. La Ville se portera partie civile lorsque des habitants seront victimes de violences sexistes, racistes, LGBTIphobes\u00a0\u00bb.<\/p>\n<p>\u00ab\u00a0Cette candidature, c\u2019est celle d\u2019un collectif, d\u2019un projet, d\u2019une esp\u00e9rance\u00a0\u00bb, terminait-elle, rejointe sur sc\u00e8ne par ses candidats des 9 arrondissements pour une Marseillaise chant\u00e9e le poing lev\u00e9.<\/p>\n<blockquote class=\"twitter-tweet\"><p>&#13;<\/p>\n<p dir=\"ltr\" lang=\"fr\">Fin de Marseillaise et de meeting le poing lev\u00e9 pour <a href=\"https:\/\/twitter.com\/BelouassaAnais?ref_src=twsrc%5Etfw\" target=\"_blank\" rel=\"noopener\">@BelouassaAnais<\/a> et ses t\u00eates de liste pour les municipales \u00e0 Lyon : \u00ab je veux redonner \u00e0 chacun la fiert\u00e9 d\u2019\u00eatre Lyonnais \u00bb <a href=\"https:\/\/t.co\/vzP6tP5yXl\">pic.twitter.com\/vzP6tP5yXl<\/a><\/p>\n<p>&#13;<br \/>\n\u2014 Lyon Mag (@lyonmag) <a href=\"https:\/\/twitter.com\/lyonmag\/status\/1986523278979043698?ref_src=twsrc%5Etfw\" target=\"_blank\" rel=\"noopener\">November 6, 2025<\/a><\/p><\/blockquote>\n<p>Il reste encore du chemin pour qu&rsquo;Ana\u00efs Belouassa-Cherifi puisse s&rsquo;inviter dans le duel annonc\u00e9 entre Gr\u00e9gory Doucet et Jean-Michel Aulas. Des mairies d&rsquo;arrondissement pourraient lui tendre les bras. Mais il va falloir aller chercher des voix, une \u00e0 une. Et surtout r\u00e9ussir \u00e0 ne pas griller trop d&rsquo;\u00e9nergie dans des allers-retours avec l&rsquo;Assembl\u00e9e nationale jusqu&rsquo;en mars.<\/p>\n<p>  \t\t\t\t\t<script async src=\"https:\/\/platform.twitter.com\/widgets.js\" charset=\"utf-8\"><\/script><\/p>\n","protected":false},"excerpt":{"rendered":"A chacun sa photo de famille. Mardi, Gr\u00e9gory Doucet posait aux c\u00f4t\u00e9s des repr\u00e9sentants locaux de la gauche&hellip;\n","protected":false},"author":2,"featured_media":517070,"comment_status":"","ping_status":"","sticky":false,"template":"","format":"standard","meta":{"footnotes":""},"categories":[1889],"tags":[1111,11,2813,2190,2430,1109,251,1112,2811,1777,674,118,1011,27,1922,1110,1114,2428,2810,12,241,316,25,2812,517,800],"class_list":{"0":"post-517069","1":"post","2":"type-post","3":"status-publish","4":"format-standard","5":"has-post-thumbnail","7":"category-lyon","8":"tag-actu","9":"tag-actualites","10":"tag-article","11":"tag-asvel","12":"tag-auvergne-rhone-alpes","13":"tag-breves","14":"tag-culture","15":"tag-depeches","16":"tag-economique","17":"tag-eu","18":"tag-europe","19":"tag-faits-divers","20":"tag-fr","21":"tag-france","22":"tag-info","23":"tag-informations","24":"tag-infos","25":"tag-lyon","26":"tag-lyonmag","27":"tag-news","28":"tag-ol","29":"tag-politique","30":"tag-republique-francaise","31":"tag-sociale","32":"tag-sport","33":"tag-transports"},"share_on_mastodon":{"url":"https:\/\/pubeurope.com\/@fr\/115505537619509372","error":""},"_links":{"self":[{"href":"https:\/\/www.europesays.com\/fr\/wp-json\/wp\/v2\/posts\/517069","targetHints":{"allow":["GET"]}}],"collection":[{"href":"https:\/\/www.europesays.com\/fr\/wp-json\/wp\/v2\/posts"}],"about":[{"href":"https:\/\/www.europesays.com\/fr\/wp-json\/wp\/v2\/types\/post"}],"author":[{"embeddable":true,"href":"https:\/\/www.europesays.com\/fr\/wp-json\/wp\/v2\/users\/2"}],"replies":[{"embeddable":true,"href":"https:\/\/www.europesays.com\/fr\/wp-json\/wp\/v2\/comments?post=517069"}],"version-history":[{"count":0,"href":"https:\/\/www.europesays.com\/fr\/wp-json\/wp\/v2\/posts\/517069\/revisions"}],"wp:featuredmedia":[{"embeddable":true,"href":"https:\/\/www.europesays.com\/fr\/wp-json\/wp\/v2\/media\/517070"}],"wp:attachment":[{"href":"https:\/\/www.europesays.com\/fr\/wp-json\/wp\/v2\/media?parent=517069"}],"wp:term":[{"taxonomy":"category","embeddable":true,"href":"https:\/\/www.europesays.com\/fr\/wp-json\/wp\/v2\/categories?post=517069"},{"taxonomy":"post_tag","embeddable":true,"href":"https:\/\/www.europesays.com\/fr\/wp-json\/wp\/v2\/tags?post=517069"}],"curies":[{"name":"wp","href":"https:\/\/api.w.org\/{rel}","templated":true}]}}