{"id":517071,"date":"2025-11-07T00:16:19","date_gmt":"2025-11-07T00:16:19","guid":{"rendered":"https:\/\/www.europesays.com\/fr\/517071\/"},"modified":"2025-11-07T00:16:19","modified_gmt":"2025-11-07T00:16:19","slug":"avant-le-psg-un-lyon-bis-battu-pour-la-premiere-fois-en-c3","status":"publish","type":"post","link":"https:\/\/www.europesays.com\/fr\/517071\/","title":{"rendered":"avant le PSG, un Lyon bis battu pour la premi\u00e8re fois en C3"},"content":{"rendered":"<p>\n    Avec un turnover certain avant de recevoir le Paris-SG, dimanche, l\u2019OL s\u2019est inclin\u00e9 sur le terrain du Betis S\u00e9ville ce jeudi, lors de la quatri\u00e8me journ\u00e9e de Ligue Europa.<\/p>\n<p class=\"fig-paragraph\">Un de chute. Vainqueurs de leurs trois premiers matchs de la saison en Ligue Europa, les Gones ont c\u00e9d\u00e9 face au Betis (<a href=\"https:\/\/www.lefigaro.fr\/sports\/football\/live\/ligue-europa\/2025\/2602019\/betis-lyon\" target=\"_blank\" rel=\"noopener\" data-gtm-custom-categorie=\"navigation\" data-gtm-custom-action=\"crossclick\" data-gtm-custom-label=\"Contextuel\" data-gtm-event=\"customEventSPE\">2-0<\/a>) ce jeudi, \u00e0 S\u00e9ville, lors de\u00a0<a href=\"https:\/\/www.lefigaro.fr\/sports\/football\/ligue-europa\/calendrier-resultats?journee=4\" target=\"_blank\" rel=\"noopener\" data-gtm-custom-categorie=\"navigation\" data-gtm-custom-action=\"crossclick\" data-gtm-custom-label=\"Contextuel\" data-gtm-event=\"customEventSPE\">la quatri\u00e8me journ\u00e9e<\/a>. Avec tr\u00e8s certainement le choc face au PSG dimanche, en championnat de France, Paulo Fonseca avait op\u00e9r\u00e9 un large turnover au coup d\u2019envoi (Satriano, Merah, Molebe\u2026). Pari perdant. Mais qui sera peut-\u00eatre gagnant si les Gones l\u2019emportent face au Paris Saint-Germain dimanche, allez savoir\u2026\u00a0<a href=\"https:\/\/www.lefigaro.fr\/sports\/football\/ligue-europa\/classement\" target=\"_blank\" rel=\"noopener\" data-gtm-custom-categorie=\"navigation\" data-gtm-custom-action=\"crossclick\" data-gtm-custom-label=\"Contextuel\" data-gtm-event=\"customEventSPE\">Au classement de cette C3<\/a>, l\u2019OL reste dans le Top 8, donc il n\u2019y a pas le feu au lac pour la suite de son aventure europ\u00e9enne.<\/p>\n<p class=\"fig-paragraph\">Les Lyonnais ont pourtant bien commenc\u00e9 la rencontre, du moins en termes de ma\u00eetrise et de possession. Attention \u00e0 Abner, averti (24e) et pas loin du deuxi\u00e8me jaune ensuite. Domin\u00e9s, les locaux piquaient en contre, avec Ezzalzouli qui butait sur Greif (29e). M\u00eames acteurs mais issue bien diff\u00e9rente avec le but dudit Ezzalzouli, opportuniste apr\u00e8s un corner de l\u2019ancien Parisien Lo Celso d\u00e9vi\u00e9 par l\u2019ex-Sochalien et Marseillais Bakambu (1-0, 3-0e). Contre le cours du jeu\u00a0? Sans doute. Mais les Andalous enfon\u00e7aient le clou dans la foul\u00e9e par l\u2019interm\u00e9diaire d\u2019Anthony, d\u2019un savoureux lob (2-0, 35e). Douche froide pour des Gones impuissants et qui ont pay\u00e9 cher leurs erreurs.<\/p>\n<p>                                    <a class=\"fig-a11y-skip a11y-hidden\" href=\"#fig-a11y-skip-main-inarticle\"><br \/>\n        Passer la publicit\u00e9<br \/>\n    <\/a><\/p>\n<p>Les cadres envoy\u00e9s au front, mais\u2026<\/p>\n<p class=\"fig-paragraph\">\u00c0 la reprise, coach Fonseca rebattait les cartes et lan\u00e7ait Moreira et Tagliafico. \u00c7a ne suffisait pas pour changer radicalement les choses. Une alerte par Merah (48e), mais pas grand-chose d\u2019autre. Retour de la possession st\u00e9rile, avec Ezzalzouli pas loin du 3-0 (64e). De nouveau du sang neuf c\u00f4t\u00e9 lyonnais avec les entr\u00e9es de Morton et Sulc (65e). Plus de mordant \u00e0 l\u2019OL, et donc l\u2019espoir. Une grosse frayeur aussi, avec un potentiel penalty revu pendant de longues minutes apr\u00e8s un contact entre Kluivert et Fornals (77e). Au final, le Betis S\u00e9ville n\u2019a gu\u00e8re trembl\u00e9 en fin de partie (2-0 score final).<\/p>\n","protected":false},"excerpt":{"rendered":"Avec un turnover certain avant de recevoir le Paris-SG, dimanche, l\u2019OL s\u2019est inclin\u00e9 sur le terrain du Betis&hellip;\n","protected":false},"author":2,"featured_media":517072,"comment_status":"","ping_status":"","sticky":false,"template":"","format":"standard","meta":{"footnotes":""},"categories":[1889],"tags":[1111,11,2430,1777,674,1011,27,5843,2428,12,978,25],"class_list":{"0":"post-517071","1":"post","2":"type-post","3":"status-publish","4":"format-standard","5":"has-post-thumbnail","7":"category-lyon","8":"tag-actu","9":"tag-actualites","10":"tag-auvergne-rhone-alpes","11":"tag-eu","12":"tag-europe","13":"tag-fr","14":"tag-france","15":"tag-ligue-europa","16":"tag-lyon","17":"tag-news","18":"tag-olympique-lyonnais","19":"tag-republique-francaise"},"share_on_mastodon":{"url":"https:\/\/pubeurope.com\/@fr\/115505540840035604","error":""},"_links":{"self":[{"href":"https:\/\/www.europesays.com\/fr\/wp-json\/wp\/v2\/posts\/517071","targetHints":{"allow":["GET"]}}],"collection":[{"href":"https:\/\/www.europesays.com\/fr\/wp-json\/wp\/v2\/posts"}],"about":[{"href":"https:\/\/www.europesays.com\/fr\/wp-json\/wp\/v2\/types\/post"}],"author":[{"embeddable":true,"href":"https:\/\/www.europesays.com\/fr\/wp-json\/wp\/v2\/users\/2"}],"replies":[{"embeddable":true,"href":"https:\/\/www.europesays.com\/fr\/wp-json\/wp\/v2\/comments?post=517071"}],"version-history":[{"count":0,"href":"https:\/\/www.europesays.com\/fr\/wp-json\/wp\/v2\/posts\/517071\/revisions"}],"wp:featuredmedia":[{"embeddable":true,"href":"https:\/\/www.europesays.com\/fr\/wp-json\/wp\/v2\/media\/517072"}],"wp:attachment":[{"href":"https:\/\/www.europesays.com\/fr\/wp-json\/wp\/v2\/media?parent=517071"}],"wp:term":[{"taxonomy":"category","embeddable":true,"href":"https:\/\/www.europesays.com\/fr\/wp-json\/wp\/v2\/categories?post=517071"},{"taxonomy":"post_tag","embeddable":true,"href":"https:\/\/www.europesays.com\/fr\/wp-json\/wp\/v2\/tags?post=517071"}],"curies":[{"name":"wp","href":"https:\/\/api.w.org\/{rel}","templated":true}]}}