{"id":517073,"date":"2025-11-07T00:18:12","date_gmt":"2025-11-07T00:18:12","guid":{"rendered":"https:\/\/www.europesays.com\/fr\/517073\/"},"modified":"2025-11-07T00:18:12","modified_gmt":"2025-11-07T00:18:12","slug":"sante-le-don-de-plasma-un-enjeu-de-souverainete-sanitaire-en-france","status":"publish","type":"post","link":"https:\/\/www.europesays.com\/fr\/517073\/","title":{"rendered":"Sant\u00e9: le don de plasma, un enjeu de souverainet\u00e9 sanitaire en France"},"content":{"rendered":"<p>\n                                                Avec 1,6 million de donneurs chaque ann\u00e9e, le don du sang est un acte de solidarit\u00e9 bien connu des Fran\u00e7ais. Moins connu, le don de plasma, un d\u00e9riv\u00e9 du sang, progresse toutefois en France, avec une augmentation de 16% en 2024 par rapport \u00e0 2023. Une croissance que l&rsquo;\u00c9tablissement fran\u00e7ais du sang (EFS) veut acc\u00e9l\u00e9rer dans le cadre de son programme baptis\u00e9 \u00ab\u00a0Ambition plasma\u00a0\u00bb. Il vise \u00e0 mobiliser plusieurs centaines de milliers de nouveaux donneurs chaque ann\u00e9e, d&rsquo;ici \u00e0 2028. Arame Mbengue s&rsquo;est rendue \u00e0 Bobigny, en r\u00e9gion parisienne, dans l&rsquo;une des Maisons du don de l&rsquo;EFS.                    <\/p>\n<p>Le plasma, c&rsquo;est le liquide dans lequel circulent les cellules sanguines telles que les globules rouges et blancs, entre autres. Il est tr\u00e8s riche en prot\u00e9ines. Son utilisation sous forme de m\u00e9dicaments d\u00e9riv\u00e9s du sang ou par transfusion permet de soigner des milliers de patients.<\/p>\n<p>Dans la salle de pr\u00e9l\u00e8vement de la Maison du don de Bobigny, situ\u00e9e \u00e0 l&rsquo;h\u00f4pital Avicenne, une donneuse effectue pour la deuxi\u00e8me fois un don de plasma. Elle raconte ce qui l&rsquo;a pouss\u00e9 \u00e0 donner\u00a0: \u00ab\u00a0La premi\u00e8re fois, c&rsquo;est tout simplement parce que j&rsquo;ai r\u00e9alis\u00e9 que j&rsquo;\u00e9tais en bonne sant\u00e9, et je me suis dit \u00a0\u00bbpourquoi pas\u00a0\u00bb. Puisque je suis donneuse universelle, donc autant donner. Et la deuxi\u00e8me fois, on m&rsquo;a recontact\u00e9e, parce qu&rsquo;il y avait un manque. On m&rsquo;a demand\u00e9 si je voulais bien venir, et j&rsquo;ai dit \u00a0\u00bbOK, pas de probl\u00e8me\u00a0\u00bb.\u00a0\u00bb\u00a0<\/p>\n<p>Pendant le pr\u00e9l\u00e8vement, seul le plasma de cette donneuse est extrait par la machine. Le reste du sang est imm\u00e9diatement r\u00e9inject\u00e9 dans son organisme, comme l&rsquo;explique Alice, infirmi\u00e8re de l&rsquo;EFS\u00a0:\u00a0\u00ab\u00a0La machine r\u00e9cup\u00e8re le sang et vient filtrer le plasma gr\u00e2ce \u00e0 un retors qui vient utiliser la force centrifuge pour pouvoir filtrer les globules rouges et le plasma. On r\u00e9cup\u00e8re le plasma et on r\u00e9injecte les globules rouges au donneur.\u00a0\u00bb<\/p>\n<p>Mais avant d&rsquo;arriver \u00e0 la salle de pr\u00e9l\u00e8vement du plasma, les donneurs passent d&rsquo;abord par diff\u00e9rentes \u00e9tapes. D&rsquo;abord un\u00a0passage \u00e0 l&rsquo;accueil, puis un entretien m\u00e9dical. Une \u00e9tape essentielle, pour le docteur Bayazid Belhadj-Kacem, responsable des pr\u00e9l\u00e8vements\u00a0: \u00ab\u00a0C&rsquo;est pour d\u00e9terminer l&rsquo;\u00e9ligibilit\u00e9, voir si la personne prend des m\u00e9dicaments, si elle se fait soigner pour x maladies, si elle est rentr\u00e9e d&rsquo;un pays \u00e0 risques, ou si elle a un comportement \u00e0 risques&#8230; Si tous les voyants sont au vert, la personne est \u00e9ligible au don, et elle est invit\u00e9e bien s\u00fbr \u00e0 donner son plasma.\u00a0\u00bb\u00a0<\/p>\n<p>Avec son programme \u00ab\u00a0Ambition plasma\u00a0\u00bb, l&rsquo;\u00c9tablissement fran\u00e7ais du sang vise \u00e0 pr\u00e9lever un 1\u00a0400\u00a0000 litres de plasma en 2028 contre 870\u00a0000 litres en 2024. Un enjeu de souverainet\u00e9 sanitaire pour la France, qui importe des m\u00e9dicaments d\u00e9riv\u00e9s du sang.<\/p>\n<p>Laure Bouguignat, directrice de l&rsquo;EFS \u00cele-de-France, nous dit l&rsquo;importance des dons fran\u00e7ais\u00a0: \u00ab\u00a0On a besoin de plasma pour fabriquer des m\u00e9dicaments issus de ce plasma. Pour l&rsquo;instant, la France est loin d&rsquo;\u00eatre autosuffisante, et elle d\u00e9pend, en fait, de ce qui est collect\u00e9 au niveau des \u00c9tats-Unis pour la fabrication des m\u00e9dicaments d\u00e9riv\u00e9s du sang.\u00a0\u00bb\u00a0\u00a0<\/p>\n<p>Le don de plasma est r\u00e9alis\u00e9 uniquement dans les maisons du don de l&rsquo;EFS et sur rendez-vous, partout en France m\u00e9tropolitaine. Toute personne \u00e2g\u00e9e de 18 \u00e0 65 ans peut faire un don de plasma tous les 15 jours.<\/p>\n<p class=\"a-read-more\">\u00c0 lire aussi<a href=\"https:\/\/www.rfi.fr\/fr\/france\/20230614-sant\u00e9-je-vous-raconte-comment-j-ai-donn\u00e9-mon-plasma\" target=\"_self\" class=\"a-read-more__link\" rel=\"noopener\">Sant\u00e9: je vous raconte comment j&rsquo;ai donn\u00e9 mon plasma<\/a><\/p>\n","protected":false},"excerpt":{"rendered":"Avec 1,6 million de donneurs chaque ann\u00e9e, le don du sang est un acte de solidarit\u00e9 bien connu&hellip;\n","protected":false},"author":2,"featured_media":517074,"comment_status":"","ping_status":"","sticky":false,"template":"","format":"standard","meta":{"footnotes":""},"categories":[1592],"tags":[1111,11,1777,674,1011,27,662,12,626,5920,25,2362],"class_list":{"0":"post-517073","1":"post","2":"type-post","3":"status-publish","4":"format-standard","5":"has-post-thumbnail","7":"category-ile-de-france","8":"tag-actu","9":"tag-actualites","10":"tag-eu","11":"tag-europe","12":"tag-fr","13":"tag-france","14":"tag-ile-de-france","15":"tag-news","16":"tag-paris","17":"tag-reportage-france","18":"tag-republique-francaise","19":"tag-sante-et-medecine"},"share_on_mastodon":{"url":"https:\/\/pubeurope.com\/@fr\/115505548830604801","error":""},"_links":{"self":[{"href":"https:\/\/www.europesays.com\/fr\/wp-json\/wp\/v2\/posts\/517073","targetHints":{"allow":["GET"]}}],"collection":[{"href":"https:\/\/www.europesays.com\/fr\/wp-json\/wp\/v2\/posts"}],"about":[{"href":"https:\/\/www.europesays.com\/fr\/wp-json\/wp\/v2\/types\/post"}],"author":[{"embeddable":true,"href":"https:\/\/www.europesays.com\/fr\/wp-json\/wp\/v2\/users\/2"}],"replies":[{"embeddable":true,"href":"https:\/\/www.europesays.com\/fr\/wp-json\/wp\/v2\/comments?post=517073"}],"version-history":[{"count":0,"href":"https:\/\/www.europesays.com\/fr\/wp-json\/wp\/v2\/posts\/517073\/revisions"}],"wp:featuredmedia":[{"embeddable":true,"href":"https:\/\/www.europesays.com\/fr\/wp-json\/wp\/v2\/media\/517074"}],"wp:attachment":[{"href":"https:\/\/www.europesays.com\/fr\/wp-json\/wp\/v2\/media?parent=517073"}],"wp:term":[{"taxonomy":"category","embeddable":true,"href":"https:\/\/www.europesays.com\/fr\/wp-json\/wp\/v2\/categories?post=517073"},{"taxonomy":"post_tag","embeddable":true,"href":"https:\/\/www.europesays.com\/fr\/wp-json\/wp\/v2\/tags?post=517073"}],"curies":[{"name":"wp","href":"https:\/\/api.w.org\/{rel}","templated":true}]}}