{"id":517077,"date":"2025-11-07T00:20:21","date_gmt":"2025-11-07T00:20:21","guid":{"rendered":"https:\/\/www.europesays.com\/fr\/517077\/"},"modified":"2025-11-07T00:20:21","modified_gmt":"2025-11-07T00:20:21","slug":"une-place-au-cimetiere-pres-de-jim-morrison-paris-lance-un-tirage-au-sort-2","status":"publish","type":"post","link":"https:\/\/www.europesays.com\/fr\/517077\/","title":{"rendered":"Une place au cimeti\u00e8re pr\u00e8s de Jim Morrison ? Paris lance un tirage au sort"},"content":{"rendered":"<p class=\"mb-4 text-lg md:leading-8 break-words\">La ville de Paris a lanc\u00e9 cette semaine un tirage au sort in\u00e9dit qui permettra aux gagnants de reposer dans des tombes patrimoniales \u00e0 l&rsquo;abandon, en \u00e9change de leur restauration, afin de pallier la saturation de ses cimeti\u00e8res.<\/p>\n<p class=\"mb-4 text-lg md:leading-8 break-words\">Le patrimoine des cimeti\u00e8res parisiens compte 634.000 concessions mais reposer pr\u00e8s de Jim Morrison au P\u00e8re-Lachaise ou de Simone de Beauvoir \u00e0 Montparnasse restait un v\u0153u pieux, les cimeti\u00e8res historiques \u00e9tant satur\u00e9s depuis le d\u00e9but du XXe si\u00e8cle.<\/p>\n<p class=\"mb-4 text-lg md:leading-8 break-words\">R\u00e9sultat: ces lieux regorgent de s\u00e9pultures \u00e0 l&rsquo;abandon que leur valeur patrimoniale emp\u00eache de d\u00e9truire.<\/p>\n<p class=\"mb-4 text-lg md:leading-8 break-words\">Depuis lundi, la mairie propose trente monuments \u00e0 la vente sur tirage au sort: 10 au P\u00e8re-Lachaise, 10 \u00e0 Montparnasse et 10 \u00e0 Montmartre.<\/p>\n<p class=\"mb-4 text-lg md:leading-8 break-words\">Signe de l&rsquo;int\u00e9r\u00eat, \u00ab\u00a0d\u00e8s les 24 premi\u00e8res heures on a eu 1.000 clics sur les dossiers de candidature\u00a0\u00bb, a indiqu\u00e9 \u00e0 l&rsquo;AFP Paul Simondon, adjoint \u00e0 la maire de Paris Anne Hidalgo charg\u00e9 des affaires fun\u00e9raires.<\/p>\n<p class=\"mb-4 text-lg md:leading-8 break-words\">Les candidats doivent \u00ab\u00a0fournir des devis d&rsquo;entreprises de marbrerie sp\u00e9cialis\u00e9es pour montrer qu&rsquo;ils connaissent le co\u00fbt de la r\u00e9novation, afin qu&rsquo;il n&rsquo;y ait pas de surprise\u00a0\u00bb, a expliqu\u00e9 l&rsquo;\u00e9lu.<\/p>\n<p class=\"mb-4 text-lg md:leading-8 break-words\">Si les conditions de restauration et d&rsquo;achat ne sont pas remplies, \u00ab\u00a0la vente du monument est annul\u00e9e et l&rsquo;acqu\u00e9reur perd son investissement\u00a0\u00bb, pr\u00e9vient la Ville.<\/p>\n<p class=\"mb-4 text-lg md:leading-8 break-words\">Ce m\u00e9canisme de restauration\u00a0permet \u00ab\u00a0pour la premi\u00e8re fois aux familles d&rsquo;anticiper l&rsquo;achat d&rsquo;une concession intramuros\u00a0\u00bb, fait valoir Paul Simondon.<\/p>\n<p class=\"mb-4 text-lg md:leading-8 break-words\">Le dispositif a \u00e9t\u00e9 selon l&rsquo;adjoint \u00ab\u00a0valid\u00e9 par les services de l&rsquo;\u00c9tat, permettant de lier l&rsquo;achat du monument, relevant du domaine priv\u00e9, \u00e0 l&rsquo;obtention de la concession publique\u00a0\u00bb.<\/p>\n<p class=\"mb-4 text-lg md:leading-8 break-words\">Ce premier tirage au sort constitue un test et la mairie r\u00e9fl\u00e9chit \u00e0 \u00e9tendre le dispositif, a ajout\u00e9 Paul Simondon, soulignant l'\u00a0\u00bbint\u00e9r\u00eat \u00e9cologique\u00a0\u00bb du r\u00e9emploi des monuments fun\u00e9raires.<\/p>\n<p class=\"mb-4 text-lg md:leading-8 break-words\">djb\/juc\/bfa\/abl<\/p>\n","protected":false},"excerpt":{"rendered":"La ville de Paris a lanc\u00e9 cette semaine un tirage au sort in\u00e9dit qui permettra aux gagnants de&hellip;\n","protected":false},"author":2,"featured_media":517078,"comment_status":"","ping_status":"","sticky":false,"template":"","format":"standard","meta":{"footnotes":""},"categories":[1888],"tags":[1111,1928,11,1927,14944,1777,674,1011,27,6913,12258,12,1926,626,1925,63755,6914,25,14839,16207],"class_list":{"0":"post-517077","1":"post","2":"type-post","3":"status-publish","4":"format-standard","5":"has-post-thumbnail","7":"category-paris","8":"tag-actu","9":"tag-actu-paris","10":"tag-actualites","11":"tag-actualites-paris","12":"tag-cimetiere-du-pere-lachaise","13":"tag-eu","14":"tag-europe","15":"tag-fr","16":"tag-france","17":"tag-jim-morrison","18":"tag-maire-de-paris","19":"tag-news","20":"tag-news-paris","21":"tag-paris","22":"tag-paris-news","23":"tag-paul-simondon","24":"tag-pere-lachaise","25":"tag-republique-francaise","26":"tag-simone-de-beauvoir","27":"tag-tirage-au-sort"},"share_on_mastodon":{"url":"https:\/\/pubeurope.com\/@fr\/115505556568841287","error":""},"_links":{"self":[{"href":"https:\/\/www.europesays.com\/fr\/wp-json\/wp\/v2\/posts\/517077","targetHints":{"allow":["GET"]}}],"collection":[{"href":"https:\/\/www.europesays.com\/fr\/wp-json\/wp\/v2\/posts"}],"about":[{"href":"https:\/\/www.europesays.com\/fr\/wp-json\/wp\/v2\/types\/post"}],"author":[{"embeddable":true,"href":"https:\/\/www.europesays.com\/fr\/wp-json\/wp\/v2\/users\/2"}],"replies":[{"embeddable":true,"href":"https:\/\/www.europesays.com\/fr\/wp-json\/wp\/v2\/comments?post=517077"}],"version-history":[{"count":0,"href":"https:\/\/www.europesays.com\/fr\/wp-json\/wp\/v2\/posts\/517077\/revisions"}],"wp:featuredmedia":[{"embeddable":true,"href":"https:\/\/www.europesays.com\/fr\/wp-json\/wp\/v2\/media\/517078"}],"wp:attachment":[{"href":"https:\/\/www.europesays.com\/fr\/wp-json\/wp\/v2\/media?parent=517077"}],"wp:term":[{"taxonomy":"category","embeddable":true,"href":"https:\/\/www.europesays.com\/fr\/wp-json\/wp\/v2\/categories?post=517077"},{"taxonomy":"post_tag","embeddable":true,"href":"https:\/\/www.europesays.com\/fr\/wp-json\/wp\/v2\/tags?post=517077"}],"curies":[{"name":"wp","href":"https:\/\/api.w.org\/{rel}","templated":true}]}}