{"id":517086,"date":"2025-11-07T00:27:18","date_gmt":"2025-11-07T00:27:18","guid":{"rendered":"https:\/\/www.europesays.com\/fr\/517086\/"},"modified":"2025-11-07T00:27:18","modified_gmt":"2025-11-07T00:27:18","slug":"usa-pas-de-passeports-non-correspondants-au-genre-de-naissance","status":"publish","type":"post","link":"https:\/\/www.europesays.com\/fr\/517086\/","title":{"rendered":"USA: pas de passeports non correspondants au genre de naissance"},"content":{"rendered":"<p>    <img src=\"https:\/\/www.europesays.com\/fr\/wp-content\/uploads\/2025\/11\/a17f691f164471f271a15f143325889a8548b3b3-90293934.jpg\" width=\"1400\" height=\"1050\" alt=\"\" loading=\"eager\" decoding=\"sync\" fetchpriority=\"high\"\/><\/p>\n<p>            Keystone-SDA        <\/p>\n<p>        La Cour supr\u00eame am\u00e9ricaine a avalis\u00e9 jeudi l&rsquo;interdiction par l&rsquo;administration Trump de la d\u00e9livrance de passeports portant le genre \u00ab\u00a0X\u00a0\u00bb ou un genre diff\u00e9rent de celui de naissance pour les personnes transgenres ou s&rsquo;identifiant comme non binaires.\n<\/p>\n<p>        Ce contenu a \u00e9t\u00e9 publi\u00e9 sur    <\/p>\n<p>        07 novembre 2025 &#8211; 00:52\n<\/p>\n<p> (Keystone-ATS) Donald Trump a sign\u00e9 le 20 janvier, jour de son investiture, un d\u00e9cret selon lequel son administration ne reconna\u00eetrait d\u00e9sormais l\u2019existence que de \u00abdeux sexes, masculin et f\u00e9minin\u00bb, d\u00e9finis \u00e0 la naissance.<\/p>\n<p>Il revenait ainsi sur une r\u00e9forme introduite sous son pr\u00e9d\u00e9cesseur d\u00e9mocrate Joe Biden. Le d\u00e9partement d\u2019Etat am\u00e9ricain avait ensuite annonc\u00e9 qu\u2019il cessait de d\u00e9livrer des passeports avec le genre \u00abX\u00bb ou d\u2019un genre diff\u00e9rent du genre de naissance des titulaires du document.<\/p>\n<p>Cette d\u00e9cision avait \u00e9t\u00e9 contest\u00e9e en justice et suspendue en premi\u00e8re instance en juin, puis en appel en septembre.<\/p>\n<p>Mercredi, la Cour supr\u00eame, contre l\u2019avis des trois juges progressistes (sur neuf au total), a lev\u00e9 cette suspension.<\/p>\n<p>\u00abAfficher le sexe des titulaires du passeport \u00e0 la naissance ne porte pas davantage aux principes d\u2019\u00e9galit\u00e9 devant la loi que d\u2019afficher leur pays de naissance \u2013 dans les deux cas le gouvernement ne fait qu\u2019attester d\u2019un fait \u00e9tabli\u00bb, a-t-elle affirm\u00e9.<\/p>\n<p>L\u2019influente organisation de d\u00e9fense des droits civiques ACLU, impliqu\u00e9e dans la proc\u00e9dure, voit dans cette d\u00e9cision \u00abun retour en arri\u00e8re pour les libert\u00e9s de toutes les personnes \u00e0 \u00eatre elles-m\u00eames\u00bb, lui reprochant \u00abd\u2019alimenter le feu qu\u2019attise l\u2019administration Trump contre les personnes transgenres et leurs droits constitutionnels\u00bb.<\/p>\n<p>Le premier passeport am\u00e9ricain avec genre \u00abX\u00bb avait \u00e9t\u00e9 d\u00e9livr\u00e9 en octobre 2021 par le d\u00e9partement d\u2019Etat pour les \u00abpersonnes non binaires, intersexes\u00bb et plus largement celles qui ne se reconnaissent pas dans les crit\u00e8res de genre propos\u00e9s jusqu\u2019alors.<\/p>\n<p>Les droits des personnes transgenres sont un des th\u00e8mes majeurs des guerres soci\u00e9tales qui fracturent les Etats-Unis. Donald Trump en avait fait l\u2019un des axes de sa campagne en 2024, promettant de mettre fin au \u00abd\u00e9lire transgenre\u00bb.<\/p>\n<p>Depuis son retour au pouvoir, il est revenu sur une s\u00e9rie d\u2019acquis obtenus par les personnes transgenres.<\/p>\n<p>Il a ainsi ordonn\u00e9 l\u2019exclusion des personnes transgenres des forces arm\u00e9es et autoris\u00e9 les agences f\u00e9d\u00e9rales \u00e0 couper les subventions aux \u00e9coles qui permettent aux athl\u00e8tes transgenres de concourir dans des championnats f\u00e9minins.<\/p>\n<p>La Cour supr\u00eame a provisoirement autoris\u00e9 l\u2019administration Trump \u00e0 exclure les personnes transgenres de l\u2019arm\u00e9e, avant une d\u00e9cision sur le fond.<\/p>\n<p>Elle doit par ailleurs statuer dans les prochains mois sur la participation des personnes transgenres aux comp\u00e9titions sportives f\u00e9minines.<\/p>\n","protected":false},"excerpt":{"rendered":"Keystone-SDA La Cour supr\u00eame am\u00e9ricaine a avalis\u00e9 jeudi l&rsquo;interdiction par l&rsquo;administration Trump de la d\u00e9livrance de passeports portant&hellip;\n","protected":false},"author":2,"featured_media":517087,"comment_status":"","ping_status":"","sticky":false,"template":"","format":"standard","meta":{"footnotes":""},"categories":[1589],"tags":[11,73,1866,12,44403,4384,1864,1865,1863,308],"class_list":{"0":"post-517086","1":"post","2":"type-post","3":"status-publish","4":"format-standard","5":"has-post-thumbnail","7":"category-etats-unis","8":"tag-actualites","9":"tag-etats-unis","10":"tag-etats-unis-damerique","11":"tag-news","12":"tag-sda-ready-to-publish","13":"tag-ticker","14":"tag-united-states","15":"tag-united-states-of-america","16":"tag-us","17":"tag-usa"},"share_on_mastodon":{"url":"https:\/\/pubeurope.com\/@fr\/115505584821121856","error":""},"_links":{"self":[{"href":"https:\/\/www.europesays.com\/fr\/wp-json\/wp\/v2\/posts\/517086","targetHints":{"allow":["GET"]}}],"collection":[{"href":"https:\/\/www.europesays.com\/fr\/wp-json\/wp\/v2\/posts"}],"about":[{"href":"https:\/\/www.europesays.com\/fr\/wp-json\/wp\/v2\/types\/post"}],"author":[{"embeddable":true,"href":"https:\/\/www.europesays.com\/fr\/wp-json\/wp\/v2\/users\/2"}],"replies":[{"embeddable":true,"href":"https:\/\/www.europesays.com\/fr\/wp-json\/wp\/v2\/comments?post=517086"}],"version-history":[{"count":0,"href":"https:\/\/www.europesays.com\/fr\/wp-json\/wp\/v2\/posts\/517086\/revisions"}],"wp:featuredmedia":[{"embeddable":true,"href":"https:\/\/www.europesays.com\/fr\/wp-json\/wp\/v2\/media\/517087"}],"wp:attachment":[{"href":"https:\/\/www.europesays.com\/fr\/wp-json\/wp\/v2\/media?parent=517086"}],"wp:term":[{"taxonomy":"category","embeddable":true,"href":"https:\/\/www.europesays.com\/fr\/wp-json\/wp\/v2\/categories?post=517086"},{"taxonomy":"post_tag","embeddable":true,"href":"https:\/\/www.europesays.com\/fr\/wp-json\/wp\/v2\/tags?post=517086"}],"curies":[{"name":"wp","href":"https:\/\/api.w.org\/{rel}","templated":true}]}}