{"id":517090,"date":"2025-11-07T00:29:16","date_gmt":"2025-11-07T00:29:16","guid":{"rendered":"https:\/\/www.europesays.com\/fr\/517090\/"},"modified":"2025-11-07T00:29:16","modified_gmt":"2025-11-07T00:29:16","slug":"allemagne-merz-incapable-de-clore-le-dossier-migratoire-syrien-herite-de-merkel","status":"publish","type":"post","link":"https:\/\/www.europesays.com\/fr\/517090\/","title":{"rendered":"Allemagne : Merz, incapable de clore le dossier migratoire syrien h\u00e9rit\u00e9 de Merkel"},"content":{"rendered":"<p>La politique migratoire allemande reste hant\u00e9e par l\u2019h\u00e9ritage d\u2019Angela Merkel, dont l\u2019ouverture des fronti\u00e8res en 2015 a d\u00e9vers\u00e9 plus d\u2019un million de Syriens sur le sol allemand. Dix ans plus tard, Friedrich Merz, chancelier depuis mai 2025, peine \u00e0 inverser la tendance malgr\u00e9 ses discours fermes. Avec <a href=\"https:\/\/dserver.bundestag.de\/btd\/21\/022\/2102204.pdf\" target=\"_blank\" rel=\"noopener\">951\u00a0406 Syriens recens\u00e9s en Allemagne<\/a>, la pression est immense. Merz avait promis une droite r\u00e9solue pour juguler l\u2019immigration, mais six mois apr\u00e8s son \u00e9lection les paradoxes s\u2019accumulent. Sa coalition bride ses ambitions, tandis que les tensions internes \u00e0 la CDU minent sa cr\u00e9dibilit\u00e9. Les Syriens, arriv\u00e9s fuyant la guerre de Bachar al-Assad, ne rentrent pas, malgr\u00e9 la chute du r\u00e9gime en d\u00e9cembre 2024 et l\u2019av\u00e8nement du pr\u00e9sident int\u00e9rimaire Ahmed al-Charaa. Merz invite ce dernier \u00e0 Berlin pour discuter expulsions, <a href=\"https:\/\/www1.wdr.de\/nachrichten\/syrien-bewohner-nrw-rueckkehr-statistik-100.html\" target=\"_blank\" rel=\"noopener\">affirmant que<\/a> \u00ab la guerre civile en Syrie est termin\u00e9e. Il n\u2019y a plus aucun motif d\u2019asile en Allemagne \u00bb. Mais cette rh\u00e9torique cache une inertie profonde, o\u00f9 les fonds publics affluent vers Damas sans aucune contrepartie migratoire.\u00a0<\/p>\n<p><b>Les ambitions de Merz stopp\u00e9es par le dossier<\/b><\/p>\n<p>Merz mise sur une coop\u00e9ration pragmatique avec le nouveau r\u00e9gime syrien pour relancer les rapatriements. Il envisage un retour volontaire massif des Syriens, essentiels \u00e0 la \u00ab reconstruction \u00bb du pays d\u00e9vast\u00e9, et r\u00e9serve l\u2019expulsion aux r\u00e9fractaires, \u00e0 commencer par les d\u00e9linquants. \u00ab Sans ces hommes, la reconstruction n\u2019est pas possible \u00bb, mart\u00e8le-t-il lors d\u2019une conf\u00e9rence de presse \u00e0 Husum, dans le nord du pays.<\/p>\n<p>Toutefois, le ministre des Affaires \u00e9trang\u00e8res Johann Wadephul, lui-m\u00eame CDU, a contredit ouvertement son chancelier apr\u00e8s un voyage \u00e0 Damas. Sur place, \u00e0 Harasta, quartier martyr de la capitale, <a href=\"https:\/\/www.courrierinternational.com\/article\/verbatim-pour-le-chef-de-la-diplomatie-allemande-personne-ne-peut-vivre-dignement-en-syrie_236998\" target=\"_blank\" rel=\"noopener\">il d\u00e9crit<\/a> un chaos infrastructurel insurmontable : \u00ab Ici, peu de gens peuvent vivre d\u00e9cemment \u00bb. Le ministre <a href=\"https:\/\/www.mdr.de\/nachrichten\/deutschland\/politik\/abschiebung-syrien-debatte-wadephul-merz-asyl-100.html\" target=\"_blank\" rel=\"noopener\">plaide<\/a> plut\u00f4t en faveur d\u2019expulsions limit\u00e9es \u00e0 \u00ab quelques cas exceptionnels \u00bb pour les d\u00e9linquants, arguant que la Syrie reste trop destructur\u00e9e pour des retours massifs.\u00a0<\/p>\n<p><b>Merz, chancelier des promesses en suspens<\/b><\/p>\n<p>Tandis que Merz patine, l\u2019Alternative pour l\u2019Allemagne (AfD) capitalise sur le m\u00e9contentement populaire. Selon le compilateur statistique Dawum au 4 novembre 2025, l\u2019AfD culmine \u00e0 <a href=\"https:\/\/dawum.de\/Bundestag\/\" target=\"_blank\" rel=\"noopener\">25,6\u00a0%<\/a> et d\u00e9passe la CDU\/CSU qui atteint 25,3\u00a0%. Ce bond refl\u00e8te une d\u00e9fiance croissante envers l\u2019establishment : les Allemands, las de financer l\u2019int\u00e9gration d\u2019un million de Syriens &#8211; avec ses co\u00fbts astronomiques en aides sociales et s\u00e9curit\u00e9 , pl\u00e9biscitent une ligne dure que Merz n\u2019ose pas pleinement assumer. Alice Weidel, co-leader de l\u2019AfD et candidate \u00e0 la chancellerie en 2025, fustige cette hypocrisie dans un post viral <a href=\"https:\/\/x.com\/Alice_Weidel\/status\/1984166549633007855\">sur X<\/a> : \u00ab C\u2019est la CDU : 40 millions d\u2019euros pour la \u201creconstruction\u201d en Syrie, mais les Syriens \u201cne peuvent\u201d pas rentrer chez eux, selon le ministre Wadephul. Les contribuables allemands sont ainsi doublement ponctionn\u00e9s \u00bb.<\/p>\n<p><a href=\"https:\/\/www.lopinion.fr\/politique\/angela-merkel-decrete-que-les-refugies-devront-rentrer-chez-eux-apres-la-guerre\" target=\"_blank\" rel=\"noopener\">Merkel avait pourtant jur\u00e9 que les Syriens rentreraient une fois la paix revenue<\/a>, promesse lettre morte aujourd\u2019hui. L\u2019actuel chancelier, lui, persiste, cherchant \u00e0 tenir cette promesse, en vain. Sur le dossier syrien, l\u2019urgence le rattrape : les plus de 900\u00a0000 Syriens p\u00e8sent sur les budgets locaux (en 2023, la politique d\u2019accueil des r\u00e9fugi\u00e9s, toutes nationalit\u00e9s confondues, s\u2019\u00e9levait \u00e0 <a href=\"https:\/\/www.bpb.de\/themen\/migration-integration\/zahlen-zu-asyl\/265776\/asylbedingte-kosten-und-ausgaben\/\" target=\"_blank\" rel=\"noopener\">6,4\u00ad\u00a0%<\/a> des d\u00e9penses publiques soit 29,7 milliards d\u2019euros). Occupant le bureau des chanceliers allemands depuis trop longtemps maintenant, le dossier des Syriens alimente un ressentiment qui profite \u00e0 l\u2019AfD et les promesses de Merz sont loin de calmer les angoisses des Allemands (en novembre 2025, <a href=\"https:\/\/www.br.de\/nachrichten\/deutschland-welt\/wie-gespalten-ist-deutschland-studie-weniger-als-viele-denken,V1Zy8N6\" target=\"_blank\" rel=\"noopener\">53\u00a0%<\/a> se disent favorables \u00e0 un encadrement strict de l\u2019immigration).<\/p>\n<p>                    <a href=\"#\" rel=\"nofollow\" onclick=\"window.print(); pfTrackEvent('Allemagne : Merz, incapable de clore le dossier migratoire syrien h\u00e9rit\u00e9 de Merkel'); return false;\" title=\"Printer Friendly, PDF &amp; Email\"><br \/>\n                    <img decoding=\"async\" src=\"https:\/\/www.europesays.com\/fr\/wp-content\/uploads\/2025\/04\/printfriendly-icon-sm.png\" alt=\"Print Friendly, PDF &amp; Email\" class=\"pf-button-img\" style=\"width: 17px;height: 17px;\"\/>Imprimer, enregistrer en PDF cet article<br \/>\n                    <\/a><\/p>\n","protected":false},"excerpt":{"rendered":"La politique migratoire allemande reste hant\u00e9e par l\u2019h\u00e9ritage d\u2019Angela Merkel, dont l\u2019ouverture des fronti\u00e8res en 2015 a d\u00e9vers\u00e9&hellip;\n","protected":false},"author":2,"featured_media":465346,"comment_status":"","ping_status":"","sticky":false,"template":"","format":"standard","meta":{"footnotes":""},"categories":[1587],"tags":[11,672,1804,1805,1803,1777,674,1801,12,1802],"class_list":{"0":"post-517090","1":"post","2":"type-post","3":"status-publish","4":"format-standard","5":"has-post-thumbnail","7":"category-allemagne","8":"tag-actualites","9":"tag-allemagne","10":"tag-bundesrepublik-deutschland","11":"tag-de","12":"tag-deutschland","13":"tag-eu","14":"tag-europe","15":"tag-germany","16":"tag-news","17":"tag-republique-federale-dallemagne"},"share_on_mastodon":{"url":"https:\/\/pubeurope.com\/@fr\/115505592656933734","error":""},"_links":{"self":[{"href":"https:\/\/www.europesays.com\/fr\/wp-json\/wp\/v2\/posts\/517090","targetHints":{"allow":["GET"]}}],"collection":[{"href":"https:\/\/www.europesays.com\/fr\/wp-json\/wp\/v2\/posts"}],"about":[{"href":"https:\/\/www.europesays.com\/fr\/wp-json\/wp\/v2\/types\/post"}],"author":[{"embeddable":true,"href":"https:\/\/www.europesays.com\/fr\/wp-json\/wp\/v2\/users\/2"}],"replies":[{"embeddable":true,"href":"https:\/\/www.europesays.com\/fr\/wp-json\/wp\/v2\/comments?post=517090"}],"version-history":[{"count":0,"href":"https:\/\/www.europesays.com\/fr\/wp-json\/wp\/v2\/posts\/517090\/revisions"}],"wp:featuredmedia":[{"embeddable":true,"href":"https:\/\/www.europesays.com\/fr\/wp-json\/wp\/v2\/media\/465346"}],"wp:attachment":[{"href":"https:\/\/www.europesays.com\/fr\/wp-json\/wp\/v2\/media?parent=517090"}],"wp:term":[{"taxonomy":"category","embeddable":true,"href":"https:\/\/www.europesays.com\/fr\/wp-json\/wp\/v2\/categories?post=517090"},{"taxonomy":"post_tag","embeddable":true,"href":"https:\/\/www.europesays.com\/fr\/wp-json\/wp\/v2\/tags?post=517090"}],"curies":[{"name":"wp","href":"https:\/\/api.w.org\/{rel}","templated":true}]}}