{"id":517101,"date":"2025-11-07T00:37:16","date_gmt":"2025-11-07T00:37:16","guid":{"rendered":"https:\/\/www.europesays.com\/fr\/517101\/"},"modified":"2025-11-07T00:37:16","modified_gmt":"2025-11-07T00:37:16","slug":"rugby-amateur-rencontre-avec-luc-espinasse-doyen-de-las-fleurance-et-une-passion-intacte-comme-au-premier-jour","status":"publish","type":"post","link":"https:\/\/www.europesays.com\/fr\/517101\/","title":{"rendered":"Rugby amateur\u00a0: rencontre avec Luc Espinasse, \u00ab\u00a0doyen\u00a0\u00bb de l\u2019AS Fleurance et une passion intacte comme au premier jour"},"content":{"rendered":"<p>\n                                                                    l&rsquo;essentiel<br \/>\n                                                                Il n\u2019est pas le plus vieux, mais c\u2019est bien lui le plus fid\u00e8le. \u00c0 31 ans, Luc Espinasse cumule une douzaine de saisons sous le maillot de l\u2019AS Fleurance (Gers). \u00c9voluant au poste de centre, il incarne \u00e0 la fois la discr\u00e9tion et le talent. Entretien.\n                            <\/p>\n<p class=\"txt-question\">La D\u00e9p\u00eache du Midi\u00a0: Luc, qu\u2019est-ce que \u00e7a vous fait d\u2019\u00eatre le plus ancien de l\u2019\u00e9quipe\u00a0?<\/p>\n<p>Luc Espinasse\u00a0: Pas grand-chose car les t\u00eates changent chaque ann\u00e9e et j\u2019apprends \u00e0 d\u00e9couvrir les nouveaux co\u00e9quipiers car il y a toujours pas mal de changements une saison sur l\u2019autre. Et moi, en restant \u00e0 Fleurance, \u00e7a donne l\u2019avantage de n\u2019avoir \u00e9t\u00e9 bizut\u00e9 qu\u2019une seule fois, maintenant je suis p\u00e9nard (rires)\u00a0!<\/p>\n<p>        <img decoding=\"async\" class=\"std-img__img responsive-img\" src=\"https:\/\/www.europesays.com\/fr\/wp-content\/uploads\/2025\/11\/1762475835_303_image.jpg\" alt=\"Luc Espinasse d\u00e9fend les couleurs de l\u2019ASF depuis 2013.\"\/><\/p>\n<p>                Luc Espinasse d\u00e9fend les couleurs de l\u2019ASF depuis 2013.<br \/>\n                                    DDM &#8211; R.C.<\/p>\n<p class=\"txt-question\">Pouvez-vous nous rappeler vos d\u00e9buts en \u00e9quipe fanion\u00a0?<\/p>\n<p>J\u2019ai commenc\u00e9 quand le club \u00e9tait en F\u00e9d\u00e9rale 2 en 2013, c\u2019\u00e9tait la derni\u00e8re ann\u00e9e d\u2019Eric Escribano d\u2019ailleurs. Cette saison-l\u00e0, on perd le match de la mont\u00e9e en phases finales contre Graulhet. J\u2019ai d\u2019ailleurs retrouv\u00e9 des photos de cette \u00e9poque-l\u00e0 et il y a un paquet de joueurs qui ont arr\u00eat\u00e9 depuis.<\/p>\n<p class=\"std-elt__inline\">\n        <strong>\u00c0 lire aussi :<\/strong><br \/>\n        <a href=\"https:\/\/www.ladepeche.fr\/2025\/11\/03\/il-va-falloir-compter-sur-nous-pour-la-qualification-le-groupe-des-rugbymen-de-fleurance-vit-bien-13030820.php\" rel=\"nofollow noopener\" target=\"_blank\">\u00ab\u00a0Il va falloir compter sur nous pour la qualification\u00a0\u00bb\u00a0: le groupe des rugbymen de Fleurance vit bien<\/a>\n    <\/p>\n<p class=\"txt-question\">Vous devez aussi garder en m\u00e9moire quelques faits marquants depuis toutes ces ann\u00e9es\u00a0?<\/p>\n<p>Il y a eu l\u2019encha\u00eenement des coachs \u00e0 un moment o\u00f9 on faisait un coach, une saison. Et, bien s\u00fbr, la mont\u00e9e en F\u00e9d\u00e9rale 1, la mont\u00e9e en Nationale 2, mais aussi la presque descente de F\u00e9d\u00e9rale 2 \u00e0 F\u00e9d\u00e9rale 3 qu\u2019on \u00e9vite sur tapis vert. Plus r\u00e9cemment, il y a les deux phases finales qu\u2019on fait en Nationale avec des groupes hyper chouettes. Il y a plus de moments marquants et je me suis fait plein de potes \u00e0 <a href=\"https:\/\/www.ladepeche.fr\/sport\/rugby-xv\/as-fleurance\/\" target=\"_self\" rel=\"nofollow noopener\">Fleurance<\/a> \u00e0 travers toutes ces aventures.<\/p>\n<p class=\"txt-question\">Avez-vous toujours la m\u00eame motivation au fil des ann\u00e9es \u00e0 prendre le sac pour l\u2019entra\u00eenement ou le match\u00a0?<\/p>\n<p>Oui, elle est toujours l\u00e0, elle est m\u00eame d\u00e9cupl\u00e9e parce que tu sens qu\u2019il t\u2019en reste moins que ce que tu as fait\u2026 Donc j\u2019essaye de prendre un max de plaisir car lorsque je n\u2019aurai plus cette motivation, je pense que j\u2019arr\u00eaterai, d\u2019autant plus que je travaille et je vis sur Toulouse maintenant.<\/p>\n<p>        <img decoding=\"async\" class=\"std-img__img responsive-img\" src=\"https:\/\/www.europesays.com\/fr\/wp-content\/uploads\/2025\/11\/1762475836_971_image.jpg\" alt=\"AS FLEURANCE \/ CS VIENNE\"\/><\/p>\n<p>                AS FLEURANCE \/ CS VIENNE<br \/>\n                                    DDM archives &#8211; SEBASTIEN LAPEYRERE<\/p>\n<p class=\"txt-question\">Parlez-nous maintenant de l\u2019ASF version 2025-2026, de ce d\u00e9but de saison et de ce que vous attendez\u00a0?<\/p>\n<p>Tous les matchs sont serr\u00e9s, \u00e0 part contre M\u00e2con. \u00c7a s\u2019est souvent jou\u00e9 au dernier moment. Contrairement \u00e0 la saison derni\u00e8re, cette ann\u00e9e, on a des matchs qui tournent en notre faveur, \u00e7a ne l\u00e2che rien et le groupe vit bien aussi avec les nouveaux qui apportent leur fra\u00eecheur. Dimanche, \u00e7a sera donc Aubenas. Je pense que \u00e7a sera encore accroch\u00e9, qu\u2019il va falloir aller se le chercher et qu\u2019il ne faudra pas \u00eatre cardiaque\u00a0! En termes d\u2019objectif, il faudra assurer le maintien le plus t\u00f4t possible pour pouvoir regarder plus haut car la qualification se jouera jusqu\u2019\u00e0 la fin.<\/p>\n<p class=\"std-elt__inline\">\n        <strong>\u00c0 lire aussi :<\/strong><br \/>\n        <a href=\"https:\/\/www.ladepeche.fr\/2025\/10\/26\/rugby-amateur-nationale-2-las-fleurance-ramene-un-point-de-la-seyne-sur-mer-deuxieme-defaite-daffilee-pour-les-lomagnols-13016205.php\" rel=\"nofollow noopener\" target=\"_blank\">Rugby amateur \u2013 Nationale 2\u00a0: l\u2019AS Fleurance ram\u00e8ne un point de La Seyne-sur-Mer, deuxi\u00e8me d\u00e9faite d\u2019affil\u00e9e pour les Lomagnols<\/a>\n    <\/p>\n<p class=\"txt-question\">Vous faites partie des joueurs de belote, de coinche plus exactement. Parlez-nous donc de Mathieu Lamouli\u00e9\u2026<\/p>\n<p>Je ne pense pas que Mathieu triche mais il a trente ans de coinche derri\u00e8re lui, alors il conna\u00eet toutes les ficelles de ce jeu de cartes. Et m\u00eame en jouant avec Valentin (Muradore), il arrive \u00e0 gagner (rires).<\/p>\n","protected":false},"excerpt":{"rendered":"l&rsquo;essentiel Il n\u2019est pas le plus vieux, mais c\u2019est bien lui le plus fid\u00e8le. \u00c0 31 ans, Luc&hellip;\n","protected":false},"author":2,"featured_media":517102,"comment_status":"","ping_status":"","sticky":false,"template":"","format":"standard","meta":{"footnotes":""},"categories":[1416],"tags":[1011,27,479,1468,60],"class_list":{"0":"post-517101","1":"post","2":"type-post","3":"status-publish","4":"format-standard","5":"has-post-thumbnail","7":"category-rugby","8":"tag-fr","9":"tag-france","10":"tag-rugby","11":"tag-rugby-football","12":"tag-sports"},"share_on_mastodon":{"url":"https:\/\/pubeurope.com\/@fr\/115505624100150521","error":""},"_links":{"self":[{"href":"https:\/\/www.europesays.com\/fr\/wp-json\/wp\/v2\/posts\/517101","targetHints":{"allow":["GET"]}}],"collection":[{"href":"https:\/\/www.europesays.com\/fr\/wp-json\/wp\/v2\/posts"}],"about":[{"href":"https:\/\/www.europesays.com\/fr\/wp-json\/wp\/v2\/types\/post"}],"author":[{"embeddable":true,"href":"https:\/\/www.europesays.com\/fr\/wp-json\/wp\/v2\/users\/2"}],"replies":[{"embeddable":true,"href":"https:\/\/www.europesays.com\/fr\/wp-json\/wp\/v2\/comments?post=517101"}],"version-history":[{"count":0,"href":"https:\/\/www.europesays.com\/fr\/wp-json\/wp\/v2\/posts\/517101\/revisions"}],"wp:featuredmedia":[{"embeddable":true,"href":"https:\/\/www.europesays.com\/fr\/wp-json\/wp\/v2\/media\/517102"}],"wp:attachment":[{"href":"https:\/\/www.europesays.com\/fr\/wp-json\/wp\/v2\/media?parent=517101"}],"wp:term":[{"taxonomy":"category","embeddable":true,"href":"https:\/\/www.europesays.com\/fr\/wp-json\/wp\/v2\/categories?post=517101"},{"taxonomy":"post_tag","embeddable":true,"href":"https:\/\/www.europesays.com\/fr\/wp-json\/wp\/v2\/tags?post=517101"}],"curies":[{"name":"wp","href":"https:\/\/api.w.org\/{rel}","templated":true}]}}