{"id":517103,"date":"2025-11-07T00:38:16","date_gmt":"2025-11-07T00:38:16","guid":{"rendered":"https:\/\/www.europesays.com\/fr\/517103\/"},"modified":"2025-11-07T00:38:16","modified_gmt":"2025-11-07T00:38:16","slug":"les-deux-rivaux-sentraineront-ensemble-avant-le-coup-denvoi-des-atp-finals","status":"publish","type":"post","link":"https:\/\/www.europesays.com\/fr\/517103\/","title":{"rendered":"les deux rivaux s\u2019entra\u00eeneront ensemble avant le coup d\u2019envoi des ATP Finals"},"content":{"rendered":"<p>                <img decoding=\"async\" src=\"https:\/\/www.europesays.com\/fr\/wp-content\/uploads\/2025\/11\/nUpm.jpg\" fetchpriority=\"high\" alt=\"Sinner \u2013 Alcaraz : les deux rivaux s\u2019entra\u00eeneront ensemble avant le coup d\u2019envoi des ATP Finals\"\/><\/p>\n<p><strong>Depuis jeudi, le tirage au sort des ATP Finals 2025 a livr\u00e9 son verdict.<\/strong><\/p>\n<p>Jannik Sinner, tenant du titre, se retrouve dans le m\u00eame groupe qu\u2019Alexander Zverev, Ben Shelton et F\u00e9lix Auger-Aliassime. De son c\u00f4t\u00e9, Carlos Alcaraz, son grand rival, affrontera Novak Djokovic, Taylor Fritz et Alex de Minaur.<\/p>\n<p>Les deux hommes, qui se disputeront \u00e9galement la place de n\u00b01 mondial, ont pr\u00e9vu de s\u2019entra\u00eener ensemble demain sur le court de Turin \u00e0 11h. Une s\u00e9ance qui promet d\u2019attirer tous les regards et d\u2019\u00eatre scrut\u00e9e de pr\u00e8s par les m\u00e9dias pr\u00e9sents sur place.<\/p>\n","protected":false},"excerpt":{"rendered":"Depuis jeudi, le tirage au sort des ATP Finals 2025 a livr\u00e9 son verdict. Jannik Sinner, tenant du&hellip;\n","protected":false},"author":2,"featured_media":517104,"comment_status":"","ping_status":"","sticky":false,"template":"","format":"standard","meta":{"footnotes":""},"categories":[1415],"tags":[1011,27,60,1467],"class_list":{"0":"post-517103","1":"post","2":"type-post","3":"status-publish","4":"format-standard","5":"has-post-thumbnail","7":"category-tennis","8":"tag-fr","9":"tag-france","10":"tag-sports","11":"tag-tennis"},"share_on_mastodon":{"url":"https:\/\/pubeurope.com\/@fr\/115505627427905430","error":""},"_links":{"self":[{"href":"https:\/\/www.europesays.com\/fr\/wp-json\/wp\/v2\/posts\/517103","targetHints":{"allow":["GET"]}}],"collection":[{"href":"https:\/\/www.europesays.com\/fr\/wp-json\/wp\/v2\/posts"}],"about":[{"href":"https:\/\/www.europesays.com\/fr\/wp-json\/wp\/v2\/types\/post"}],"author":[{"embeddable":true,"href":"https:\/\/www.europesays.com\/fr\/wp-json\/wp\/v2\/users\/2"}],"replies":[{"embeddable":true,"href":"https:\/\/www.europesays.com\/fr\/wp-json\/wp\/v2\/comments?post=517103"}],"version-history":[{"count":0,"href":"https:\/\/www.europesays.com\/fr\/wp-json\/wp\/v2\/posts\/517103\/revisions"}],"wp:featuredmedia":[{"embeddable":true,"href":"https:\/\/www.europesays.com\/fr\/wp-json\/wp\/v2\/media\/517104"}],"wp:attachment":[{"href":"https:\/\/www.europesays.com\/fr\/wp-json\/wp\/v2\/media?parent=517103"}],"wp:term":[{"taxonomy":"category","embeddable":true,"href":"https:\/\/www.europesays.com\/fr\/wp-json\/wp\/v2\/categories?post=517103"},{"taxonomy":"post_tag","embeddable":true,"href":"https:\/\/www.europesays.com\/fr\/wp-json\/wp\/v2\/tags?post=517103"}],"curies":[{"name":"wp","href":"https:\/\/api.w.org\/{rel}","templated":true}]}}