{"id":517113,"date":"2025-11-07T00:47:35","date_gmt":"2025-11-07T00:47:35","guid":{"rendered":"https:\/\/www.europesays.com\/fr\/517113\/"},"modified":"2025-11-07T00:47:35","modified_gmt":"2025-11-07T00:47:35","slug":"en-images-pekin-express-la-route-des-glaces-decouvrez-les-huit-binomes-de-candidats-de-la-saison-21","status":"publish","type":"post","link":"https:\/\/www.europesays.com\/fr\/517113\/","title":{"rendered":"EN IMAGES. P\u00e9kin Express &#8211; La Route des Glaces : d\u00e9couvrez les huit bin\u00f4mes de candidats de la saison 21"},"content":{"rendered":"<p>            Par<br \/>\n        <strong><br \/>\n            <a href=\"https:\/\/actu.fr\/auteur\/alexandra-segond\" title=\"Consulter tous les articles de Alexandra Segond\" target=\"_blank\" rel=\"noopener\">Alexandra Segond<\/a><br \/>\n        <\/strong><\/p>\n<p>        Publi\u00e9 le<\/p>\n<p>            6 nov. 2025 \u00e0 20h20        <\/p>\n<p>Plus de 20 saisons que <strong>P\u00e9kin Express<\/strong> fait voyager les t\u00e9l\u00e9spectateurs aux quatre coins du monde. Six mois seulement apr\u00e8s la derni\u00e8re \u00e9dition \u2013 <a href=\"https:\/\/actu.fr\/loisirs-culture\/c-etait-la-finale-la-plus-serree-de-pekin-express-cecile-et-marion-etienne-et-judith-voici-le-duo-gagnant_62465497.html\" target=\"_blank\" rel=\"noopener\">remport\u00e9e par les deux \u00e9tudiantes C\u00e9cile et Marion<\/a> -, <strong>le programme phare de M6<\/strong> remet le couvert. Et pas qu\u2019un peu.<\/p>\n<p class=\" wall-content\">La <strong>21e saison<\/strong> de <a href=\"https:\/\/actu.fr\/tag\/pekin-express\" target=\"_blank\" rel=\"noopener\">P\u00e9kin Express<\/a> a \u00e9t\u00e9 d\u00e9voil\u00e9e par la <a href=\"https:\/\/actu.fr\/tag\/television\" target=\"_blank\" rel=\"noopener\">cha\u00eene t\u00e9l\u00e9vis\u00e9e<\/a> mardi 14 octobre 2025. Baptis\u00e9e \u00ab\u2009La Route des glaces\u2009\u00bb et diffus\u00e9e \u00e0 partir du <strong>vendredi 7 novembre 2025<\/strong>, elle promet d\u2019\u00eatre \u00ab\u2009l\u2019aventure la plus difficile de l\u2019histoire\u2009\u00bb de l\u2019\u00e9mission, qui prend place cette fois-ci au <strong>Kazakhstan<\/strong>.<\/p>\n<p>Huit bin\u00f4mes, de 18 \u00e0 72\u00a0ans<\/p>\n<p class=\" wall-content\">Et qui dit nouvelle saison, dit nouveaux candidats. Comme de coutume, ceux-ci sont divis\u00e9s en bin\u00f4mes. Cette ann\u00e9e, ils sont <strong>huit duos<\/strong> \u00e0 participer \u00e0 P\u00e9kin Express \u2013 La Route des Glaces.<\/p>\n<p class=\" wall-content\">Qu\u2019ils fassent l\u2019aventure en famille, entre amis, en amoureux ou qu\u2019ils ne se connaissent absolument pas avant de participer \u00e0 l\u2019\u00e9mission, voici leurs portraits et leurs histoires.<\/p>\n<ul class=\" wall-content\">\n<li><strong>Sonide et Rapha\u00ebl \u2013 La s\u0153ur et le fr\u00e8re complices<\/strong><\/li>\n<\/ul>\n<p>    <img   decoding=\"async\" loading=\"lazy\" src=\"https:\/\/www.europesays.com\/fr\/wp-content\/uploads\/2025\/11\/m6-0068067-0206-960x640.jpg\" alt=\"Sonide et Rapha\u00ebl\" width=\"960\" height=\"640\"\/><br \/>\n    Sonide et Rapha\u00ebl. (\u00a9Patrick ROBERT\/M6)<\/p>\n<p class=\" wall-content\">Le premier bin\u00f4me est une fratrie, dont l\u2019histoire va \u00e0 coup s\u00fbr vous \u00e9mouvoir. Sonide et Rapha\u00ebl sont tous les deux originaires d\u2019Ha\u00efti. S\u00e9par\u00e9s d\u00e8s l\u2019enfance, ils grandissent en France loin de l\u2019autre, la s\u0153ur ayant \u00e9t\u00e9 adopt\u00e9e en Bretagne et son fr\u00e8re \u00e0 Marseille.<\/p>\n<p>Votre r\u00e9gion, votre actu !<\/p>\n<p>Recevez chaque jour les infos qui comptent pour vous.<\/p>\n<p>\t<a href=\"https:\/\/actu.fr\/newsletter\" class=\"ac-btn ac-btn--corner ac-btn--medium ac-btn--blue800\" target=\"_blank\" rel=\"noopener\">S&rsquo;incrire<\/a><\/p>\n<p class=\" wall-content\">Ce n\u2019est qu\u2019\u00e0 17\u00a0ans qu\u2019ils se retrouvent. Depuis, ils sont tr\u00e8s proches \u00ab\u2009mais n\u2019ont jamais eu la chance de passer de longs moments \u00e0 deux\u2009\u00bb, indique M6 dans un dossier de presse envoy\u00e9 \u00e0 actu.fr.<\/p>\n<blockquote class=\"ac-article-quote wall-content\">\n<p>Pour P\u00e9kin Express, ce duo dynamique et complice se lance dans une aventure intense pour vivre ensemble une exp\u00e9rience unique, mieux se d\u00e9couvrir et renforcer ce lien exceptionnel.<\/p>\n<p>    <strong>M6<\/strong>\n            <\/p><\/blockquote>\n<p>    <img   decoding=\"async\" loading=\"lazy\" src=\"https:\/\/www.europesays.com\/fr\/wp-content\/uploads\/2025\/11\/m6-0068067-0216-960x640.jpg\" alt=\"Sonide et Rapha\u00ebl\" width=\"960\" height=\"640\"\/><br \/>\n    Sonide et Rapha\u00ebl. (\u00a9Patrick ROBERT\/M6)<\/p>\n<ul class=\" wall-content\">\n<li><strong>H\u00e9l\u00e8ne et Catherine \u2013 S\u0153urs ins\u00e9parables et nounous d\u2019enfers<\/strong><\/li>\n<\/ul>\n<p>    <img   decoding=\"async\" loading=\"lazy\" src=\"https:\/\/www.europesays.com\/fr\/wp-content\/uploads\/2025\/11\/m6-0068067-0248-960x640.jpg\" alt=\"H\u00e9l\u00e8ne et Catherine\" width=\"960\" height=\"640\"\/><br \/>\n    H\u00e9l\u00e8ne et Catherine. (\u00a9Patrick ROBERT\/M6)<\/p>\n<p class=\" wall-content\">Nouveau bin\u00f4me, nouvelle aventure en <a href=\"https:\/\/actu.fr\/tag\/famille\" target=\"_blank\" rel=\"noopener\">famille<\/a>\u2009: voici<strong> H\u00e9l\u00e8ne et Catherine<\/strong>, respectivement 58 et 52\u00a0ans.<\/p>\n<p class=\" wall-content\">En plus d\u2019\u00eatre <strong>ins\u00e9parables<\/strong>, ces deux s\u0153urs partagent une m\u00eame passion\u2009: elles sont assistantes maternelles et adorent s\u2019occuper des tout-petits (et chouchouter leurs proches).<\/p>\n<blockquote class=\"ac-article-quote wall-content\">\n<p>Pour P\u00e9kin Express, elles se lancent dans une aventure hors du commun, pr\u00eates \u00e0 partager leur \u00e9nergie et leurs \u00e9motions avec tous ceux qu\u2019elles rencontreront.<\/p>\n<p>    <strong>M6<\/strong>\n            <\/p><\/blockquote>\n<p>    <img   decoding=\"async\" loading=\"lazy\" src=\"https:\/\/www.europesays.com\/fr\/wp-content\/uploads\/2025\/11\/m6-0068067-0263-960x640.jpg\" alt=\"H\u00e9l\u00e8ne et Catherine.\" width=\"960\" height=\"640\"\/><br \/>\n    H\u00e9l\u00e8ne et Catherine. (\u00a9Patrick ROBERT\/M6)<\/p>\n<ul class=\" wall-content\">\n<li><strong>K\u00e9vin et Sophie \u2013 Le couple de Carcassonne<\/strong><\/li>\n<\/ul>\n<p>    <img   decoding=\"async\" loading=\"lazy\" src=\"https:\/\/www.europesays.com\/fr\/wp-content\/uploads\/2025\/11\/m6-0068067-0064-960x640.jpg\" alt=\"K\u00e9vin et Sophie\" width=\"960\" height=\"640\"\/><br \/>\n    K\u00e9vin et Sophie. (\u00a9Patrick ROBERT\/M6)<\/p>\n<p class=\" wall-content\">C\u2019est l\u2019un des deux couples de cette 21e saison. Ensemble depuis deux ans et demi, <strong>K\u00e9vin et Sophie<\/strong> forment un duo fusionnel, pr\u00eat \u00e0 relever les d\u00e9fis de P\u00e9kin Express.<\/p>\n<p class=\" wall-content\">Entre l\u2019aventurier dans l\u2019\u00e2me de 32\u00a0ans et la courageuse jeune femme de 33\u00a0ans qui veut \u00ab\u2009affronter ses peurs par amour\u2009\u00bb, ce bin\u00f4me entend<strong> se d\u00e9passer ensemble<\/strong>, quitte \u00e0 mettre leur complicit\u00e9 \u00e0 rude \u00e9preuve.<\/p>\n<p>    <img   decoding=\"async\" loading=\"lazy\" src=\"https:\/\/www.europesays.com\/fr\/wp-content\/uploads\/2025\/11\/m6-0068067-0084-960x640.jpg\" alt=\"K\u00e9vin et Sophie\" width=\"960\" height=\"640\"\/><br \/>\n    K\u00e9vin et Sophie. (\u00a9Patrick ROBERT\/M6)<\/p>\n<ul class=\" wall-content\">\n<li><strong>Fabien et Missak \u2013 Les coll\u00e8gues aides-soignants<\/strong><\/li>\n<\/ul>\n<p>    <img   decoding=\"async\" loading=\"lazy\" src=\"https:\/\/www.europesays.com\/fr\/wp-content\/uploads\/2025\/11\/m6-0068067-0014-960x640.jpg\" alt=\"Fabien et Missak.\" width=\"960\" height=\"640\"\/><br \/>\n    Fabien et Missak. (\u00a9Patrick ROBERT\/M6)<\/p>\n<p class=\" wall-content\">Attention, bin\u00f4me haut en couleur en approche\u2009! <strong>Fabien et Missak<\/strong> sont \u00e0 la base deux coll\u00e8gues qui, depuis leur rencontre, sont devenus de grands amis.<\/p>\n<p class=\" wall-content\"><strong>Complices et compl\u00e9mentaires<\/strong>, ces deux aides-soignants <a href=\"https:\/\/actu.fr\/marseille\" target=\"_blank\" rel=\"noopener\">marseillais<\/a> de 42 et 30\u00a0ans sont pr\u00eats \u00e0 mettre \u00e0 profit leur amiti\u00e9 pour relever tous les d\u00e9fis de P\u00e9kin Express \u2013 La Route des Glaces.<\/p>\n<blockquote class=\"ac-article-quote wall-content\">\n<p>Sportif et d\u00e9termin\u00e9, Fabien motive Missak \u00e0 se d\u00e9passer.<\/p>\n<p>    <strong>M6<\/strong>\n            <\/p><\/blockquote>\n<p>    <img   decoding=\"async\" loading=\"lazy\" src=\"https:\/\/www.europesays.com\/fr\/wp-content\/uploads\/2025\/11\/m6-0068067-0008-960x640.jpg\" alt=\"Fabien et Missak.\" width=\"960\" height=\"640\"\/><br \/>\n    Fabien et Missak. (\u00a9Patrick ROBERT\/M6)<\/p>\n<ul class=\" wall-content\">\n<li><strong>Claire et \u00c9ric\u2009: les fianc\u00e9s belges<\/strong><\/li>\n<\/ul>\n<p>    <img   decoding=\"async\" loading=\"lazy\" src=\"https:\/\/www.europesays.com\/fr\/wp-content\/uploads\/2025\/11\/m6-0068067-0142-960x640.jpg\" alt=\"Claire et Eric.\" width=\"960\" height=\"640\"\/><br \/>\n    Claire et Eric. (\u00a9Patrick ROBERT\/M6)<\/p>\n<p class=\" wall-content\">Nos <strong>voisins belges<\/strong> comptent r\u00e9guli\u00e8rement parmi les candidats de P\u00e9kin Express. Et une fois n\u2019est pas coutume, il y a bien une \u00e9quipe <a href=\"https:\/\/actu.fr\/tag\/belgique\" target=\"_blank\" rel=\"noopener\">belge<\/a> pour cette 21e saison. C\u2019est aussi le second couple qui participe \u00e0 l\u2019aventure (apr\u00e8s K\u00e9vin et Sophie).<\/p>\n<p class=\" wall-content\">Il s\u2019agit de <strong>Claire et \u00c9ric<\/strong>, 52 et 50\u00a0ans. Ils sont en couple depuis deux ans et \u00ab\u2009vivent leur relation comme de jeunes tourtereaux, alliant complicit\u00e9, humour et passions partag\u00e9es\u2009\u00bb, illustre M6.<\/p>\n<blockquote class=\"ac-article-quote wall-content\">\n<p>Toujours spontan\u00e9s et insouciants, ils profitent de chaque moment ensemble et r\u00eavent d\u2019aventures communes. Pour P\u00e9kin Express, ils se lancent dans une exp\u00e9rience unique pour renforcer leur lien et, pourquoi pas, financer leur mariage de r\u00eave.<\/p>\n<p>    <strong>M6<\/strong>\n            <\/p><\/blockquote>\n<p>    <img   decoding=\"async\" loading=\"lazy\" src=\"https:\/\/www.europesays.com\/fr\/wp-content\/uploads\/2025\/11\/m6-0068067-0161-960x640.jpg\" alt=\"Claire et Eric.\" width=\"960\" height=\"640\"\/><br \/>\n    Claire et Eric. (\u00a9Patrick ROBERT\/M6)<\/p>\n<ul class=\" wall-content\">\n<li><strong>Francis et Philippe\u2009: les papys motards<\/strong><\/li>\n<\/ul>\n<p>    <img   decoding=\"async\" loading=\"lazy\" src=\"https:\/\/www.europesays.com\/fr\/wp-content\/uploads\/2025\/11\/m6-0068067-0055-960x640.jpg\" alt=\"Francis et Philippe.\" width=\"960\" height=\"640\"\/><br \/>\n    Francis et Philippe. (\u00a9Patrick ROBERT\/M6)<\/p>\n<p class=\" wall-content\">En voil\u00e0 un bin\u00f4me qui d\u00e9pote\u2009! <strong>Francis<\/strong> (72\u00a0ans) et <strong>Philippe<\/strong> (67\u00a0ans) sont deux amis qu\u2019une m\u00eame passion unit depuis quatre ans qu\u2019ils se connaissent\u2009: <a href=\"https:\/\/actu.fr\/tag\/moto\" target=\"_blank\" rel=\"noopener\">la moto<\/a>,\u00a0surtout les Harley Davidson.<\/p>\n<p class=\" wall-content\">Malgr\u00e9 <strong>des caract\u00e8res et des parcours de vie tr\u00e8s diff\u00e9rents<\/strong>, Philippe (ancien ing\u00e9nieur tr\u00e8s \u00e9rudit) et Francis (ancien pompier qui court encore apr\u00e8s l\u2019adr\u00e9naline) sont pr\u00eats \u00e0 tout pour gagner.<\/p>\n<blockquote class=\"ac-article-quote wall-content\">\n<p>Pour P\u00e9kin Express, les \u00ab\u00a0potos\u00a0\u00bb, veulent repousser leurs limites et prouver que l\u2019\u00e2ge n\u2019est pas un frein \u00e0 l\u2019aventure.<\/p>\n<p>    <strong>M6<\/strong>\n            <\/p><\/blockquote>\n<ul class=\" wall-content\">\n<li><strong>Nathalie et Charlotte\u2009: la m\u00e8re et la fille volcaniques<\/strong><\/li>\n<\/ul>\n<p>    <img   decoding=\"async\" loading=\"lazy\" src=\"https:\/\/www.europesays.com\/fr\/wp-content\/uploads\/2025\/11\/m6-0068067-0100-960x640.jpg\" alt=\"Nathalie et Charlotte.\" width=\"960\" height=\"640\"\/><br \/>\n    Nathalie et Charlotte. (\u00a9Patrick ROBERT\/M6)<\/p>\n<p class=\" wall-content\">\u00ab\u2009Telle m\u00e8re, telle fille\u2009\u00bb, dit le dicton. Et il correspond parfaitement \u00e0 Nathalie et Charlotte, qui forment un duo explosif, mais fusionnel, entre petites disputes et immense complicit\u00e9\u2009!<\/p>\n<p class=\" wall-content\">D\u2019un c\u00f4t\u00e9, Nathalie (55\u00a0ans), est une maman protectrice au caract\u00e8re bien tremp\u00e9. De l\u2019autre, Charlotte (25\u00a0ans), est une jeune femme en qu\u00eate d\u2019aventures et pr\u00eate \u00e0 quitter le nid familial.<\/p>\n<blockquote class=\"ac-article-quote wall-content\">\n<p>Pour P\u00e9kin Express, elles se lancent dans une exp\u00e9rience hors du commun pour tester leur patience et vivre ensemble une aventure m\u00e9morable.<\/p>\n<p>    <strong>M6<\/strong>\n            <\/p><\/blockquote>\n<p>    <img   decoding=\"async\" loading=\"lazy\" src=\"https:\/\/www.europesays.com\/fr\/wp-content\/uploads\/2025\/11\/m6-0068067-0129-960x640.jpg\" alt=\"Nathalie et Charlotte.\" width=\"960\" height=\"640\"\/><br \/>\n    Nathalie et Charlotte. (\u00a9Patrick ROBERT\/M6)<\/p>\n<ul class=\" wall-content\">\n<li><strong>Ly\u00e7aona et Marianne\u2009: le bin\u00f4me d\u2019inconnues<\/strong><\/li>\n<\/ul>\n<p>    <img   decoding=\"async\" loading=\"lazy\" src=\"https:\/\/www.europesays.com\/fr\/wp-content\/uploads\/2025\/11\/m6-0068067-0352-960x640.jpg\" alt=\"Ly\u00e7aona et Marianne\" width=\"960\" height=\"640\"\/><br \/>\n    Ly\u00e7aona et Marianne. (\u00a9Patrick ROBERT\/M6)<\/p>\n<p class=\" wall-content\">C\u2019est l\u2019un des bin\u00f4mes <strong>les plus attendus<\/strong> de chaque saison de P\u00e9kin Express et pour cause\u2009: il met en relation deux personnes qui ne se connaissaient pas du tout avant l\u2019aventure et qui vont devoir apprendre \u00e0 vivre ensemble pour remporter les diff\u00e9rentes \u00e9preuves.<\/p>\n<p class=\" wall-content\">L\u2019an pass\u00e9, <strong>le bin\u00f4me d\u2019inconnus<\/strong> \u00e9tait <a href=\"https:\/\/actu.fr\/loisirs-culture\/pekin-express-de-retour-ce-jeudi-sur-m6-decouvrez-les-portraits-des-20-candidats-de-la-20e-saison_62110964.html\" target=\"_blank\" rel=\"noopener\">constitu\u00e9 de Mo\u00e2de et Ludovic (30 et 34\u00a0ans)<\/a>. Pour cette saison 21, place \u00e0 Ly\u00e7aona (18\u00a0ans, <a href=\"https:\/\/actu.fr\/tag\/etudiantses\" target=\"_blank\" rel=\"noopener\">\u00e9tudiante<\/a> en BTS di\u00e9t\u00e9tique mais aussi <a href=\"https:\/\/actu.fr\/tag\/pompiers\" target=\"_blank\" rel=\"noopener\">pompier<\/a> volontaire) et \u00e0 Marianne (28\u00a0ans, <a href=\"https:\/\/actu.fr\/danse\" target=\"_blank\" rel=\"noopener\">danseuse<\/a> de bachata et de salsa).<\/p>\n<p class=\" wall-content\">Ly\u00e7aona est timide, r\u00e9serv\u00e9e, mais pr\u00eate \u00e0 sortir de sa zone de confort pour prendre confiance en elle. L\u2019extravertie Marianne peut, elle, compter sur son \u00e9nergie d\u00e9bordante et sa joie communicative. Autrement dit, <strong>deux personnalit\u00e9s que tout semble opposer, mais<\/strong>\u00a0qui pourraient bien s\u2019av\u00e9rer un duo de choc bien compl\u00e9mentaire\u2026<\/p>\n<p>    <img   decoding=\"async\" loading=\"lazy\" src=\"https:\/\/www.europesays.com\/fr\/wp-content\/uploads\/2025\/11\/m6-0068067-0366-960x640.jpg\" alt=\"Ly\u00e7aona et Marianne\" width=\"960\" height=\"640\"\/><br \/>\n    Ly\u00e7aona et Marianne. (\u00a9Patrick ROBERT\/M6)<\/p>\n<p>P\u00e9kin Express \u2013 La Route des Glaces, pr\u00e9sent\u00e9 par St\u00e9phane Rotenberg, est de retour sur M6 (et en streaming sur la plateforme M6 +) \u00e0 partir du vendredi 7\u00a0novembre 2025 \u00e0 21\u2009h.<\/p>\n<p class=\" wall-content\">Personnalisez votre actualit\u00e9 en ajoutant vos villes et m\u00e9dias en favori avec <a href=\"https:\/\/moncompte.actu.fr\" title=\"D\u00e9couvez Mon Actu\" rel=\"nofollow noopener\" data-trk=\"{&quot;cta&quot;:{&quot;action&quot;:&quot;https:\\\/\\\/moncompte.actu.fr&quot;,&quot;category&quot;:&quot;mon compte&quot;,&quot;from&quot;:&quot;article footer&quot;,&quot;name&quot;:&quot;Mon actu&quot;,&quot;type&quot;:&quot;cta&quot;}}\" target=\"_blank\">Mon Actu<\/a>.<\/p>\n","protected":false},"excerpt":{"rendered":"Par Alexandra Segond Publi\u00e9 le 6 nov. 2025 \u00e0 20h20 Plus de 20 saisons que P\u00e9kin Express fait&hellip;\n","protected":false},"author":2,"featured_media":517114,"comment_status":"","ping_status":"","sticky":false,"template":"","format":"standard","meta":{"footnotes":""},"categories":[1356],"tags":[58,59,1011,27,1652,3172,252,1364],"class_list":{"0":"post-517113","1":"post","2":"type-post","3":"status-publish","4":"format-standard","5":"has-post-thumbnail","7":"category-television","8":"tag-divertissement","9":"tag-entertainment","10":"tag-fr","11":"tag-france","12":"tag-loisirs-culture","13":"tag-pekin-express","14":"tag-television","15":"tag-tv"},"share_on_mastodon":{"url":"https:\/\/pubeurope.com\/@fr\/115505665599126067","error":""},"_links":{"self":[{"href":"https:\/\/www.europesays.com\/fr\/wp-json\/wp\/v2\/posts\/517113","targetHints":{"allow":["GET"]}}],"collection":[{"href":"https:\/\/www.europesays.com\/fr\/wp-json\/wp\/v2\/posts"}],"about":[{"href":"https:\/\/www.europesays.com\/fr\/wp-json\/wp\/v2\/types\/post"}],"author":[{"embeddable":true,"href":"https:\/\/www.europesays.com\/fr\/wp-json\/wp\/v2\/users\/2"}],"replies":[{"embeddable":true,"href":"https:\/\/www.europesays.com\/fr\/wp-json\/wp\/v2\/comments?post=517113"}],"version-history":[{"count":0,"href":"https:\/\/www.europesays.com\/fr\/wp-json\/wp\/v2\/posts\/517113\/revisions"}],"wp:featuredmedia":[{"embeddable":true,"href":"https:\/\/www.europesays.com\/fr\/wp-json\/wp\/v2\/media\/517114"}],"wp:attachment":[{"href":"https:\/\/www.europesays.com\/fr\/wp-json\/wp\/v2\/media?parent=517113"}],"wp:term":[{"taxonomy":"category","embeddable":true,"href":"https:\/\/www.europesays.com\/fr\/wp-json\/wp\/v2\/categories?post=517113"},{"taxonomy":"post_tag","embeddable":true,"href":"https:\/\/www.europesays.com\/fr\/wp-json\/wp\/v2\/tags?post=517113"}],"curies":[{"name":"wp","href":"https:\/\/api.w.org\/{rel}","templated":true}]}}