{"id":517115,"date":"2025-11-07T00:48:15","date_gmt":"2025-11-07T00:48:15","guid":{"rendered":"https:\/\/www.europesays.com\/fr\/517115\/"},"modified":"2025-11-07T00:48:15","modified_gmt":"2025-11-07T00:48:15","slug":"michael-le-biopic-sur-michael-jackson-devoile-sa-bande-annonce-et-la-ressemblance-est-frappante","status":"publish","type":"post","link":"https:\/\/www.europesays.com\/fr\/517115\/","title":{"rendered":"\u00ab\u00a0Michael\u00a0\u00bb le biopic sur Michael Jackson d\u00e9voile sa bande-annonce, et la ressemblance est frappante"},"content":{"rendered":"\n<p> La lecture de ce contenu est susceptible d\u2019entra\u00eener un d\u00e9p\u00f4t de cookies de la part de l\u2019op\u00e9rateur tiers qui l\u2019h\u00e9berge. Compte-tenu des choix que vous avez exprim\u00e9s en mati\u00e8re de d\u00e9p\u00f4t de cookies, nous avons bloqu\u00e9 l\u2019affichage de ce contenu. Si vous souhaitez y acc\u00e9der, vous devez accepter la cat\u00e9gorie de cookies \u201cContenus tiers\u201d en cliquant sur le bouton ci-dessous. <\/p>\n<p> Lire la Vid\u00e9o              <\/p>\n<p class=\"asset asset-text\">CIN\u00c9MA &#8211; C\u2019est l\u2019un des films les plus attendus de 2026. Ce jeudi 6\u00a0novembre, la bande-annonce de Michael, le <a href=\"https:\/\/www.huffingtonpost.fr\/culture\/article\/dans-le-biopic-des-beatles-on-sait-qui-incarnera-paul-mccartney-ringo-starr-et-john-lennon_248196.html\" target=\"_blank\" rel=\"noopener\">biopic<\/a> consacr\u00e9 \u00e0 <a href=\"https:\/\/www.huffingtonpost.fr\/culture\/article\/des-chansons-inedites-de-michael-jackson-decouvertes-dans-un-garde-meuble-aux-etats-unis_243498.html\" target=\"_blank\" rel=\"noopener\">Michael Jackson<\/a> r\u00e9alis\u00e9 par Antoine Fuqua a \u00e9t\u00e9 d\u00e9voil\u00e9e. D\u00e8s les premi\u00e8res images, la ressemblance est frappante\u00a0:<a href=\"https:\/\/www.huffingtonpost.fr\/culture\/article\/le-biopic-sur-michael-jackson-devoile-une-photo-de-jaafar-son-neveu-et-la-ressemblance-est-frappante_229782.html\" target=\"_blank\" rel=\"noopener\"> Jafar Jackson,<\/a> 29\u00a0ans et fils de Germaine Jackson, joue le r\u00f4le de son oncle. Rien n\u2019a \u00e9t\u00e9 laiss\u00e9 au hasard pour redonner vie au Roi de la Pop, disparu le 25\u00a0juin\u00a02009\u00a0\u00e0 Los Angeles.<\/p>\n<p class=\"asset asset-text\">Les attitudes, la voix, les tenues\u2026 tout est minutieusement reproduit. Dans la bande d\u2019annonce, Michael Jackson est en studio avec Quincy Jones, incarn\u00e9 par Kendrick Sampson, ou performe sur sc\u00e8ne, acclam\u00e9 par des milliers de fans en folie. Les costumes iconiques, les coupes de cheveux signature, et surtout les chor\u00e9graphies de Billie Jean, ou encore Thriller nous plongent imm\u00e9diatement dans l\u2019univers de l\u2019artiste qui a d\u00e9pass\u00e9 le pallier du milliard d\u2019albums vendus en octobre\u00a02025.<\/p>\n<p>       Un casting star pour Michael    <\/p>\n<p class=\"asset asset-text\">Michael, r\u00e9alis\u00e9 par Antoine Fuqua, r\u00e9unit un casting impressionnant. Le film met en vedette Juliano Krue Valdi (Bienvenue chez les Loud), dans le r\u00f4le du jeune Michael. Colman Domingo (Sing Sing)\u00a0joue celui du p\u00e8re et manager,\u00a0Joseph. Nia Long (Boyz N the Hood)\u00a0incarne Katherine, la m\u00e8re. On retrouve aussi Kat Graham\u00a0(Vampire Diaries), qui interpr\u00e8te Diana Ross la star du groupe The Supreeme Motown, et\u00a0enfin Miles Teller (Les quatre fantastiques)\u00a0joue John Branca, l\u2019avocat et conseiller du Roi de la pop. Une distribution impressionnante, pour ce biopic qui sort en salle le 24\u00a0avril\u00a02026.<\/p>\n","protected":false},"excerpt":{"rendered":"La lecture de ce contenu est susceptible d\u2019entra\u00eener un d\u00e9p\u00f4t de cookies de la part de l\u2019op\u00e9rateur tiers&hellip;\n","protected":false},"author":2,"featured_media":517116,"comment_status":"","ping_status":"","sticky":false,"template":"","format":"standard","meta":{"footnotes":""},"categories":[1355],"tags":[12975,650,251,58,59,1011,27,35268,1361,873],"class_list":{"0":"post-517115","1":"post","2":"type-post","3":"status-publish","4":"format-standard","5":"has-post-thumbnail","7":"category-musique","8":"tag-biopic","9":"tag-cinema","10":"tag-culture","11":"tag-divertissement","12":"tag-entertainment","13":"tag-fr","14":"tag-france","15":"tag-michael-jackson","16":"tag-music","17":"tag-musique"},"share_on_mastodon":{"url":"https:\/\/pubeurope.com\/@fr\/115505666732405432","error":""},"_links":{"self":[{"href":"https:\/\/www.europesays.com\/fr\/wp-json\/wp\/v2\/posts\/517115","targetHints":{"allow":["GET"]}}],"collection":[{"href":"https:\/\/www.europesays.com\/fr\/wp-json\/wp\/v2\/posts"}],"about":[{"href":"https:\/\/www.europesays.com\/fr\/wp-json\/wp\/v2\/types\/post"}],"author":[{"embeddable":true,"href":"https:\/\/www.europesays.com\/fr\/wp-json\/wp\/v2\/users\/2"}],"replies":[{"embeddable":true,"href":"https:\/\/www.europesays.com\/fr\/wp-json\/wp\/v2\/comments?post=517115"}],"version-history":[{"count":0,"href":"https:\/\/www.europesays.com\/fr\/wp-json\/wp\/v2\/posts\/517115\/revisions"}],"wp:featuredmedia":[{"embeddable":true,"href":"https:\/\/www.europesays.com\/fr\/wp-json\/wp\/v2\/media\/517116"}],"wp:attachment":[{"href":"https:\/\/www.europesays.com\/fr\/wp-json\/wp\/v2\/media?parent=517115"}],"wp:term":[{"taxonomy":"category","embeddable":true,"href":"https:\/\/www.europesays.com\/fr\/wp-json\/wp\/v2\/categories?post=517115"},{"taxonomy":"post_tag","embeddable":true,"href":"https:\/\/www.europesays.com\/fr\/wp-json\/wp\/v2\/tags?post=517115"}],"curies":[{"name":"wp","href":"https:\/\/api.w.org\/{rel}","templated":true}]}}