{"id":517117,"date":"2025-11-07T00:49:50","date_gmt":"2025-11-07T00:49:50","guid":{"rendered":"https:\/\/www.europesays.com\/fr\/517117\/"},"modified":"2025-11-07T00:49:50","modified_gmt":"2025-11-07T00:49:50","slug":"quelle-place-lunivers-dalien-va-t-il-prendre-dans-ce-nouvel-opus-de-predator","status":"publish","type":"post","link":"https:\/\/www.europesays.com\/fr\/517117\/","title":{"rendered":"Quelle place l&rsquo;univers d&rsquo;Alien va-t-il prendre dans ce nouvel opus de Pr\u00e9dator ?"},"content":{"rendered":"<p>En plus de L&rsquo;inconnu de la Grande Arche et Les Braises, une superproduction am\u00e9ricaine est attendue dans les salles ce mercredi 5 novembre. Vous l&rsquo;aurez devin\u00e9, il s&rsquo;agit de Predator : Badlands. Un film qui intrigue les spectateurs, qui se demandent si l&rsquo;univers d&rsquo;Alien occupe une certaine place dans ce nouvel opus de la saga de science-fiction.<\/p>\n<p>\u00c7a y est : apr\u00e8s <a href=\"https:\/\/www.programme-tv.net\/news\/cinema\/307115-prey-disney-ou-se-situe-lhistoire-par-rapport-a-la-saga-predator\/\" data-api-deeplink=\"teleloisirs:\/\/news\/307115\" target=\"_blank\" rel=\"noopener\">la s\u00e9rie Prey <\/a>et le film d&rsquo;animation Predator : Killer of Killers, disponibles tous deux sur Disney+, la saga Predator revient enfin au cin\u00e9ma avec un nouvel opus intitul\u00e9<b> <\/b><b>Predator : Badlands<\/b>. Cette fois-ci, le film de science-fiction met en vedette <a href=\"https:\/\/www.programme-tv.net\/news\/cinema\/54333-malefique-m6-elle-fanning-a-bien-change-depuis-ses-debuts-15-photos\/\" data-api-deeplink=\"teleloisirs:\/\/news\/54333\" target=\"_blank\" rel=\"noopener\">Elle Fanning<\/a> (Mal\u00e9fique, Un parfait inconnu) dans la peau de Thia, une andro\u00efde Weyland-Yutani qui allie ses forces \u00e0 celles d&rsquo;un jeune pr\u00e9dateur consid\u00e9r\u00e9 comme un paria dans son clan. Ensemble, ils entreprennent un voyage en terre hostile, \u00e0 la recherche de l&rsquo;adversaire ultime. Les passionn\u00e9s de science-fiction ne manqueront pas d&rsquo;aller voir ce long-m\u00e9trage dans lequel le Predator ne devrait pas croiser le X\u00e9nomorphe.<\/p>\n<p><b>L&rsquo;univers d&rsquo;<\/b><b>Alien <\/b><b>occupe une place minime dans le nouveau <\/b><b>Predator <\/b><\/p>\n<p>Si la soci\u00e9t\u00e9 Weyland-Yutani, pr\u00e9sent\u00e9e dans la saga Alien, appara\u00eet dans Predator : Badlands, le r\u00e9alisateur Dan Trachtenberg confiait au magazine Empire que l&rsquo;univers d&rsquo;Alien ne prendrait que tr\u00e8s peu de place dans son nouveau film. \u00ab\u00a0<b>Il n&rsquo;y a pas de x\u00e9nomorphe dans ce film. Mais pour moi, \u00e7a le rend plus passionnant. Nous n&rsquo;impliquons pas la franchise <\/b><b>Alien <\/b><b>seulement pour jouer avec nos figurines. Il y a des raisons narratives, organiques et g\u00e9niales pour lesquelles Weyland-Yutani est dans ce film<\/b>\u00ab\u00a0. Des propos pour le moins \u00e9tonnants lorsque l&rsquo;on sait que Fede Alvarez, le r\u00e9alisateur d&rsquo;Alien : Romulus, avait entretenu le myst\u00e8re d&rsquo;un crossover entre les deux sagas lors d&rsquo;un entretien accord\u00e9 au site am\u00e9ricain Collider. \u00ab\u00a0Je ne peux pas parler pour Dan [Trachtenberg]. \u00c0 un moment donn\u00e9, une fois qu&rsquo;il y aura eu un autre Alien, et je sais qu&rsquo;il travaille de son c\u00f4t\u00e9 \u00e0 une suite de Prey, un jour, si on se dit : &lsquo;Ouais, c&rsquo;est ce que nous avons h\u00e2te de voir&rsquo;, je pense que c&rsquo;est un film que nous pourrions faire\u00a0\u00bb.<\/p>\n<p>                        <b>La saga <\/b><b>Predator <\/b><b>retrouvera-t-elle le chemin du succ\u00e8s avec <\/b><b>Predator : Badlands <\/b><b>? <\/b><\/p>\n<p>Au cin\u00e9ma d\u00e8s ce mercredi 5 novembre en France, Predator : Badlands arrive dans les salles obscures le vendredi 7 novembre aux \u00c9tats-Unis. Le nouvel opus de Predator fera-t-il mieux que son pr\u00e9d\u00e9cesseur <a href=\"https:\/\/www.programme-tv.net\/news\/evenement\/disney-plus-streaming\/285512-the-predator-disney-comment-le-realisateur-shane-black-a-concu-lapparence-de-son-nouveau-monstre\/\" data-api-deeplink=\"teleloisirs:\/\/news\/285512\" target=\"_blank\" rel=\"noopener\">The Predator<\/a> au box-office ? La r\u00e9ponse sera \u00e0 d\u00e9couvrir dans les prochaines semaines. Pour rappel, The Predator n&rsquo;avait pas eu le succ\u00e8s escompt\u00e9 avec des recettes s&rsquo;\u00e9levant \u00e0 160 millions de dollars pour un budget de 88 millions.<\/p>\n<p>Article \u00e9crit en collaboration avec 6M\u00e9dias<\/p>\n","protected":false},"excerpt":{"rendered":"En plus de L&rsquo;inconnu de la Grande Arche et Les Braises, une superproduction am\u00e9ricaine est attendue dans les&hellip;\n","protected":false},"author":2,"featured_media":517118,"comment_status":"","ping_status":"","sticky":false,"template":"","format":"standard","meta":{"footnotes":""},"categories":[1354],"tags":[244,58,59,1346,1011,27,1360,63757,63275,36266,63756],"class_list":{"0":"post-517117","1":"post","2":"type-post","3":"status-publish","4":"format-standard","5":"has-post-thumbnail","7":"category-films","8":"tag-commentaire","9":"tag-divertissement","10":"tag-entertainment","11":"tag-films","12":"tag-fr","13":"tag-france","14":"tag-movies","15":"tag-predator-badlands-1565926196","16":"tag-predator-badlands","17":"tag-sorties-cinu00e9ma","18":"tag-sorties-cinu00e9ma-de-la-semaine"},"share_on_mastodon":{"url":"https:\/\/pubeurope.com\/@fr\/115505674650196152","error":""},"_links":{"self":[{"href":"https:\/\/www.europesays.com\/fr\/wp-json\/wp\/v2\/posts\/517117","targetHints":{"allow":["GET"]}}],"collection":[{"href":"https:\/\/www.europesays.com\/fr\/wp-json\/wp\/v2\/posts"}],"about":[{"href":"https:\/\/www.europesays.com\/fr\/wp-json\/wp\/v2\/types\/post"}],"author":[{"embeddable":true,"href":"https:\/\/www.europesays.com\/fr\/wp-json\/wp\/v2\/users\/2"}],"replies":[{"embeddable":true,"href":"https:\/\/www.europesays.com\/fr\/wp-json\/wp\/v2\/comments?post=517117"}],"version-history":[{"count":0,"href":"https:\/\/www.europesays.com\/fr\/wp-json\/wp\/v2\/posts\/517117\/revisions"}],"wp:featuredmedia":[{"embeddable":true,"href":"https:\/\/www.europesays.com\/fr\/wp-json\/wp\/v2\/media\/517118"}],"wp:attachment":[{"href":"https:\/\/www.europesays.com\/fr\/wp-json\/wp\/v2\/media?parent=517117"}],"wp:term":[{"taxonomy":"category","embeddable":true,"href":"https:\/\/www.europesays.com\/fr\/wp-json\/wp\/v2\/categories?post=517117"},{"taxonomy":"post_tag","embeddable":true,"href":"https:\/\/www.europesays.com\/fr\/wp-json\/wp\/v2\/tags?post=517117"}],"curies":[{"name":"wp","href":"https:\/\/api.w.org\/{rel}","templated":true}]}}