{"id":517125,"date":"2025-11-07T00:54:18","date_gmt":"2025-11-07T00:54:18","guid":{"rendered":"https:\/\/www.europesays.com\/fr\/517125\/"},"modified":"2025-11-07T00:54:18","modified_gmt":"2025-11-07T00:54:18","slug":"openai-se-retracte-sur-la-question-dune-garantie-publique-apres-un-flot-de-critiques-06-11-2025-a-1811","status":"publish","type":"post","link":"https:\/\/www.europesays.com\/fr\/517125\/","title":{"rendered":"OpenAI se r\u00e9tracte sur la question d&rsquo;une garantie publique apr\u00e8s un flot de critiques &#8211; 06\/11\/2025 \u00e0 18:11"},"content":{"rendered":"<p>\n La directrice financi\u00e8re d&rsquo;OpenAI Sarah Friar a assur\u00e9 que l&rsquo;entreprise ne \u00ab\u00a0cherchait pas \u00e0 obtenir une garantie du gouvernement\u00a0\u00bb pour ses emprunts, revenant sur ses propos de mercredi laissant entendre le contraire et apr\u00e8s une vague de critiques.\n<\/p>\n<p>        <img decoding=\"async\" src=\"https:\/\/www.europesays.com\/fr\/wp-content\/uploads\/2025\/11\/1d2b0b1c206ad2e6d4e873ff94d751ba-760x507.jpg\" alt=\"( AFP \/ KIRILL KUDRYAVTSEV )\" loading=\"eager\" fetchpriority=\"high\" width=\"760\" height=\"507\" style=\"max-width: 100%!important; height: auto;\"\/><\/p>\n<p class=\"c-image-news__legend\">( AFP \/ KIRILL KUDRYAVTSEV )<\/p>\n<p>\n Mercredi, lors d&rsquo;une conf\u00e9rence organis\u00e9e en Californie par le Wall Street Journal, la responsable avait bien employ\u00e9 les termes de \u00ab\u00a0filet de s\u00e9curit\u00e9\u00a0\u00bb et de \u00ab\u00a0garantie\u00a0\u00bb pour d\u00e9crire le r\u00f4le qu&rsquo;elle voyait l&rsquo;Etat f\u00e9d\u00e9ral jouer dans le financement d&rsquo;OpenAI.\n<\/p>\n<p>\n Dans de nouvelles d\u00e9clarations, publi\u00e9es dans la nuit de mercredi \u00e0 jeudi sur LinkedIn, Mme Friar a dit vouloir \u00ab\u00a0clarifier\u00a0\u00bb les termes de son intervention de d\u00e9part apr\u00e8s que de nombreuses personnes ont vivement r\u00e9agi sur les r\u00e9seaux sociaux.\n<\/p>\n<p>\n \u00ab\u00a0Le fait que (OpenAI) cherche \u00e0 obtenir une garantie publique est la preuve que les risques et ses besoins en capitaux sont en train de d\u00e9passer les capacit\u00e9s du secteur priv\u00e9\u00a0\u00bb, a notamment r\u00e9agi, sur X, Tomoya Asakura, patron de la soci\u00e9t\u00e9 de gestion japonaise SBI Global Asset Management.\n<\/p>\n<p>\n OpenAI a conclu, ces derniers mois, une s\u00e9rie d&rsquo;accords qui l&rsquo;engagent \u00e0 acqu\u00e9rir, sur plusieurs ann\u00e9es, pour 1.400 milliards de dollars de capacit\u00e9s informatiques suppl\u00e9mentaires aupr\u00e8s de fabricants de puces et d&rsquo;acteurs du \u00ab\u00a0cloud\u00a0\u00bb (informatique \u00e0 distance).\n<\/p>\n<p>\n Ce montant total pr\u00e9occupe un nombre croissant d&rsquo;analystes et d&rsquo;observateurs du march\u00e9, qui le comparent aux revenus d&rsquo;OpenAI, qui ne devrait g\u00e9n\u00e9rer qu&rsquo;une dizaine de milliards de dollars de chiffre d&rsquo;affaires en 2025.\n<\/p>\n<p>\n En outre, le cr\u00e9ateur de ChatGPT perd des milliards de dollars chaque ann\u00e9e et ne pr\u00e9voit pas d&rsquo;\u00eatre rentable avant 2029, ce qui implique qu&rsquo;outre des augmentations de capital, OpenAI va devoir emprunter massivement sur les march\u00e9s, directement ou indirectement.\n<\/p>\n<p>\n Plut\u00f4t qu&rsquo;une garantie, Mme Friar plaide pour \u00ab\u00a0le d\u00e9veloppement de vraies capacit\u00e9s industrielles, ce qui n\u00e9cessite que les secteurs priv\u00e9 et public jouent chacun leur r\u00f4le\u00a0\u00bb, a-t-elle \u00e9crit sur LinkedIn, l&rsquo;IA \u00e9tant \u00ab\u00a0un actif national strat\u00e9gique\u00a0\u00bb.<\/p>\n","protected":false},"excerpt":{"rendered":"La directrice financi\u00e8re d&rsquo;OpenAI Sarah Friar a assur\u00e9 que l&rsquo;entreprise ne \u00ab\u00a0cherchait pas \u00e0 obtenir une garantie du&hellip;\n","protected":false},"author":2,"featured_media":517126,"comment_status":"","ping_status":"","sticky":false,"template":"","format":"standard","meta":{"footnotes":""},"categories":[6],"tags":[400,398,408,35,405,33,34,1011,27,403,402,399,404,401,406,407],"class_list":{"0":"post-517125","1":"post","2":"type-post","3":"status-publish","4":"format-standard","5":"has-post-thumbnail","7":"category-economie","8":"tag-action-cac-40","9":"tag-bourse-de-paris","10":"tag-boursorama","11":"tag-business","12":"tag-cotations","13":"tag-economie","14":"tag-economy","15":"tag-fr","16":"tag-france","17":"tag-indices-devises","18":"tag-investir","19":"tag-investissement","20":"tag-marche-boursier","21":"tag-sicav","22":"tag-trackers","23":"tag-warrants"},"share_on_mastodon":{"url":"https:\/\/pubeurope.com\/@fr\/115505690325434876","error":""},"_links":{"self":[{"href":"https:\/\/www.europesays.com\/fr\/wp-json\/wp\/v2\/posts\/517125","targetHints":{"allow":["GET"]}}],"collection":[{"href":"https:\/\/www.europesays.com\/fr\/wp-json\/wp\/v2\/posts"}],"about":[{"href":"https:\/\/www.europesays.com\/fr\/wp-json\/wp\/v2\/types\/post"}],"author":[{"embeddable":true,"href":"https:\/\/www.europesays.com\/fr\/wp-json\/wp\/v2\/users\/2"}],"replies":[{"embeddable":true,"href":"https:\/\/www.europesays.com\/fr\/wp-json\/wp\/v2\/comments?post=517125"}],"version-history":[{"count":0,"href":"https:\/\/www.europesays.com\/fr\/wp-json\/wp\/v2\/posts\/517125\/revisions"}],"wp:featuredmedia":[{"embeddable":true,"href":"https:\/\/www.europesays.com\/fr\/wp-json\/wp\/v2\/media\/517126"}],"wp:attachment":[{"href":"https:\/\/www.europesays.com\/fr\/wp-json\/wp\/v2\/media?parent=517125"}],"wp:term":[{"taxonomy":"category","embeddable":true,"href":"https:\/\/www.europesays.com\/fr\/wp-json\/wp\/v2\/categories?post=517125"},{"taxonomy":"post_tag","embeddable":true,"href":"https:\/\/www.europesays.com\/fr\/wp-json\/wp\/v2\/tags?post=517125"}],"curies":[{"name":"wp","href":"https:\/\/api.w.org\/{rel}","templated":true}]}}