{"id":51716,"date":"2025-04-25T12:18:21","date_gmt":"2025-04-25T12:18:21","guid":{"rendered":"https:\/\/www.europesays.com\/fr\/51716\/"},"modified":"2025-04-25T12:18:21","modified_gmt":"2025-04-25T12:18:21","slug":"centre-pompidou-le-casse-tete-du-demenagement-le-quotidien-de-lart","status":"publish","type":"post","link":"https:\/\/www.europesays.com\/fr\/51716\/","title":{"rendered":"Centre Pompidou\u00a0: le\u00a0casse-t\u00eate du\u00a0d\u00e9m\u00e9nagement &#8211; Le Quotidien de l&rsquo;Art"},"content":{"rendered":"<p>Tandis que les expositions \u00ab Paris noir \u00bb et \u00ab Suzanne Valadon \u00bb restent ouvertes pour quelques semaines (avant Wolfgang Tillmans cet \u00e9t\u00e9 \u00e0 la Bpi), les collections permanentes du Centre Pompidou ont ferm\u00e9 leurs portes au public le 11 mars dernier. Derri\u00e8re les portes closes, un immense chantier a d\u00e9but\u00e9. R\u00e9cit.<\/p>\n<p>Depuis le 12 mars, une fois ferm\u00e9s les deux \u00e9tages des collections permanentes (les \u00ab N4 \u00bb et \u00ab N5 \u00bb, dans le jargon) et le \u00ab d\u00eener des Amis \u00bb d\u00e9barrass\u00e9, le compte \u00e0 rebours est lanc\u00e9 : le 31 d\u00e9cembre, le Centre Pompidou devra rendre les cl\u00e9s du b\u00e2timent aux architectes charg\u00e9s de sa r\u00e9novation. On s&rsquo;enquiert du r\u00e9troplanning aupr\u00e8s d&rsquo;une responsable : c&rsquo;est en r\u00e9alit\u00e9 un \u00ab macroplanning \u00bb de 40 pages qu&rsquo;il a fallu concevoir. Les salles, qui comptent 1 500 \u0153uvres, doivent \u00eatre vid\u00e9es fin septembre, dans cinq mois. D&rsquo;ici l\u00e0, la biblioth\u00e8que de recherche Kandinsky (\u00ab BK \u00bb), sur le m\u00eame niveau (\u00ab N3 \u00bb) que le Cabinet des arts graphiques, doit aussi avoir fini ses cartons. Comme la Bpi, close depuis mars, la BK doit \u00eatre relog\u00e9e dans l&rsquo;immeuble Lumi\u00e8re, situ\u00e9 Cour Saint-\u00c9milion, \u00e0 deux pas de la BnF Mitterrand. Au niveau -2, les collections d&rsquo;architecture (pour les \u0153uvres en deux dimensions) et de photographie sont quant \u00e0 elles dans les starting-blocks. En tout, ce sont 120 000 \u0153uvres (sur 150 000 que compte le mus\u00e9e national d&rsquo;Art moderne), qui doivent quitter les lieux \u2013 6 000 sont en pr\u00eat, selon un rythme annuel inchang\u00e9, malgr\u00e9 la charge suppl\u00e9mentaire du d\u00e9m\u00e9nagement. Certaines sont gigantesques ou en plusieurs parties, beaucoup (notamment dessins et photographies) sont de format r\u00e9duit, certaines tr\u00e8s fragiles, d&rsquo;autres photosensibles\u2026 \u00c0 chacune ses exigences de conservation, qu&rsquo;il faut aussi anticiper.<\/p>\n<p>Ballet m\u00e9canique<\/p>\n<p>D&rsquo;une entit\u00e9 \u00e0 l&rsquo;autre, il faut d\u00e8s maintenant r\u00e9gler le ballet vertical des monte-charges et celui, horizontal, des 1 500 semi-remorques r\u00e9quisitionn\u00e9s, dont on pr\u00e9voit qu&rsquo;ils envahissent le quartier alentour jusqu&rsquo;au boulevard S\u00e9bastopol, \u00e0 l&rsquo;ouest. Sujet d&rsquo;<a href=\"https:\/\/www.lequotidiendelart.com\/articles\/24828-le-centre-pompidou-entre-crise-sociale-et-expansion-internationale.html\" target=\"_blank\" rel=\"noopener\">intenses tensions entre la direction du Centre Pompidou et les \u00e9quipes<\/a>, qui depuis deux ans disent souffrir d&rsquo;un manque de pr\u00e9paration et de consid\u00e9ration, le d\u00e9m\u00e9nagement est en r\u00e9alit\u00e9 double. Le gigantesque p\u00f4le francilien du Centre Pompidou, \u00e0 Massy, dans l\u2019Essonne, ne pouvant \u00eatre livr\u00e9 avant fin 2026, les \u0153uvres partent d&rsquo;abord pour les r\u00e9serves de Paris Nord, boulevard Ney (18e), o\u00f9 le Centre Pompidou loue d\u00e9j\u00e0 des espaces, auxquels doivent s&rsquo;ajouter des r\u00e9serves suppl\u00e9mentaires, comprenant stockage et ateliers de restauration r\u00e9pondant \u00e0 des exigences sp\u00e9cifiques, notamment en mati\u00e8re climatique. Mais la surface disponible reste insuffisante : apr\u00e8s avoir d\u00e9march\u00e9 d&rsquo;autres institutions en qu\u00eate de place (une t\u00e2che confi\u00e9e aux chefs de service), le mus\u00e9e a d\u00fb se r\u00e9soudre \u00e0 louer d&rsquo;autres locaux chez un transporteur. Une fois arriv\u00e9es \u00e0 Paris Nord, les \u0153uvres sont point\u00e9es pi\u00e8ce par pi\u00e8ce, tandis qu&rsquo;une \u00ab r\u00e9serve transit \u00bb est pr\u00e9vue pour les nouvelles acquisitions, que les \u00e9quipes de conservation doivent prendre le temps de conna\u00eetre mat\u00e9riellement \u2013 cette ann\u00e9e, une seule\u2026<\/p>\n","protected":false},"excerpt":{"rendered":"Tandis que les expositions \u00ab Paris noir \u00bb et \u00ab Suzanne Valadon \u00bb restent ouvertes pour quelques semaines&hellip;\n","protected":false},"author":2,"featured_media":51717,"comment_status":"","ping_status":"","sticky":false,"template":"","format":"standard","meta":{"footnotes":""},"categories":[1358],"tags":[1348,1384,1385,4223,14477,1386,58,59,13407,1011,27],"class_list":{"0":"post-51716","1":"post","2":"type-post","3":"status-publish","4":"format-standard","5":"has-post-thumbnail","7":"category-arts-et-design","8":"tag-arts","9":"tag-arts-and-design","10":"tag-arts-et-design","11":"tag-centre-pompidou","12":"tag-demenagement","13":"tag-design","14":"tag-divertissement","15":"tag-entertainment","16":"tag-fermeture","17":"tag-fr","18":"tag-france"},"share_on_mastodon":{"url":"https:\/\/pubeurope.com\/@fr\/114398567151586533","error":""},"_links":{"self":[{"href":"https:\/\/www.europesays.com\/fr\/wp-json\/wp\/v2\/posts\/51716","targetHints":{"allow":["GET"]}}],"collection":[{"href":"https:\/\/www.europesays.com\/fr\/wp-json\/wp\/v2\/posts"}],"about":[{"href":"https:\/\/www.europesays.com\/fr\/wp-json\/wp\/v2\/types\/post"}],"author":[{"embeddable":true,"href":"https:\/\/www.europesays.com\/fr\/wp-json\/wp\/v2\/users\/2"}],"replies":[{"embeddable":true,"href":"https:\/\/www.europesays.com\/fr\/wp-json\/wp\/v2\/comments?post=51716"}],"version-history":[{"count":0,"href":"https:\/\/www.europesays.com\/fr\/wp-json\/wp\/v2\/posts\/51716\/revisions"}],"wp:featuredmedia":[{"embeddable":true,"href":"https:\/\/www.europesays.com\/fr\/wp-json\/wp\/v2\/media\/51717"}],"wp:attachment":[{"href":"https:\/\/www.europesays.com\/fr\/wp-json\/wp\/v2\/media?parent=51716"}],"wp:term":[{"taxonomy":"category","embeddable":true,"href":"https:\/\/www.europesays.com\/fr\/wp-json\/wp\/v2\/categories?post=51716"},{"taxonomy":"post_tag","embeddable":true,"href":"https:\/\/www.europesays.com\/fr\/wp-json\/wp\/v2\/tags?post=51716"}],"curies":[{"name":"wp","href":"https:\/\/api.w.org\/{rel}","templated":true}]}}