{"id":517163,"date":"2025-11-07T01:17:26","date_gmt":"2025-11-07T01:17:26","guid":{"rendered":"https:\/\/www.europesays.com\/fr\/517163\/"},"modified":"2025-11-07T01:17:26","modified_gmt":"2025-11-07T01:17:26","slug":"le-fiasco-de-solutionsco-preside-par-christelle-morancais","status":"publish","type":"post","link":"https:\/\/www.europesays.com\/fr\/517163\/","title":{"rendered":"Le fiasco de Solutions&#038;Co, pr\u00e9sid\u00e9 par Christelle Moran\u00e7ais"},"content":{"rendered":"<p class=\"single__lede\"><b>Le bras arm\u00e9 \u00e9conomique du conseil r\u00e9gional des Pays de la Loire semble vou\u00e9 \u00e0 dispara\u00eetre, avec le \u00ab plan de r\u00e9organisation\u00a0\u00bb annonc\u00e9 mi-octobre par Christelle Moran\u00e7ais. Environ 70 postes sur 100 sont menac\u00e9s \u00e0 Solutions&amp;Co alors qu\u2019en deux ans, quatre directeurs g\u00e9n\u00e9raux s\u2019\u00e9taient d\u00e9j\u00e0 succ\u00e9d\u00e9. La pr\u00e9sidente lig\u00e9rienne s\u2019appuie sur un audit financier alarmiste tandis que d\u2019autres y voient une nouvelle mesure choc lib\u00e9rale.<\/b><\/p>\n<p>\t\t<img width=\"2560\" height=\"1708\" src=\"https:\/\/www.europesays.com\/fr\/wp-content\/uploads\/2025\/11\/P1160317-1-scaled.jpg\" class=\"position-center wp-post-image\" alt=\"\" decoding=\"async\" fetchpriority=\"high\"  \/>\t\t\t\t\tChristelle Moran\u00e7ais inaugure le premier \u201cBig Bang de l\u2019emploi\u201d, organis\u00e9 par Solutions&amp;Co \u00e0 Angers en mars 2023. Photo : Thibault Dumas \/ Mediacit\u00e9s<\/p>\n<p>Christelle Moran\u00e7ais conna\u00eet d\u00e9sormais par c\u0153ur les 300 m\u00e8tres qui s\u00e9parent l\u2019h\u00f4tel de r\u00e9gion du si\u00e8ge de Solutions&amp;Co, \u00e0 l\u2019est de l\u2019\u00eele de Nantes. Depuis un an et demi, la pr\u00e9sidente (Horizons) de la r\u00e9gion Pays de la Loire les parcourt r\u00e9guli\u00e8rement pour pr\u00e9sider ce satellite de la collectivit\u00e9 charg\u00e9 du d\u00e9veloppement \u00e9conomique. Ces allers\u2010retours devraient cependant s\u2019achever \u00e0 terme, avec la disparition quasi annonc\u00e9e de la structure.<\/p>\n<p>Le 17 octobre dernier, \u00e0 la suite d\u2019un audit financier alarmiste, Christelle Moran\u00e7ais annon\u00e7ait en effet aux administrateurs puis au CSE de Solutions&amp;Co \u00ab\u202fun plan de r\u00e9organisation\u202f\u00bb et \u00ab\u202fle transfert d\u2019une partie des missions actuellement assur\u00e9es par l\u2019agence vers la R\u00e9gion\u202f\u00bb. Deux de ses entit\u00e9s juridiques vont fermer, mena\u00e7ant 70 postes sur un total de 100, alors que la n\u00e9gociation d\u2019un plan de sauvegarde de l\u2019emploi (PSE) vient de d\u00e9marrer. En deux ans, quatre directeurs se sont d\u00e9j\u00e0 succ\u00e9d\u00e9 \u00e0 la t\u00eate de Solutions&amp;Co. <\/p>\n<p>Nous vous offrons l\u2019acc\u00e8s \u00e0 cet article<\/p>\n<p>Et \u00e0 toutes nos enqu\u00eates pendant deux jours\u00a0\u00a0! <br \/>Oui, on est g\u00e9n\u00e9reux \ud83d\ude09 Mais pensez aussi \u00e0 <a href=\"https:\/\/www.mediacites.fr\/sabonner\/\" target=\"_blank\" style=\"color:#fff\" rel=\"nofollow noopener\">vous abonner<\/a>\u00a0\u00a0!<\/p>\n<p>\t\tEn renseignant votre adresse, vous acceptez nos <a href=\"https:\/\/www.mediacites.fr\/conditions-generales-d-utilisation\/\" target=\"_blank\" rel=\"nofollow noopener\">conditions g\u00e9n\u00e9rales d\u2019utilisation<\/a>. <br \/>Mediacit\u00e9s s\u2019engage \u00e0 ne pas c\u00e9der votre adresse \u00e0 des tiers. En cas d\u2019\u00e9chec, \u00e9crivez \u00e0 <a href=\"https:\/\/www.mediacites.fr\/enquete\/nantes\/2025\/11\/06\/le-fiasco-de-solutionsco-le-satellite-de-la-region-preside-par-christelle-morancais\/mailto:contact@mediacites.fr\" rel=\"nofollow noopener\" target=\"_blank\">contact@mediacites.fr<\/a><\/p>\n<ul>\n<li>J\u2019acc\u00e8de aux 4 \u00e9ditions de Mediacit\u00e9s (Lille, Lyon, Nantes et Toulouse)<\/li>\n<li>Je d\u00e9couvre un m\u00e9dia 100 % ind\u00e9pendant, avec 0 % de publicit\u00e9<\/li>\n<\/ul>\n<p>Envie de lire la\u00a0suite\u202f?<\/p>\n<p>Depuis neuf ans, Mediacit\u00e9s enqu\u00eate en toute ind\u00e9pendance dans votre ville. Gr\u00e2ce \u00e0 ses lecteurs\u202f! Abonnez\u2010vous pour ne rien manquer de nos enqu\u00eates, suivre les \u00e9lections municipales et soutenir un journal local d\u2019investigation.<\/p>\n<ul>\n<li>Acc\u00e8s aux 4 \u00e9ditions de Mediacit\u00e9s (Lille, Lyon, Nantes et Toulouse)<\/li>\n<li>100 % ind\u00e9pendant, avec 0 % de publicit\u00e9<\/li>\n<li>R\u00e9siliation facile \u00e0 tout moment<\/li>\n<\/ul>\n<p>Mediacit\u00e9s offre l\u2019acc\u00e8s \u00e0 cet article aux lecteurs de News2Com<\/p>\n<p>Et \u00e0 toutes nos enqu\u00eates pendant deux jours\u00a0\u00a0! <br \/>Oui, on est g\u00e9n\u00e9reux \ud83d\ude09 Mais pensez aussi \u00e0 <a href=\"https:\/\/www.mediacites.fr\/sabonner\/\" target=\"_blank\" style=\"color:#fff\" rel=\"nofollow noopener\">vous abonner<\/a>\u00a0\u00a0!<\/p>\n<p>\t\tEn renseignant votre adresse, vous acceptez nos <a href=\"https:\/\/www.mediacites.fr\/conditions-generales-d-utilisation\/\" target=\"_blank\" rel=\"nofollow noopener\">conditions g\u00e9n\u00e9rales d\u2019utilisation<\/a>. <br \/>Mediacit\u00e9s s\u2019engage \u00e0 ne pas c\u00e9der votre adresse \u00e0 des tiers. En cas d\u2019\u00e9chec, \u00e9crivez \u00e0 <a href=\"https:\/\/www.mediacites.fr\/enquete\/nantes\/2025\/11\/06\/le-fiasco-de-solutionsco-le-satellite-de-la-region-preside-par-christelle-morancais\/mailto:contact@mediacites.fr\" rel=\"nofollow noopener\" target=\"_blank\">contact@mediacites.fr<\/a><\/p>\n<ul>\n<li>J\u2019acc\u00e8de aux 4 \u00e9ditions de Mediacit\u00e9s (Lille, Lyon, Nantes et Toulouse)<\/li>\n<li>Je d\u00e9couvre un m\u00e9dia 100 % ind\u00e9pendant, avec 0 % de publicit\u00e9<\/li>\n<\/ul>\n<p>\tD\u00e9couvrez aussi <strong>nos derni\u00e8res enqu\u00eates<\/strong><\/p>\n","protected":false},"excerpt":{"rendered":"Le bras arm\u00e9 \u00e9conomique du conseil r\u00e9gional des Pays de la Loire semble vou\u00e9 \u00e0 dispara\u00eetre, avec le&hellip;\n","protected":false},"author":2,"featured_media":517164,"comment_status":"","ping_status":"","sticky":false,"template":"","format":"standard","meta":{"footnotes":""},"categories":[2818],"tags":[1111,11,63758,26028,9301,1013,1270,1271,28457,33,1067,313,1777,674,1011,27,3540,3228,766,12,2636,15747,25,63759,602],"class_list":{"0":"post-517163","1":"post","2":"type-post","3":"status-publish","4":"format-standard","5":"has-post-thumbnail","7":"category-nantes","8":"tag-actu","9":"tag-actualites","10":"tag-agence-regionale","11":"tag-attractivite","12":"tag-austerite","13":"tag-bruno-retailleau","14":"tag-cfdt","15":"tag-cgt","16":"tag-christelle-morancais","17":"tag-economie","18":"tag-enquete","19":"tag-entreprises","20":"tag-eu","21":"tag-europe","22":"tag-fr","23":"tag-france","24":"tag-horizons","25":"tag-lr","26":"tag-nantes","27":"tag-news","28":"tag-pays-de-la-loire","29":"tag-plan-social","30":"tag-republique-francaise","31":"tag-solutionsco","32":"tag-tourisme"},"share_on_mastodon":{"url":"https:\/\/pubeurope.com\/@fr\/115505781246461471","error":""},"_links":{"self":[{"href":"https:\/\/www.europesays.com\/fr\/wp-json\/wp\/v2\/posts\/517163","targetHints":{"allow":["GET"]}}],"collection":[{"href":"https:\/\/www.europesays.com\/fr\/wp-json\/wp\/v2\/posts"}],"about":[{"href":"https:\/\/www.europesays.com\/fr\/wp-json\/wp\/v2\/types\/post"}],"author":[{"embeddable":true,"href":"https:\/\/www.europesays.com\/fr\/wp-json\/wp\/v2\/users\/2"}],"replies":[{"embeddable":true,"href":"https:\/\/www.europesays.com\/fr\/wp-json\/wp\/v2\/comments?post=517163"}],"version-history":[{"count":0,"href":"https:\/\/www.europesays.com\/fr\/wp-json\/wp\/v2\/posts\/517163\/revisions"}],"wp:featuredmedia":[{"embeddable":true,"href":"https:\/\/www.europesays.com\/fr\/wp-json\/wp\/v2\/media\/517164"}],"wp:attachment":[{"href":"https:\/\/www.europesays.com\/fr\/wp-json\/wp\/v2\/media?parent=517163"}],"wp:term":[{"taxonomy":"category","embeddable":true,"href":"https:\/\/www.europesays.com\/fr\/wp-json\/wp\/v2\/categories?post=517163"},{"taxonomy":"post_tag","embeddable":true,"href":"https:\/\/www.europesays.com\/fr\/wp-json\/wp\/v2\/tags?post=517163"}],"curies":[{"name":"wp","href":"https:\/\/api.w.org\/{rel}","templated":true}]}}