{"id":517167,"date":"2025-11-07T01:19:20","date_gmt":"2025-11-07T01:19:20","guid":{"rendered":"https:\/\/www.europesays.com\/fr\/517167\/"},"modified":"2025-11-07T01:19:20","modified_gmt":"2025-11-07T01:19:20","slug":"des-portions-de-la10-fermees-a-cause-de-travaux","status":"publish","type":"post","link":"https:\/\/www.europesays.com\/fr\/517167\/","title":{"rendered":"des portions de l&rsquo;A10 ferm\u00e9es \u00e0 cause de travaux"},"content":{"rendered":"<p>            Par<br \/>\n        <strong><br \/>\n            <a href=\"https:\/\/actu.fr\/auteur\/redaction-bordeaux\" title=\"Consulter tous les articles de R\u00e9daction Bordeaux\" target=\"_blank\" rel=\"noopener\">R\u00e9daction Bordeaux<\/a><br \/>\n        <\/strong><\/p>\n<p>        Publi\u00e9 le<\/p>\n<p>            6 nov. 2025 \u00e0 16h28        <\/p>\n<p>Ce jeudi 6 novembre 2025, des travaux de fauchage sont r\u00e9alis\u00e9s sur <a href=\"https:\/\/actu.fr\/tag\/autoroute-10-a10\" target=\"_blank\" rel=\"noopener\">l\u2019A10<\/a>, au nord de Bordeaux. Ces op\u00e9rations ont donc des cons\u00e9quences : des portions de route vont \u00eatre <strong>ferm\u00e9es<\/strong> \u00e0 la <a href=\"https:\/\/actu.fr\/nouvelle-aquitaine\/bordeaux_33063\/travaux-la-circulation-perturbee-a-bordeaux-plusieurs-mois-pour-preparer-la-reouverture-du-madd_63353178.html\" target=\"_blank\" rel=\"noopener\">circulation<\/a> dans la nuit du 6 au 7 novembre, de 21 heures \u00e0 5 heures du matin.<\/p>\n<p class=\" wall-content\">En direction de Paris, les es bretelles d\u2019entr\u00e9e et de sortie de <strong>l\u2019\u00e9changeur de Sainte-Eulalie<\/strong> (n\u00b043) seront ferm\u00e9es ainsi que la bretelle d\u2019entr\u00e9e de l<strong>\u2019\u00e9changeur d\u2019Ambar\u00e8s<\/strong> (n\u00b042).\u00a0<\/p>\n<p class=\" wall-content\">Des <strong>itin\u00e9raires de d\u00e9viation<\/strong> seront mis en place pour accompagner les conducteurs.<\/p>\n<p class=\" wall-content\">Personnalisez votre actualit\u00e9 en ajoutant vos villes et m\u00e9dias en favori avec <a href=\"https:\/\/moncompte.actu.fr\" title=\"D\u00e9couvez Mon Actu\" rel=\"nofollow noopener\" data-trk=\"{&quot;cta&quot;:{&quot;action&quot;:&quot;https:\\\/\\\/moncompte.actu.fr&quot;,&quot;category&quot;:&quot;mon compte&quot;,&quot;from&quot;:&quot;article footer&quot;,&quot;name&quot;:&quot;Mon actu&quot;,&quot;type&quot;:&quot;cta&quot;}}\" target=\"_blank\">Mon Actu<\/a>.<\/p>\n","protected":false},"excerpt":{"rendered":"Par R\u00e9daction Bordeaux Publi\u00e9 le 6 nov. 2025 \u00e0 16h28 Ce jeudi 6 novembre 2025, des travaux de&hellip;\n","protected":false},"author":2,"featured_media":517168,"comment_status":"","ping_status":"","sticky":false,"template":"","format":"standard","meta":{"footnotes":""},"categories":[2817],"tags":[1111,11,4697,1997,1777,674,1011,27,12,2219,25,104,2086],"class_list":{"0":"post-517167","1":"post","2":"type-post","3":"status-publish","4":"format-standard","5":"has-post-thumbnail","7":"category-bordeaux","8":"tag-actu","9":"tag-actualites","10":"tag-autoroute-10-a10","11":"tag-bordeaux","12":"tag-eu","13":"tag-europe","14":"tag-fr","15":"tag-france","16":"tag-news","17":"tag-nouvelle-aquitaine","18":"tag-republique-francaise","19":"tag-societe","20":"tag-travaux"},"share_on_mastodon":{"url":"https:\/\/pubeurope.com\/@fr\/115505788686677062","error":""},"_links":{"self":[{"href":"https:\/\/www.europesays.com\/fr\/wp-json\/wp\/v2\/posts\/517167","targetHints":{"allow":["GET"]}}],"collection":[{"href":"https:\/\/www.europesays.com\/fr\/wp-json\/wp\/v2\/posts"}],"about":[{"href":"https:\/\/www.europesays.com\/fr\/wp-json\/wp\/v2\/types\/post"}],"author":[{"embeddable":true,"href":"https:\/\/www.europesays.com\/fr\/wp-json\/wp\/v2\/users\/2"}],"replies":[{"embeddable":true,"href":"https:\/\/www.europesays.com\/fr\/wp-json\/wp\/v2\/comments?post=517167"}],"version-history":[{"count":0,"href":"https:\/\/www.europesays.com\/fr\/wp-json\/wp\/v2\/posts\/517167\/revisions"}],"wp:featuredmedia":[{"embeddable":true,"href":"https:\/\/www.europesays.com\/fr\/wp-json\/wp\/v2\/media\/517168"}],"wp:attachment":[{"href":"https:\/\/www.europesays.com\/fr\/wp-json\/wp\/v2\/media?parent=517167"}],"wp:term":[{"taxonomy":"category","embeddable":true,"href":"https:\/\/www.europesays.com\/fr\/wp-json\/wp\/v2\/categories?post=517167"},{"taxonomy":"post_tag","embeddable":true,"href":"https:\/\/www.europesays.com\/fr\/wp-json\/wp\/v2\/tags?post=517167"}],"curies":[{"name":"wp","href":"https:\/\/api.w.org\/{rel}","templated":true}]}}