{"id":517171,"date":"2025-11-07T01:21:16","date_gmt":"2025-11-07T01:21:16","guid":{"rendered":"https:\/\/www.europesays.com\/fr\/517171\/"},"modified":"2025-11-07T01:21:16","modified_gmt":"2025-11-07T01:21:16","slug":"pour-voler-des-voitures-de-luxe-il-nhesite-pas-a-faire-de-gros-degats","status":"publish","type":"post","link":"https:\/\/www.europesays.com\/fr\/517171\/","title":{"rendered":"pour voler des voitures de luxe, il n&rsquo;h\u00e9site pas \u00e0 faire de gros d\u00e9g\u00e2ts"},"content":{"rendered":"<p>            Par<br \/>\n        <strong><br \/>\n            <a href=\"https:\/\/actu.fr\/auteur\/marie-lamarque\" title=\"Consulter tous les articles de Marie Lamarque\" rel=\"nofollow noopener\" target=\"_blank\">Marie Lamarque<\/a><br \/>\n        <\/strong><\/p>\n<p>        Publi\u00e9 le<\/p>\n<p>            6 nov. 2025 \u00e0 17h56        <\/p>\n<p><strong>Porsche, McLaren<\/strong>\u2026 Des mod\u00e8les qui ne passent pas inaper\u00e7us et sur lesquels un <strong>couple<\/strong> lorgnait tout particuli\u00e8rement. Mais usant d\u2019une technique peu habile, il s\u2019est rapidement retrouv\u00e9 dans les radars des forces de l\u2019ordre. En l\u2019espace de dix jours, les voleurs ont voulu mettre la main sur<strong> trois v\u00e9hicules de luxe.<\/strong><\/p>\n<p>Un vol qui fait des d\u00e9g\u00e2ts<\/p>\n<p class=\" wall-content\">Le 21 octobre dernier, un homme s\u2019introduit en pleine nuit dans un garage <a href=\"https:\/\/actu.fr\/toulouse\/\" rel=\"nofollow noopener\" target=\"_blank\">\u00e0 Toulouse<\/a>. Il vole la cl\u00e9 du v\u00e9hicule sur lequel il jette son d\u00e9volu : <strong>une belle Porsche Macan blanche<\/strong>. Une fois au volant de son tout nouveau bolide, il faut prendre la fuite. Il n\u2019h\u00e9site pas \u00e0 enfoncer le portail, quitte \u00e0 faire de jolis bleus sur son bijou de comp\u00e9tition.<\/p>\n<p class=\" wall-content\">Le mode op\u00e9ratoire n\u2019est pas sans rappeler <strong>une tentative de vol<\/strong> survenue quelques heures auparavant, dans <strong>une concession Porsche <\/strong>situ\u00e9e \u00e0 La Salvetat-Saint-Gilles (Haute-Garonne), \u00e0 l\u2019ouest de la Ville rose.<\/p>\n<p class=\" wall-content\"><strong>\u00ab\u00a0Une Fiat 500 avait \u00e9t\u00e9 rep\u00e9r\u00e9e<\/strong>\u00ab\u00a0, indique une source polici\u00e8re \u00e0 Actu Toulouse. La m\u00eame que les enqu\u00eateurs retrouvent sur les images des cam\u00e9ras de surveillance lors du vol dans le garage \u00e0 Toulouse. La brigade des atteintes aux biens fait le lien.<\/p>\n<p>Le couple identifi\u00e9<\/p>\n<p class=\" wall-content\">La propri\u00e9taire de la petite voiture, \u00e2g\u00e9e de 23 ans, est identifi\u00e9e. Elle est plac\u00e9e sous la surveillance des policiers. Comment est-elle li\u00e9e avec l\u2019auteur des faits ? Les enqu\u00eateurs d\u00e9couvrent<strong> qu\u2019il s\u2019agit de son petit ami<\/strong>, \u00e2g\u00e9 de 26 ans.<\/p>\n<p>Vid\u00e9os : en ce moment sur Actu<\/p>\n<p class=\" wall-content\">Entre-temps, la Porsche Macan d\u00e9rob\u00e9e \u00e0 Toulouse est retrouv\u00e9e \u00e0 Bordeaux le 27 octobre. Le v\u00e9hicule est intercept\u00e9.\u00a0<\/p>\n<p>Le vol \u00e0 Montauban sera le dernier<\/p>\n<p class=\" wall-content\">Mais le jeune homme n\u2019a dit son dernier mot. Il tente un nouveau vol. Et comme on ne change pas une m\u00e9thode qui fonctionne\u2026 ou presque. Ce lundi 3 novembre, il se rend en pleine nuit, dans <strong>un garage de Montauban<\/strong> (Tarn-et-Garonne). Cette fois, il met la main sur <strong>une McLaren<\/strong>. Il d\u00e9robe les cl\u00e9s, monte dans le v\u00e9hicule, met les gaz\u2026 \u00e0 nouveau en emboutissant le portail.<\/p>\n<p>Votre r\u00e9gion, votre actu !<\/p>\n<p>Recevez chaque jour les infos qui comptent pour vous.<\/p>\n<p>\t<a href=\"https:\/\/actu.fr\/newsletter\" class=\"ac-btn ac-btn--corner ac-btn--medium ac-btn--blue800\" rel=\"nofollow noopener\" target=\"_blank\">S&rsquo;incrire<\/a><\/p>\n<p class=\" wall-content\">Mais manque de chance, ce dernier est un peu plus robuste que la fois pr\u00e9c\u00e9dente. Le v\u00e9hicule est en piteux \u00e9tat. \u00c0 tel point qu\u2019il pr\u00e9f\u00e8re jeter l\u2019\u00e9ponge et l\u2019abandonner sur place.<\/p>\n<p>Le couple en garde \u00e0 vue<\/p>\n<p class=\" wall-content\">Ce mercredi apr\u00e8s-midi, il a \u00e9t\u00e9 interpell\u00e9 dans un <strong>AirBnb<\/strong> de Toulouse, tandis que sa compagne a \u00e9t\u00e9 arr\u00eat\u00e9e sur son lieu de travail. \u00ab\u00a0Ils sont toujours en garde \u00e0 vue ce jeudi apr\u00e8s-midi.\u00a0\u00bb<\/p>\n<p class=\" wall-content\">L\u2019homme \u00e9tait d\u00e9j\u00e0 connu des services pour des faits de vol.<\/p>\n<p class=\" wall-content\">Personnalisez votre actualit\u00e9 en ajoutant vos villes et m\u00e9dias en favori avec <a href=\"https:\/\/moncompte.actu.fr\" title=\"D\u00e9couvez Mon Actu\" rel=\"nofollow noopener\" data-trk=\"{&quot;cta&quot;:{&quot;action&quot;:&quot;https:\\\/\\\/moncompte.actu.fr&quot;,&quot;category&quot;:&quot;mon compte&quot;,&quot;from&quot;:&quot;article footer&quot;,&quot;name&quot;:&quot;Mon actu&quot;,&quot;type&quot;:&quot;cta&quot;}}\" target=\"_blank\">Mon Actu<\/a>.<\/p>\n","protected":false},"excerpt":{"rendered":"Par Marie Lamarque Publi\u00e9 le 6 nov. 2025 \u00e0 17h56 Porsche, McLaren\u2026 Des mod\u00e8les qui ne passent pas&hellip;\n","protected":false},"author":2,"featured_media":517172,"comment_status":"","ping_status":"","sticky":false,"template":"","format":"standard","meta":{"footnotes":""},"categories":[2816],"tags":[1111,11,1777,674,118,1011,27,12,2680,1072,25,2312],"class_list":{"0":"post-517171","1":"post","2":"type-post","3":"status-publish","4":"format-standard","5":"has-post-thumbnail","7":"category-toulouse","8":"tag-actu","9":"tag-actualites","10":"tag-eu","11":"tag-europe","12":"tag-faits-divers","13":"tag-fr","14":"tag-france","15":"tag-news","16":"tag-occitanie","17":"tag-police","18":"tag-republique-francaise","19":"tag-toulouse"},"share_on_mastodon":{"url":"https:\/\/pubeurope.com\/@fr\/115505796519693206","error":""},"_links":{"self":[{"href":"https:\/\/www.europesays.com\/fr\/wp-json\/wp\/v2\/posts\/517171","targetHints":{"allow":["GET"]}}],"collection":[{"href":"https:\/\/www.europesays.com\/fr\/wp-json\/wp\/v2\/posts"}],"about":[{"href":"https:\/\/www.europesays.com\/fr\/wp-json\/wp\/v2\/types\/post"}],"author":[{"embeddable":true,"href":"https:\/\/www.europesays.com\/fr\/wp-json\/wp\/v2\/users\/2"}],"replies":[{"embeddable":true,"href":"https:\/\/www.europesays.com\/fr\/wp-json\/wp\/v2\/comments?post=517171"}],"version-history":[{"count":0,"href":"https:\/\/www.europesays.com\/fr\/wp-json\/wp\/v2\/posts\/517171\/revisions"}],"wp:featuredmedia":[{"embeddable":true,"href":"https:\/\/www.europesays.com\/fr\/wp-json\/wp\/v2\/media\/517172"}],"wp:attachment":[{"href":"https:\/\/www.europesays.com\/fr\/wp-json\/wp\/v2\/media?parent=517171"}],"wp:term":[{"taxonomy":"category","embeddable":true,"href":"https:\/\/www.europesays.com\/fr\/wp-json\/wp\/v2\/categories?post=517171"},{"taxonomy":"post_tag","embeddable":true,"href":"https:\/\/www.europesays.com\/fr\/wp-json\/wp\/v2\/tags?post=517171"}],"curies":[{"name":"wp","href":"https:\/\/api.w.org\/{rel}","templated":true}]}}