{"id":517175,"date":"2025-11-07T01:23:14","date_gmt":"2025-11-07T01:23:14","guid":{"rendered":"https:\/\/www.europesays.com\/fr\/517175\/"},"modified":"2025-11-07T01:23:14","modified_gmt":"2025-11-07T01:23:14","slug":"massages-avec-finitions-dans-un-salon-de-marcq-en-baroeul-la-gerante-reconnue-coupable","status":"publish","type":"post","link":"https:\/\/www.europesays.com\/fr\/517175\/","title":{"rendered":"Massages avec \u00ab\u00a0finitions\u00a0\u00bb dans un salon de Marcq-en-Bar\u0153ul : la g\u00e9rante reconnue coupable"},"content":{"rendered":"<p>            Par<br \/>\n        <strong><br \/>\n            <a href=\"https:\/\/actu.fr\/auteur\/margot-nicodeme\" title=\"Consulter tous les articles de Margot Nicod\u00e8me\" rel=\"nofollow noopener\" target=\"_blank\">Margot Nicod\u00e8me<\/a><br \/>\n        <\/strong><\/p>\n<p>        Publi\u00e9 le<\/p>\n<p>            6 nov. 2025 \u00e0 15h53        <\/p>\n<p><b>La g\u00e9rante du salon de massage<\/b> accus\u00e9e d\u2019y avoir accueilli des <b>prestations sexuelles avec \u00ab\u00a0finitions\u00a0\u00bb<\/b> \u00e9tait pr\u00e9sente au <a href=\"https:\/\/actu.fr\/hauts-de-france\/lille_59350\/au-tribunal-de-lille-le-deces-de-mathis-plane-sur-le-proces-dun-auteur-de-refus-dobtemperer-de-22-ans_63401072.html\" rel=\"nofollow noopener\" target=\"_blank\">tribunal de Lille<\/a> (Nord), ce jeudi 6 novembre 2025. Elle a entendu de ses oreilles sa condamnation, deux semaines apr\u00e8s son proc\u00e8s, le 23 octobre. D\u2019origine chinoise, elle a ainsi \u00e9t\u00e9 reconnue coupable d\u2019avoir \u00ab\u00a0tol\u00e9r\u00e9 la prostitution dans un lieu ouvert au public\u00a0\u00bb, \u00e0 savoir<b> son institut de bien-\u00eatre \u00e0 <a href=\"https:\/\/actu.fr\/hauts-de-france\/marcq-en-baroeul_59378\" rel=\"nofollow noopener\" target=\"_blank\">Marcq-en-Bar\u0153ul<\/a><\/b>, sur une p\u00e9riode comprise entre septembre 2024 et mars 2025. Ces pratiques avaient \u00e9t\u00e9 <a href=\"https:\/\/actu.fr\/hauts-de-france\/marcq-en-baroeul_59378\/la-gerante-dun-salon-de-massage-jugee-a-lille-pour-y-avoir-organise-et-exerce-des-activites-de-prostitution_63353467.html\" rel=\"nofollow noopener\" target=\"_blank\">r\u00e9v\u00e9l\u00e9es au grand jour par les conjointes de clients habitu\u00e9s<\/a> : celles-ci s\u2019\u00e9taient \u00e9tonn\u00e9es de d\u00e9penses inhabituelles sur les comptes de leurs maris.\u00a0<\/p>\n<p>Des prestations avec \u00ab\u00a0finitions\u00a0\u00bb \u00e0 Marcq-en-Bar\u0153ul : la masseuse condamn\u00e9e<\/p>\n<p class=\" wall-content\">\u00ab\u00a0Je n\u2019arrive plus \u00e0 finir le mois maintenant\u00a0\u00bb, avait m\u00eame alert\u00e9 une des compagnes bafou\u00e9es.<\/p>\n<p class=\" wall-content\">La g\u00e9rante du salon Natur\u00d4zen \u00e0 Marcq-en-Bar\u0153ul, \u00e2g\u00e9e de 51 ans, avait \u00e9t\u00e9 d\u00e9sign\u00e9e comme \u00e9tant l\u2019une des masseuses s\u2019adonnant \u00e0 des pratiques sexuelles. En l\u2019occurrence, des massages de type \u00ab\u00a0prostatique\u00a0\u00bb, \u00ab\u00a0naturiste avec finition manuelle\u00a0\u00bb, \u00ab\u00a0tantrique\u00a0\u00bb ou encore \u00ab\u00a0royal\u00a0\u00bb. Les enqu\u00eateurs, en interrogeant des clients masculins capt\u00e9s \u00e0 l\u2019entr\u00e9e ou \u00e0 la sortie du salon, avaient appris de l\u2019un d\u2019eux qu\u2019il avait re\u00e7u un massage \u00ab\u00a0jusqu\u2019\u00e0 \u00e9jaculation\u00a0\u00bb, sur proposition de l\u2019employ\u00e9e.<\/p>\n<p class=\" wall-content\">Des enregistrements t\u00e9l\u00e9phoniques diffus\u00e9s \u00e0 l\u2019audience n\u2019avaient laiss\u00e9 aucun doute sur les types de massages propos\u00e9s \u00e0 l\u2019institut. On y entendait toujours Lili, la g\u00e9rante, refuser de s\u2019\u00e9pancher davantage en ligne sur le sujet, enjoignant les clients \u00e0 voir directement sur place avec la masseuse.<\/p>\n<p class=\" wall-content\">Au moins une employ\u00e9e, en plus de Lili, aurait particip\u00e9 \u00e0 ces actes de nature sexuelle. Une somme de<b> 6\u2009665 \u20ac non d\u00e9clar\u00e9e<\/b> avait \u00e9galement \u00e9t\u00e9 retrouv\u00e9e au domicile de la patronne, ce qui pouvait correspondre aux recettes de ces \u00ab\u00a0suppl\u00e9ments\u00a0\u00bb sp\u00e9ciaux, toujours r\u00e9gl\u00e9s en liquide.<\/p>\n<p class=\" wall-content\">Pour ces faits de blanchiment d\u2019argent, la pr\u00e9venue a \u00e9t\u00e9 relax\u00e9e. Le tribunal a estim\u00e9 qu\u2019il n\u2019y avait pas assez d\u2019\u00e9l\u00e9ments pour lier cette somme aux prestations sexuelles. <b>Pour les faits de prostitution toutefois, Lili a bien \u00e9t\u00e9 condamn\u00e9e<\/b>, \u00e0 une peine de<b> 8 mois de prison<\/b> avec sursis.<\/p>\n<p>Votre r\u00e9gion, votre actu !<\/p>\n<p>Recevez chaque jour les infos qui comptent pour vous.<\/p>\n<p>\t<a href=\"https:\/\/actu.fr\/newsletter\" class=\"ac-btn ac-btn--corner ac-btn--medium ac-btn--blue800\" rel=\"nofollow noopener\" target=\"_blank\">S&rsquo;incrire<\/a><\/p>\n<p class=\" wall-content\">Elle devra aussi s\u2019acquitter d\u2019une<b> amende de 3 000 \u20ac,<\/b> et devra temporairement mettre un terme \u00e0 son activit\u00e9 : le salon Natur\u00d4zen devra <b>fermer pendant 3 ans<\/b>.<\/p>\n<p class=\" wall-content\">Personnalisez votre actualit\u00e9 en ajoutant vos villes et m\u00e9dias en favori avec <a href=\"https:\/\/moncompte.actu.fr\" title=\"D\u00e9couvez Mon Actu\" rel=\"nofollow noopener\" data-trk=\"{&quot;cta&quot;:{&quot;action&quot;:&quot;https:\\\/\\\/moncompte.actu.fr&quot;,&quot;category&quot;:&quot;mon compte&quot;,&quot;from&quot;:&quot;article footer&quot;,&quot;name&quot;:&quot;Mon actu&quot;,&quot;type&quot;:&quot;cta&quot;}}\" target=\"_blank\">Mon Actu<\/a>.<\/p>\n","protected":false},"excerpt":{"rendered":"Par Margot Nicod\u00e8me Publi\u00e9 le 6 nov. 2025 \u00e0 15h53 La g\u00e9rante du salon de massage accus\u00e9e d\u2019y&hellip;\n","protected":false},"author":2,"featured_media":517176,"comment_status":"","ping_status":"","sticky":false,"template":"","format":"standard","meta":{"footnotes":""},"categories":[2815],"tags":[1111,11,215,1777,674,118,1011,27,811,303,1307,12,2899,25],"class_list":{"0":"post-517175","1":"post","2":"type-post","3":"status-publish","4":"format-standard","5":"has-post-thumbnail","7":"category-lille","8":"tag-actu","9":"tag-actualites","10":"tag-commerce","11":"tag-eu","12":"tag-europe","13":"tag-faits-divers","14":"tag-fr","15":"tag-france","16":"tag-hauts-de-france","17":"tag-justice","18":"tag-lille","19":"tag-news","20":"tag-prostitution","21":"tag-republique-francaise"},"share_on_mastodon":{"url":"https:\/\/pubeurope.com\/@fr\/115505804300688210","error":""},"_links":{"self":[{"href":"https:\/\/www.europesays.com\/fr\/wp-json\/wp\/v2\/posts\/517175","targetHints":{"allow":["GET"]}}],"collection":[{"href":"https:\/\/www.europesays.com\/fr\/wp-json\/wp\/v2\/posts"}],"about":[{"href":"https:\/\/www.europesays.com\/fr\/wp-json\/wp\/v2\/types\/post"}],"author":[{"embeddable":true,"href":"https:\/\/www.europesays.com\/fr\/wp-json\/wp\/v2\/users\/2"}],"replies":[{"embeddable":true,"href":"https:\/\/www.europesays.com\/fr\/wp-json\/wp\/v2\/comments?post=517175"}],"version-history":[{"count":0,"href":"https:\/\/www.europesays.com\/fr\/wp-json\/wp\/v2\/posts\/517175\/revisions"}],"wp:featuredmedia":[{"embeddable":true,"href":"https:\/\/www.europesays.com\/fr\/wp-json\/wp\/v2\/media\/517176"}],"wp:attachment":[{"href":"https:\/\/www.europesays.com\/fr\/wp-json\/wp\/v2\/media?parent=517175"}],"wp:term":[{"taxonomy":"category","embeddable":true,"href":"https:\/\/www.europesays.com\/fr\/wp-json\/wp\/v2\/categories?post=517175"},{"taxonomy":"post_tag","embeddable":true,"href":"https:\/\/www.europesays.com\/fr\/wp-json\/wp\/v2\/tags?post=517175"}],"curies":[{"name":"wp","href":"https:\/\/api.w.org\/{rel}","templated":true}]}}