{"id":517183,"date":"2025-11-07T01:27:12","date_gmt":"2025-11-07T01:27:12","guid":{"rendered":"https:\/\/www.europesays.com\/fr\/517183\/"},"modified":"2025-11-07T01:27:12","modified_gmt":"2025-11-07T01:27:12","slug":"le-suspect-incarcere-a-lissue-de-laudience","status":"publish","type":"post","link":"https:\/\/www.europesays.com\/fr\/517183\/","title":{"rendered":"le suspect incarc\u00e9r\u00e9 \u00e0 l&rsquo;issue de l&rsquo;audience"},"content":{"rendered":"<p itemprop=\"description\"><strong>Ce jeudi, plusieurs pompiers ont manifest\u00e9 devant le tribunal correctionnel de Lyon.<\/strong><\/p>\n<p>Car durant l&rsquo;apr\u00e8s-midi, un individu violent a \u00e9t\u00e9 jug\u00e9 puis condamn\u00e9. Il avait, mardi apr\u00e8s-midi rue Beethoven \u00e0 V\u00e9nissieux, agress\u00e9 les pompiers et le SAMU qui tentaient de lui venir en aide alors qu&rsquo;il \u00e9tait pris de convulsions. A cette occasion, un groupe de jeunes hostiles s&rsquo;\u00e9tait form\u00e9, obligeant la police \u00e0 venir en renfort.<\/p>\n<p>Ce jeudi donc, le pr\u00e9venu a contest\u00e9 les faits. Mais les juges lyonnais n&rsquo;ont pas cru sa version et l&rsquo;ont condamn\u00e9 \u00e0 2 ans de prison, assortis de la r\u00e9vocation d&rsquo;un sursis de 6 mois. A l&rsquo;issue de l&rsquo;audience, il a \u00e9t\u00e9 \u00e9crou\u00e9.<\/p>\n<p>\u00ab\u00a0Le syndicat SUD se f\u00e9licite de cette prise en compte de la justice a la hauteur des faits reproch\u00e9s, en esp\u00e9rant la m\u00eame r\u00e9ponse sur l&rsquo;agression de notre coll\u00e8gue qui a subi une agression le 21 octobre dernier \u00e0 Lyon 9e apr\u00e8s r\u00e9ouverture de l&rsquo;enqu\u00eate par le parquet !\u00a0\u00bb, a r\u00e9agi le syndicat de pompiers.<\/p>\n","protected":false},"excerpt":{"rendered":"Ce jeudi, plusieurs pompiers ont manifest\u00e9 devant le tribunal correctionnel de Lyon. Car durant l&rsquo;apr\u00e8s-midi, un individu violent&hellip;\n","protected":false},"author":2,"featured_media":517184,"comment_status":"","ping_status":"","sticky":false,"template":"","format":"standard","meta":{"footnotes":""},"categories":[1889],"tags":[1111,11,2813,2190,2430,1109,251,1112,2811,1777,674,118,1011,27,1922,1110,1114,2428,2810,12,241,316,25,2812,517,800],"class_list":{"0":"post-517183","1":"post","2":"type-post","3":"status-publish","4":"format-standard","5":"has-post-thumbnail","7":"category-lyon","8":"tag-actu","9":"tag-actualites","10":"tag-article","11":"tag-asvel","12":"tag-auvergne-rhone-alpes","13":"tag-breves","14":"tag-culture","15":"tag-depeches","16":"tag-economique","17":"tag-eu","18":"tag-europe","19":"tag-faits-divers","20":"tag-fr","21":"tag-france","22":"tag-info","23":"tag-informations","24":"tag-infos","25":"tag-lyon","26":"tag-lyonmag","27":"tag-news","28":"tag-ol","29":"tag-politique","30":"tag-republique-francaise","31":"tag-sociale","32":"tag-sport","33":"tag-transports"},"share_on_mastodon":{"url":"https:\/\/pubeurope.com\/@fr\/115505820110793622","error":""},"_links":{"self":[{"href":"https:\/\/www.europesays.com\/fr\/wp-json\/wp\/v2\/posts\/517183","targetHints":{"allow":["GET"]}}],"collection":[{"href":"https:\/\/www.europesays.com\/fr\/wp-json\/wp\/v2\/posts"}],"about":[{"href":"https:\/\/www.europesays.com\/fr\/wp-json\/wp\/v2\/types\/post"}],"author":[{"embeddable":true,"href":"https:\/\/www.europesays.com\/fr\/wp-json\/wp\/v2\/users\/2"}],"replies":[{"embeddable":true,"href":"https:\/\/www.europesays.com\/fr\/wp-json\/wp\/v2\/comments?post=517183"}],"version-history":[{"count":0,"href":"https:\/\/www.europesays.com\/fr\/wp-json\/wp\/v2\/posts\/517183\/revisions"}],"wp:featuredmedia":[{"embeddable":true,"href":"https:\/\/www.europesays.com\/fr\/wp-json\/wp\/v2\/media\/517184"}],"wp:attachment":[{"href":"https:\/\/www.europesays.com\/fr\/wp-json\/wp\/v2\/media?parent=517183"}],"wp:term":[{"taxonomy":"category","embeddable":true,"href":"https:\/\/www.europesays.com\/fr\/wp-json\/wp\/v2\/categories?post=517183"},{"taxonomy":"post_tag","embeddable":true,"href":"https:\/\/www.europesays.com\/fr\/wp-json\/wp\/v2\/tags?post=517183"}],"curies":[{"name":"wp","href":"https:\/\/api.w.org\/{rel}","templated":true}]}}