{"id":517191,"date":"2025-11-07T01:33:15","date_gmt":"2025-11-07T01:33:15","guid":{"rendered":"https:\/\/www.europesays.com\/fr\/517191\/"},"modified":"2025-11-07T01:33:15","modified_gmt":"2025-11-07T01:33:15","slug":"essentiel-antwerp-ouvre-une-seconde-boutique-a-paris-et-prevoit-une-croissance-a-deux-chiffres-en-2025-2","status":"publish","type":"post","link":"https:\/\/www.europesays.com\/fr\/517191\/","title":{"rendered":"Essentiel Antwerp ouvre une seconde boutique \u00e0 Paris et pr\u00e9voit une croissance \u00e0 deux chiffres en 2025"},"content":{"rendered":"<p>\n                                    <b>Publi\u00e9 le<\/b><br \/>\n                                    <\/p>\n<p>                                        6 novembre 2025<\/p>\n<p class=\"article-content col-md-8 offset-md-1\">\n                                La marque de mode internationale <a class=\"fnwAddLinks\" href=\"https:\/\/tn.fashionnetwork.com\/tags-essentiel\" title=\"Essentiel\" rel=\"nofollow noopener\" target=\"_blank\">Essentiel<\/a> Antwerp anticipe une hausse de son chiffre d\u2019affaires d\u2019ici fin 2025 et poursuit ses projets retail et online, comme l\u2019a expliqu\u00e9 \u00e0 <a class=\"fnwAddLinks\" href=\"https:\/\/tn.fashionnetwork.com\/tags-fashionnetwork-com\" title=\"FashionNetwork.com\" rel=\"nofollow noopener\" target=\"_blank\">FashionNetwork.com<\/a> Esfan Eghtessadi, qui a fond\u00e9 la marque en 1999 \u00e0 Anvers avec Inge Onsea. En France, cette dynamique passe pour l&rsquo;inauguration d\u2019une boutique ce 7 novembre \u00e0 Paris, au 4 rue Guichard (XVIe arrondissement de Paris).<img decoding=\"async\" class=\"news-image\" style=\"width:100%;max-width:726px;\" src=\"https:\/\/www.europesays.com\/fr\/wp-content\/uploads\/2025\/11\/17b7.jpg\" alt=\"Essentiel Antwerp, automne-hiver 2025\/26\" loading=\"lazy\"\/>Essentiel Antwerp, automne-hiver 2025\/26 Franco-irano-belge et fils de la cr\u00e9atrice Nicole Cadine, il a grandi au c\u0153ur de la mode, dans un univers de tissus, de croquis et de collections.\n                            <\/p>\n<p>\n                                Cet article est une traduction automatique.\n                            <\/p>\n<p>\n                                Tous droits de reproduction et de repr\u00e9sentation r\u00e9serv\u00e9s.<br \/>\u00a9 2025 FashionNetwork.com\n                            <\/p>\n","protected":false},"excerpt":{"rendered":"Publi\u00e9 le 6 novembre 2025 La marque de mode internationale Essentiel Antwerp anticipe une hausse de son chiffre&hellip;\n","protected":false},"author":2,"featured_media":516725,"comment_status":"","ping_status":"","sticky":false,"template":"","format":"standard","meta":{"footnotes":""},"categories":[1888],"tags":[1111,1928,11,1927,2424,537,2423,31050,1777,674,18448,1011,27,2425,985,12,1926,2298,626,1925,2426,2427,25,2421,2422],"class_list":{"0":"post-517191","1":"post","2":"type-post","3":"status-publish","4":"format-standard","5":"has-post-thumbnail","7":"category-paris","8":"tag-actu","9":"tag-actu-paris","10":"tag-actualites","11":"tag-actualites-paris","12":"tag-beaute","13":"tag-contact","14":"tag-cosmetiques","15":"tag-essentiel","16":"tag-eu","17":"tag-europe","18":"tag-fashionnetwork-com","19":"tag-fr","20":"tag-france","21":"tag-luxe","22":"tag-mode","23":"tag-news","24":"tag-news-paris","25":"tag-parfum","26":"tag-paris","27":"tag-paris-news","28":"tag-professionnel","29":"tag-professionnels","30":"tag-republique-francaise","31":"tag-reseau","32":"tag-textile"},"share_on_mastodon":{"url":"https:\/\/pubeurope.com\/@fr\/115505843954713864","error":""},"_links":{"self":[{"href":"https:\/\/www.europesays.com\/fr\/wp-json\/wp\/v2\/posts\/517191","targetHints":{"allow":["GET"]}}],"collection":[{"href":"https:\/\/www.europesays.com\/fr\/wp-json\/wp\/v2\/posts"}],"about":[{"href":"https:\/\/www.europesays.com\/fr\/wp-json\/wp\/v2\/types\/post"}],"author":[{"embeddable":true,"href":"https:\/\/www.europesays.com\/fr\/wp-json\/wp\/v2\/users\/2"}],"replies":[{"embeddable":true,"href":"https:\/\/www.europesays.com\/fr\/wp-json\/wp\/v2\/comments?post=517191"}],"version-history":[{"count":0,"href":"https:\/\/www.europesays.com\/fr\/wp-json\/wp\/v2\/posts\/517191\/revisions"}],"wp:featuredmedia":[{"embeddable":true,"href":"https:\/\/www.europesays.com\/fr\/wp-json\/wp\/v2\/media\/516725"}],"wp:attachment":[{"href":"https:\/\/www.europesays.com\/fr\/wp-json\/wp\/v2\/media?parent=517191"}],"wp:term":[{"taxonomy":"category","embeddable":true,"href":"https:\/\/www.europesays.com\/fr\/wp-json\/wp\/v2\/categories?post=517191"},{"taxonomy":"post_tag","embeddable":true,"href":"https:\/\/www.europesays.com\/fr\/wp-json\/wp\/v2\/tags?post=517191"}],"curies":[{"name":"wp","href":"https:\/\/api.w.org\/{rel}","templated":true}]}}